{"id":2623,"date":"2018-07-30T00:00:00","date_gmt":"2018-07-29T22:00:00","guid":{"rendered":"https:\/\/www.shalom.it\/senza-categoria\/libri-per-la-estate-il-metodo-feldenkreis-secondo-mara-della-pergola-lo-sguardo-in-movimento-b57611\/"},"modified":"2024-05-31T00:17:23","modified_gmt":"2024-05-30T22:17:23","slug":"libri-per-la-estate-il-metodo-feldenkreis-secondo-mara-della-pergola-lo-sguardo-in-movimento-b57611","status":"publish","type":"post","link":"https:\/\/www.shalom.it\/news\/libri-per-la-estate-il-metodo-feldenkreis-secondo-mara-della-pergola-lo-sguardo-in-movimento-b57611\/","title":{"rendered":"Libri per l\u2019estate. Il metodo Feldenkrais secondo Mara Della Pergola: lo sguardo in movimento"},"content":{"rendered":"<p style=\"margin-bottom: 0px; font-stretch: normal; line-height: normal;\"><span style=\"-webkit-text-size-adjust: 100%;\">Quali sono le sensazioni che un\u2019opera d\u2019arte suscita nell\u2019osservatore? Il libro \u201cLo sguardo in movimento \u2013 Arte, trasformazione e metodo Feldenkrais\u201d risponde a questo quesito. Come il titolo del libro preannuncia, il movimento, non solo degli occhi ma della corporeit\u00e0 in genere, fa entrare l\u2019osservatore nell\u2019opera stessa. Questo percorso di analisi, che ha come meta la conoscenza del s\u00e9, \u00e8 chiarito da Mara Della Pergola, unica allieva italiana di Moshe Feldenkrais, che grazie agli insegnamenti e alla conoscenza diretta del maestro \u00e8 riuscita a buttare gi\u00f9 un libro che non \u00e8 n\u00e9 un manuale n\u00e9 un vademecum, ma un saggio divulgativo sulla \u201cfondamenta\u201d psicosomatiche, ovvero su quelle esperienze che ci accompagnano fin dalla nascita. Il libro presenta l\u2019organicit\u00e0 del metodo Feldenkrais che integra diversi campi d\u2019indagine: da quello sensitivo, a quello motorio, cognitivo ed emotivo.<\/span><span style=\"-webkit-text-size-adjust: 100%;\">&nbsp; <\/span><span style=\"-webkit-text-size-adjust: 100%;\">Lo sguardo verso l\u2019arte \u00e8 ci\u00f2 che d\u00e0 avvio alla curiosit\u00e0 e dunque all\u2019apprendimento accomunando adulti e piccini. Partire dalla cultura \u00e8 un buon stratagemma: avvicina i pi\u00f9 curiosi spiegando loro che tale metodo non serve solo a curare il mal di schiena, ma anche a cambiare la percezione che abbiamo di noi.<\/span><span style=\"-webkit-text-size-adjust: 100%;\">&nbsp;<\/span><\/p>\n<\/p>\n<p style=\"margin-bottom: 0px; font-stretch: normal; line-height: normal;\">Marta Spizzichino<\/p>\n","protected":false},"excerpt":{"rendered":"<p>Quali sono le sensazioni che un\u2019opera d\u2019arte suscita nell\u2019osservatore? Il libro \u201cLo sguardo in movimento \u2013 Arte, trasformazione e metodo Feldenkrais\u201d risponde a questo quesito. Come il titolo del libro preannuncia, il movimento, non solo degli occhi ma della corporeit\u00e0 in genere, fa entrare l\u2019osservatore nell\u2019opera stessa. Questo percorso di analisi, che ha come meta [&hellip;]<\/p>\n","protected":false},"author":28,"featured_media":2624,"comment_status":"open","ping_status":"open","sticky":false,"template":"","format":"standard","meta":{"_acf_changed":false,"_jetpack_memberships_contains_paid_content":false,"footnotes":""},"categories":[13],"tags":[],"class_list":["post-2623","post","type-post","status-publish","format-standard","has-post-thumbnail","hentry","category-news"],"acf":[],"yoast_head":"<!-- This site is optimized with the Yoast SEO plugin v26.9 - https:\/\/yoast.com\/product\/yoast-seo-wordpress\/ -->\n<title>Libri per l\u2019estate. Il metodo Feldenkrais secondo Mara Della Pergola: lo sguardo in movimento - Shalom<\/title>\n<meta name=\"robots\" content=\"index, follow, max-snippet:-1, max-image-preview:large, max-video-preview:-1\" \/>\n<link rel=\"canonical\" href=\"https:\/\/www.shalom.it\/news\/libri-per-la-estate-il-metodo-feldenkreis-secondo-mara-della-pergola-lo-sguardo-in-movimento-b57611\/\" \/>\n<meta property=\"og:locale\" content=\"it_IT\" \/>\n<meta property=\"og:type\" content=\"article\" \/>\n<meta property=\"og:title\" content=\"Libri per l\u2019estate. Il metodo Feldenkrais secondo Mara Della Pergola: lo sguardo in movimento - Shalom\" \/>\n<meta property=\"og:description\" content=\"Quali sono le sensazioni che un\u2019opera d\u2019arte suscita nell\u2019osservatore? Il libro \u201cLo sguardo in movimento \u2013 Arte, trasformazione e metodo Feldenkrais\u201d risponde a questo quesito. Come il titolo del libro preannuncia, il movimento, non solo degli occhi ma della corporeit\u00e0 in genere, fa entrare l\u2019osservatore nell\u2019opera stessa. Questo percorso di analisi, che ha come meta [&hellip;]\" \/>\n<meta property=\"og:url\" content=\"https:\/\/www.shalom.it\/news\/libri-per-la-estate-il-metodo-feldenkreis-secondo-mara-della-pergola-lo-sguardo-in-movimento-b57611\/\" \/>\n<meta property=\"og:site_name\" content=\"Shalom\" \/>\n<meta property=\"article:published_time\" content=\"2018-07-29T22:00:00+00:00\" \/>\n<meta property=\"article:modified_time\" content=\"2024-05-30T22:17:23+00:00\" \/>\n<meta property=\"og:image\" content=\"https:\/\/www.shalom.it\/wp-content\/uploads\/2021\/08\/41GLKrNi6SL._SX356_BO1204203200_-2.jpg\" \/>\n\t<meta property=\"og:image:width\" content=\"358\" \/>\n\t<meta property=\"og:image:height\" content=\"499\" \/>\n\t<meta property=\"og:image:type\" content=\"image\/jpeg\" \/>\n<meta name=\"author\" content=\"martaspizzichino\" \/>\n<meta name=\"twitter:card\" content=\"summary_large_image\" \/>\n<meta name=\"twitter:label1\" content=\"Scritto da\" \/>\n\t<meta name=\"twitter:data1\" content=\"martaspizzichino\" \/>\n\t<meta name=\"twitter:label2\" content=\"Tempo di lettura stimato\" \/>\n\t<meta name=\"twitter:data2\" content=\"1 minuto\" \/>\n<script type=\"application\/ld+json\" class=\"yoast-schema-graph\">{\"@context\":\"https:\/\/schema.org\",\"@graph\":[{\"@type\":\"Article\",\"@id\":\"https:\/\/www.shalom.it\/news\/libri-per-la-estate-il-metodo-feldenkreis-secondo-mara-della-pergola-lo-sguardo-in-movimento-b57611\/#article\",\"isPartOf\":{\"@id\":\"https:\/\/www.shalom.it\/news\/libri-per-la-estate-il-metodo-feldenkreis-secondo-mara-della-pergola-lo-sguardo-in-movimento-b57611\/\"},\"author\":{\"name\":\"martaspizzichino\",\"@id\":\"https:\/\/www.shalom.it\/#\/schema\/person\/4934c6e17e22e85cf3abdcacc5186f76\"},\"headline\":\"Libri per l\u2019estate. Il metodo Feldenkrais secondo Mara Della Pergola: lo sguardo in movimento\",\"datePublished\":\"2018-07-29T22:00:00+00:00\",\"dateModified\":\"2024-05-30T22:17:23+00:00\",\"mainEntityOfPage\":{\"@id\":\"https:\/\/www.shalom.it\/news\/libri-per-la-estate-il-metodo-feldenkreis-secondo-mara-della-pergola-lo-sguardo-in-movimento-b57611\/\"},\"wordCount\":210,\"commentCount\":0,\"image\":{\"@id\":\"https:\/\/www.shalom.it\/news\/libri-per-la-estate-il-metodo-feldenkreis-secondo-mara-della-pergola-lo-sguardo-in-movimento-b57611\/#primaryimage\"},\"thumbnailUrl\":\"https:\/\/www.shalom.it\/wp-content\/uploads\/2021\/08\/41GLKrNi6SL._SX356_BO1204203200_-2.jpg\",\"articleSection\":[\"NEWS\"],\"inLanguage\":\"it-IT\"},{\"@type\":\"WebPage\",\"@id\":\"https:\/\/www.shalom.it\/news\/libri-per-la-estate-il-metodo-feldenkreis-secondo-mara-della-pergola-lo-sguardo-in-movimento-b57611\/\",\"url\":\"https:\/\/www.shalom.it\/news\/libri-per-la-estate-il-metodo-feldenkreis-secondo-mara-della-pergola-lo-sguardo-in-movimento-b57611\/\",\"name\":\"Libri per l\u2019estate. Il metodo Feldenkrais secondo Mara Della Pergola: lo sguardo in movimento - Shalom\",\"isPartOf\":{\"@id\":\"https:\/\/www.shalom.it\/#website\"},\"primaryImageOfPage\":{\"@id\":\"https:\/\/www.shalom.it\/news\/libri-per-la-estate-il-metodo-feldenkreis-secondo-mara-della-pergola-lo-sguardo-in-movimento-b57611\/#primaryimage\"},\"image\":{\"@id\":\"https:\/\/www.shalom.it\/news\/libri-per-la-estate-il-metodo-feldenkreis-secondo-mara-della-pergola-lo-sguardo-in-movimento-b57611\/#primaryimage\"},\"thumbnailUrl\":\"https:\/\/www.shalom.it\/wp-content\/uploads\/2021\/08\/41GLKrNi6SL._SX356_BO1204203200_-2.jpg\",\"datePublished\":\"2018-07-29T22:00:00+00:00\",\"dateModified\":\"2024-05-30T22:17:23+00:00\",\"author\":{\"@id\":\"https:\/\/www.shalom.it\/#\/schema\/person\/4934c6e17e22e85cf3abdcacc5186f76\"},\"breadcrumb\":{\"@id\":\"https:\/\/www.shalom.it\/news\/libri-per-la-estate-il-metodo-feldenkreis-secondo-mara-della-pergola-lo-sguardo-in-movimento-b57611\/#breadcrumb\"},\"inLanguage\":\"it-IT\",\"potentialAction\":[{\"@type\":\"ReadAction\",\"target\":[\"https:\/\/www.shalom.it\/news\/libri-per-la-estate-il-metodo-feldenkreis-secondo-mara-della-pergola-lo-sguardo-in-movimento-b57611\/\"]}]},{\"@type\":\"ImageObject\",\"inLanguage\":\"it-IT\",\"@id\":\"https:\/\/www.shalom.it\/news\/libri-per-la-estate-il-metodo-feldenkreis-secondo-mara-della-pergola-lo-sguardo-in-movimento-b57611\/#primaryimage\",\"url\":\"https:\/\/www.shalom.it\/wp-content\/uploads\/2021\/08\/41GLKrNi6SL._SX356_BO1204203200_-2.jpg\",\"contentUrl\":\"https:\/\/www.shalom.it\/wp-content\/uploads\/2021\/08\/41GLKrNi6SL._SX356_BO1204203200_-2.jpg\",\"width\":358,\"height\":499},{\"@type\":\"BreadcrumbList\",\"@id\":\"https:\/\/www.shalom.it\/news\/libri-per-la-estate-il-metodo-feldenkreis-secondo-mara-della-pergola-lo-sguardo-in-movimento-b57611\/#breadcrumb\",\"itemListElement\":[{\"@type\":\"ListItem\",\"position\":1,\"name\":\"Home\",\"item\":\"https:\/\/www.shalom.it\/\"},{\"@type\":\"ListItem\",\"position\":2,\"name\":\"Libri per l\u2019estate. Il metodo Feldenkrais secondo Mara Della Pergola: lo sguardo in movimento\"}]},{\"@type\":\"WebSite\",\"@id\":\"https:\/\/www.shalom.it\/#website\",\"url\":\"https:\/\/www.shalom.it\/\",\"name\":\"Shalom\",\"description\":\"Il Magazine della comunit\u00e0 ebraica di Roma\",\"potentialAction\":[{\"@type\":\"SearchAction\",\"target\":{\"@type\":\"EntryPoint\",\"urlTemplate\":\"https:\/\/www.shalom.it\/?s={search_term_string}\"},\"query-input\":{\"@type\":\"PropertyValueSpecification\",\"valueRequired\":true,\"valueName\":\"search_term_string\"}}],\"inLanguage\":\"it-IT\"},{\"@type\":\"Person\",\"@id\":\"https:\/\/www.shalom.it\/#\/schema\/person\/4934c6e17e22e85cf3abdcacc5186f76\",\"name\":\"martaspizzichino\",\"description\":\"Romana da generazioni, addirittura dal 60 a.e.v. anno pi\u00f9 anno meno. Laureata in Filosofia presso l\u2019Universit\u00e0 di Roma &quot;La Sapienza&quot;. Nella redazione di Shalom e di Hatikw\u00e0 (giornale ufficiale dell\u2019Unione dei giovani ebrei italiani) si occupa della sezione cultura. Nel tempo libero dipinge e fotografa. Gi\u00e0 sa che in futuro suoner\u00e0 il violoncello e imparer\u00e0 a distinguere i frutti commestibili da quelli velenosi, cos\u00ec da non morire durante le gite in montagna.\",\"url\":\"https:\/\/www.shalom.it\/author\/martaspizzichino\/\"}]}<\/script>\n<!-- \/ Yoast SEO plugin. -->","yoast_head_json":{"title":"Libri per l\u2019estate. Il metodo Feldenkrais secondo Mara Della Pergola: lo sguardo in movimento - Shalom","robots":{"index":"index","follow":"follow","max-snippet":"max-snippet:-1","max-image-preview":"max-image-preview:large","max-video-preview":"max-video-preview:-1"},"canonical":"https:\/\/www.shalom.it\/news\/libri-per-la-estate-il-metodo-feldenkreis-secondo-mara-della-pergola-lo-sguardo-in-movimento-b57611\/","og_locale":"it_IT","og_type":"article","og_title":"Libri per l\u2019estate. Il metodo Feldenkrais secondo Mara Della Pergola: lo sguardo in movimento - Shalom","og_description":"Quali sono le sensazioni che un\u2019opera d\u2019arte suscita nell\u2019osservatore? Il libro \u201cLo sguardo in movimento \u2013 Arte, trasformazione e metodo Feldenkrais\u201d risponde a questo quesito. Come il titolo del libro preannuncia, il movimento, non solo degli occhi ma della corporeit\u00e0 in genere, fa entrare l\u2019osservatore nell\u2019opera stessa. Questo percorso di analisi, che ha come meta [&hellip;]","og_url":"https:\/\/www.shalom.it\/news\/libri-per-la-estate-il-metodo-feldenkreis-secondo-mara-della-pergola-lo-sguardo-in-movimento-b57611\/","og_site_name":"Shalom","article_published_time":"2018-07-29T22:00:00+00:00","article_modified_time":"2024-05-30T22:17:23+00:00","og_image":[{"width":358,"height":499,"url":"https:\/\/www.shalom.it\/wp-content\/uploads\/2021\/08\/41GLKrNi6SL._SX356_BO1204203200_-2.jpg","type":"image\/jpeg"}],"author":"martaspizzichino","twitter_card":"summary_large_image","twitter_misc":{"Scritto da":"martaspizzichino","Tempo di lettura stimato":"1 minuto"},"schema":{"@context":"https:\/\/schema.org","@graph":[{"@type":"Article","@id":"https:\/\/www.shalom.it\/news\/libri-per-la-estate-il-metodo-feldenkreis-secondo-mara-della-pergola-lo-sguardo-in-movimento-b57611\/#article","isPartOf":{"@id":"https:\/\/www.shalom.it\/news\/libri-per-la-estate-il-metodo-feldenkreis-secondo-mara-della-pergola-lo-sguardo-in-movimento-b57611\/"},"author":{"name":"martaspizzichino","@id":"https:\/\/www.shalom.it\/#\/schema\/person\/4934c6e17e22e85cf3abdcacc5186f76"},"headline":"Libri per l\u2019estate. Il metodo Feldenkrais secondo Mara Della Pergola: lo sguardo in movimento","datePublished":"2018-07-29T22:00:00+00:00","dateModified":"2024-05-30T22:17:23+00:00","mainEntityOfPage":{"@id":"https:\/\/www.shalom.it\/news\/libri-per-la-estate-il-metodo-feldenkreis-secondo-mara-della-pergola-lo-sguardo-in-movimento-b57611\/"},"wordCount":210,"commentCount":0,"image":{"@id":"https:\/\/www.shalom.it\/news\/libri-per-la-estate-il-metodo-feldenkreis-secondo-mara-della-pergola-lo-sguardo-in-movimento-b57611\/#primaryimage"},"thumbnailUrl":"https:\/\/www.shalom.it\/wp-content\/uploads\/2021\/08\/41GLKrNi6SL._SX356_BO1204203200_-2.jpg","articleSection":["NEWS"],"inLanguage":"it-IT"},{"@type":"WebPage","@id":"https:\/\/www.shalom.it\/news\/libri-per-la-estate-il-metodo-feldenkreis-secondo-mara-della-pergola-lo-sguardo-in-movimento-b57611\/","url":"https:\/\/www.shalom.it\/news\/libri-per-la-estate-il-metodo-feldenkreis-secondo-mara-della-pergola-lo-sguardo-in-movimento-b57611\/","name":"Libri per l\u2019estate. Il metodo Feldenkrais secondo Mara Della Pergola: lo sguardo in movimento - Shalom","isPartOf":{"@id":"https:\/\/www.shalom.it\/#website"},"primaryImageOfPage":{"@id":"https:\/\/www.shalom.it\/news\/libri-per-la-estate-il-metodo-feldenkreis-secondo-mara-della-pergola-lo-sguardo-in-movimento-b57611\/#primaryimage"},"image":{"@id":"https:\/\/www.shalom.it\/news\/libri-per-la-estate-il-metodo-feldenkreis-secondo-mara-della-pergola-lo-sguardo-in-movimento-b57611\/#primaryimage"},"thumbnailUrl":"https:\/\/www.shalom.it\/wp-content\/uploads\/2021\/08\/41GLKrNi6SL._SX356_BO1204203200_-2.jpg","datePublished":"2018-07-29T22:00:00+00:00","dateModified":"2024-05-30T22:17:23+00:00","author":{"@id":"https:\/\/www.shalom.it\/#\/schema\/person\/4934c6e17e22e85cf3abdcacc5186f76"},"breadcrumb":{"@id":"https:\/\/www.shalom.it\/news\/libri-per-la-estate-il-metodo-feldenkreis-secondo-mara-della-pergola-lo-sguardo-in-movimento-b57611\/#breadcrumb"},"inLanguage":"it-IT","potentialAction":[{"@type":"ReadAction","target":["https:\/\/www.shalom.it\/news\/libri-per-la-estate-il-metodo-feldenkreis-secondo-mara-della-pergola-lo-sguardo-in-movimento-b57611\/"]}]},{"@type":"ImageObject","inLanguage":"it-IT","@id":"https:\/\/www.shalom.it\/news\/libri-per-la-estate-il-metodo-feldenkreis-secondo-mara-della-pergola-lo-sguardo-in-movimento-b57611\/#primaryimage","url":"https:\/\/www.shalom.it\/wp-content\/uploads\/2021\/08\/41GLKrNi6SL._SX356_BO1204203200_-2.jpg","contentUrl":"https:\/\/www.shalom.it\/wp-content\/uploads\/2021\/08\/41GLKrNi6SL._SX356_BO1204203200_-2.jpg","width":358,"height":499},{"@type":"BreadcrumbList","@id":"https:\/\/www.shalom.it\/news\/libri-per-la-estate-il-metodo-feldenkreis-secondo-mara-della-pergola-lo-sguardo-in-movimento-b57611\/#breadcrumb","itemListElement":[{"@type":"ListItem","position":1,"name":"Home","item":"https:\/\/www.shalom.it\/"},{"@type":"ListItem","position":2,"name":"Libri per l\u2019estate. Il metodo Feldenkrais secondo Mara Della Pergola: lo sguardo in movimento"}]},{"@type":"WebSite","@id":"https:\/\/www.shalom.it\/#website","url":"https:\/\/www.shalom.it\/","name":"Shalom","description":"Il Magazine della comunit\u00e0 ebraica di Roma","potentialAction":[{"@type":"SearchAction","target":{"@type":"EntryPoint","urlTemplate":"https:\/\/www.shalom.it\/?s={search_term_string}"},"query-input":{"@type":"PropertyValueSpecification","valueRequired":true,"valueName":"search_term_string"}}],"inLanguage":"it-IT"},{"@type":"Person","@id":"https:\/\/www.shalom.it\/#\/schema\/person\/4934c6e17e22e85cf3abdcacc5186f76","name":"martaspizzichino","description":"Romana da generazioni, addirittura dal 60 a.e.v. anno pi\u00f9 anno meno. Laureata in Filosofia presso l\u2019Universit\u00e0 di Roma &quot;La Sapienza&quot;. Nella redazione di Shalom e di Hatikw\u00e0 (giornale ufficiale dell\u2019Unione dei giovani ebrei italiani) si occupa della sezione cultura. Nel tempo libero dipinge e fotografa. Gi\u00e0 sa che in futuro suoner\u00e0 il violoncello e imparer\u00e0 a distinguere i frutti commestibili da quelli velenosi, cos\u00ec da non morire durante le gite in montagna.","url":"https:\/\/www.shalom.it\/author\/martaspizzichino\/"}]}},"jetpack_featured_media_url":"https:\/\/www.shalom.it\/wp-content\/uploads\/2021\/08\/41GLKrNi6SL._SX356_BO1204203200_-2.jpg","jetpack_sharing_enabled":true,"_links":{"self":[{"href":"https:\/\/www.shalom.it\/wp-json\/wp\/v2\/posts\/2623","targetHints":{"allow":["GET"]}}],"collection":[{"href":"https:\/\/www.shalom.it\/wp-json\/wp\/v2\/posts"}],"about":[{"href":"https:\/\/www.shalom.it\/wp-json\/wp\/v2\/types\/post"}],"author":[{"embeddable":true,"href":"https:\/\/www.shalom.it\/wp-json\/wp\/v2\/users\/28"}],"replies":[{"embeddable":true,"href":"https:\/\/www.shalom.it\/wp-json\/wp\/v2\/comments?post=2623"}],"version-history":[{"count":1,"href":"https:\/\/www.shalom.it\/wp-json\/wp\/v2\/posts\/2623\/revisions"}],"predecessor-version":[{"id":8952,"href":"https:\/\/www.shalom.it\/wp-json\/wp\/v2\/posts\/2623\/revisions\/8952"}],"wp:featuredmedia":[{"embeddable":true,"href":"https:\/\/www.shalom.it\/wp-json\/wp\/v2\/media\/2624"}],"wp:attachment":[{"href":"https:\/\/www.shalom.it\/wp-json\/wp\/v2\/media?parent=2623"}],"wp:term":[{"taxonomy":"category","embeddable":true,"href":"https:\/\/www.shalom.it\/wp-json\/wp\/v2\/categories?post=2623"},{"taxonomy":"post_tag","embeddable":true,"href":"https:\/\/www.shalom.it\/wp-json\/wp\/v2\/tags?post=2623"}],"curies":[{"name":"wp","href":"https:\/\/api.w.org\/{rel}","templated":true}]}}