{"id":148551,"date":"2026-09-06T12:51:26","date_gmt":"2026-09-06T10:51:26","guid":{"rendered":"https:\/\/www.shalom.it\/?p=148551"},"modified":"2026-09-06T12:53:25","modified_gmt":"2026-09-06T10:53:25","slug":"giornata-europea-della-cultura-ebraica-aperta-a-roma-ledizione-dedicata-allamore","status":"publish","type":"post","link":"https:\/\/www.shalom.it\/cultura\/giornata-europea-della-cultura-ebraica-aperta-a-roma-ledizione-dedicata-allamore\/","title":{"rendered":"Giornata Europea della Cultura Ebraica, aperta a Roma l\u2019edizione dedicata all\u2019Amore"},"content":{"rendered":"<p>Si \u00e8 aperta anche a Roma la 27a edizione della Giornata Europea della Cultura Ebraica, l\u2019appuntamento promosso in tutta Italia dall\u2019Unione delle Comunit\u00e0 Ebraiche Italiane e dedicato quest\u2019anno al tema \u201cAmore\u201d. Nella Capitale, la Giornata ha costituito come ogni anno l\u2019occasione per condividere con la cittadinanza gli oltre duemila anni di presenza ebraica sul territorio e l\u2019enorme patrimonio che in questo ampio lasso di tempo si \u00e8 costruito.<br \/>\nIl programma ha preso il via questa mattina ai Giardini del Tempio, con l\u2019apertura ufficiale e i saluti della Direttrice del Centro di Cultura Ebraica Giorgia Cal\u00f2 e del vicepresidente della Comunit\u00e0 Ebraica di Roma Alessandro Luzon.<br \/>\nIl tema scelto per questa edizione attraversa l\u2019intero programma romano, declinando l\u2019amore nelle sue molteplici dimensioni: spirituale, culturale, scientifica, artistica e comunitaria.<br \/>\n\u201cOggi con questa serie di incontri e di esperienze proponiamo una serie di riflessioni su quella straordinaria storia d\u2019amore che \u00e8 la cultura ebraica\u201d ha sottolineato Giorgia Cal\u00f2. L\u2019importanza della condivisione del proprio patrimonio con l\u2019esterno \u00e8 stata al centro dell\u2019intervento di Luzon, che \u00e8 intervenuto anche sulla funzione strategica dell\u2019amore nell\u2019ebraismo: ne rappresenta un perno e si concretizza in molteplici ambiti, proprio come questa giornata si impegna ad illustrare.<\/p>\n<p><img loading=\"lazy\" decoding=\"async\" class=\"alignnone size-full wp-image-148553\" src=\"https:\/\/www.shalom.it\/wp-content\/uploads\/2026\/09\/alex.jpeg\" alt=\"\" width=\"1024\" height=\"768\" srcset=\"https:\/\/www.shalom.it\/wp-content\/uploads\/2026\/09\/alex.jpeg 1024w, https:\/\/www.shalom.it\/wp-content\/uploads\/2026\/09\/alex-300x225.jpeg 300w, https:\/\/www.shalom.it\/wp-content\/uploads\/2026\/09\/alex-768x576.jpeg 768w\" sizes=\"auto, (max-width: 1024px) 100vw, 1024px\" \/><\/p>\n<p>La Vice Capo di Gabinetto del Presidente della Regione Lazio Civita Di Russo ha sottolineato l\u2019importanza del dialogo interreligioso e interculturale, identificando questa Giornata come un momento fondamentale per conoscersi reciprocamente attraverso un tema particolarmente significativo. Alessandra Sermoneta, Vicepresidente del I Municipio e delegata sindaco Gualtieri ha definito la Giornata come un\u2019occasione per condividere un patrimonio di oltre duemila anni che continua a svilupparsi.<br \/>\nDopo l\u2019apertura, il primo incontro \u00e8 stato dedicato all\u2019\u201cAmore verso D-o\u201d, con gli interventi di Rav Roberto Colombo, Anna Arbib, Alberto Sonnino e Shulim Vogelmann, moderati da Claudio Procaccia, Direttore del Dipartimento di Beni e Attivit\u00e0 Culturali della CER.<\/p>\n<p><img loading=\"lazy\" decoding=\"async\" class=\"alignnone size-full wp-image-148554\" src=\"https:\/\/www.shalom.it\/wp-content\/uploads\/2026\/09\/amore-d-o.jpeg\" alt=\"\" width=\"1024\" height=\"768\" srcset=\"https:\/\/www.shalom.it\/wp-content\/uploads\/2026\/09\/amore-d-o.jpeg 1024w, https:\/\/www.shalom.it\/wp-content\/uploads\/2026\/09\/amore-d-o-300x225.jpeg 300w, https:\/\/www.shalom.it\/wp-content\/uploads\/2026\/09\/amore-d-o-768x576.jpeg 768w\" sizes=\"auto, (max-width: 1024px) 100vw, 1024px\" \/><br \/>\nRav Colombo ha fatto partire il proprio ragionamento dall\u2019amare D-o come precetto, che pu\u00f2 apparire particolare ma che costituisce l\u2019essenza stessa dell\u2019ebraismo e la base dell\u2019interazione con il prossimo. Ha quindi spiegato l\u2019imprescindibile connessione tra le azioni e il sentimento, con l\u2019amore che ne costituisce il motore.<br \/>\nLa professoressa Anna Arbib ha spiegato come in questo mese di Elul il popolo ebraico si riconcili con D-o, in attesa delle festivit\u00e0 che apriranno il nuovo anno, a partire da Rosh HaShan\u00e0 e Kippur, con l\u2019espiazione e la teshuv\u00e0, il pentimento. Un intervento che ha messo in relazione i riferimenti biblici con le vicende dell\u2019attualit\u00e0, concludendo con l\u2019auspcio di un anno di pace.<br \/>\nLo psichiatra e psicanalista Alberto Sonnino ha parlato dell\u2019amore per se stessi come elemento imprescindibile dell\u2019identit\u00e0 ebraica, che ha permesso la conservazione del popolo ebraico nel corso dei secoli attraverso la resilienza e il rispetto, valori che mancano proprio agli odiatori che ne vorrebbero la distruzione. L\u2019editore Shulim Vogelmann ha spiegato l\u2019interpretazione data dall\u2019amore nell\u2019ebraismo da Rav Sacks attraverso diversi riferimenti biblici.<br \/>\nLa mattinata \u00e8 proseguita con l\u2019appuntamento \u201cAmore per la scienza\u201d, che ha visto la partecipazione di Paolo Agnoli, Enzo Campelli, Piera Levi Montalcini e Aldo Winkler, moderati da Ruben Spizzichino. Un confronto dedicato al rapporto tra conoscenza, responsabilit\u00e0 e ricerca.<\/p>\n<p><img loading=\"lazy\" decoding=\"async\" class=\"alignnone size-full wp-image-148552\" src=\"https:\/\/www.shalom.it\/wp-content\/uploads\/2026\/09\/agnoli-montal.jpeg\" alt=\"\" width=\"840\" height=\"630\" srcset=\"https:\/\/www.shalom.it\/wp-content\/uploads\/2026\/09\/agnoli-montal.jpeg 840w, https:\/\/www.shalom.it\/wp-content\/uploads\/2026\/09\/agnoli-montal-300x225.jpeg 300w, https:\/\/www.shalom.it\/wp-content\/uploads\/2026\/09\/agnoli-montal-768x576.jpeg 768w\" sizes=\"auto, (max-width: 840px) 100vw, 840px\" \/><br \/>\nIl fisico Paolo Agnoli ha messo al centro del suo intervento il culto dello studio che ha da sempre animato l\u2019ebraismo insieme al dibattito che \u00e8 alla base della religione stessa. Sono proprio questi elementi che hanno permesso negli anni al popolo ebraico di ottenere risultati importanti come testimoniano i tanti Premi Nobel.<br \/>\nA proposito di Nobel, Piera Levi Montalcini ha ricordato la ricerca scientifica della zia Rita attraverso la storia di famiglia.<\/p>\n<p>Il sociologo Enzo Campelli ha analizzato l&#8217;evolversi della Scienza negli ultimi secoli e il ruolo dello scienziato nel leggere la realt\u00e0. Il fisico Aldo Winkler si \u00e8 soffermato su tre storie eccezionali di resilienza e progresso personale e scientifico, attraverso i brevi racconti su Lucia Bedarida Servadio, Leone Anticoli e Gabriele Veneziano.<\/p>\n<p><img loading=\"lazy\" decoding=\"async\" class=\"alignnone size-large wp-image-148556\" src=\"https:\/\/www.shalom.it\/wp-content\/uploads\/2026\/09\/aldo-e-enzo-1024x576.jpeg\" alt=\"\" width=\"800\" height=\"450\" srcset=\"https:\/\/www.shalom.it\/wp-content\/uploads\/2026\/09\/aldo-e-enzo-1024x576.jpeg 1024w, https:\/\/www.shalom.it\/wp-content\/uploads\/2026\/09\/aldo-e-enzo-300x169.jpeg 300w, https:\/\/www.shalom.it\/wp-content\/uploads\/2026\/09\/aldo-e-enzo-768x432.jpeg 768w, https:\/\/www.shalom.it\/wp-content\/uploads\/2026\/09\/aldo-e-enzo.jpeg 1120w\" sizes=\"auto, (max-width: 800px) 100vw, 800px\" \/><\/p>\n<p>Gli appuntamenti proseguiranno nel pomeriggio, sempre ai Giardini del Tempio, con l\u2019incontro \u201cAmore per la terra. Tra arte e letteratura\u201d, con Roberta Ascarelli, Ilana Efrati e Laura Quercioli, moderato da Giorgia Cal\u00f2. A seguire, al Museo Ebraico di Roma, \u00e8 previsto il concerto \u201cAmoR \/ RomA\u201d, con Shak\u00e8d Bar, Claudio Di Segni e Salvatore Carchiolo.<br \/>\nLa giornata romana coinvolge anche altri luoghi della cultura ebraica cittadina. La Libreria Ebraica Kiryat Sefer rester\u00e0 aperta fino alle 19 e ospiter\u00e0 alle 18.30 l\u2019incontro e firmacopie con Yarona Pinhas per l\u2019uscita del suo ultimo libro, mentre alle 19 la Biblioteca Nazionale dell\u2019Ebraismo Italiano \u201cTullia Zevi\u201d proporr\u00e0 la visita alla mostra \u201cDifendere e diffondere la cultura nostra\u201d, dedicata alla storia della Federazione delle Associazioni Culturali Ebraiche, al suo archivio e alla Biblioteca Nazionale dell\u2019Ebraismo Italiano. Anche le altre sinagoghe, l\u2019Archivio storico, il Museo ebraico e gli altri siti religiosi e culturali sono oggi aperti per condividere il patrimonio ebraico romano con l\u2019esterno.<br \/>\nL\u2019edizione 2026 della Giornata Europea della Cultura Ebraica coinvolge complessivamente 112 localit\u00e0 in 17 regioni italiane, con Bologna come citt\u00e0 capofila. Coordinata in Italia dall\u2019Unione delle Comunit\u00e0 Ebraiche Italiane e promossa a livello europeo dalla European Association for the Preservation and Promotion of Jewish Culture and Heritage, la manifestazione \u00e8 ormai uno degli appuntamenti culturali pi\u00f9 partecipati del Paese. Citt\u00e0 capofila in cui hanno preso il via le celebrazioni con la partecipazione istituzionale \u00e8 stata Bologna, con incontri, laboratori per bambini, visite guidate, concerti e momenti di dialogo interreligioso che si susseguono per l\u2019intera giornata.<br \/>\nAnche a Roma, dunque, la Giornata Europea della Cultura Ebraica conferma la propria vocazione: aprire porte, creare occasioni di incontro e raccontare la vitalit\u00e0 dell\u2019ebraismo italiano attraverso storia, pensiero, arte, musica e dialogo. Una giornata che, nel segno dell\u2019amore, invita il pubblico a entrare in contatto con una tradizione antica e viva, profondamente radicata nella storia della citt\u00e0.<\/p>\n","protected":false},"excerpt":{"rendered":"<p>Si \u00e8 aperta anche a Roma la 27a edizione della Giornata Europea della Cultura Ebraica, l\u2019appuntamento promosso in tutta Italia dall\u2019Unione delle Comunit\u00e0 Ebraiche Italiane e dedicato quest\u2019anno al tema \u201cAmore\u201d. Nella Capitale, la Giornata ha costituito come ogni anno l\u2019occasione per condividere con la cittadinanza gli oltre duemila anni di presenza ebraica sul territorio [&hellip;]<\/p>\n","protected":false},"author":217,"featured_media":148555,"comment_status":"closed","ping_status":"closed","sticky":false,"template":"","format":"standard","meta":{"_acf_changed":false,"_jetpack_memberships_contains_paid_content":false,"footnotes":""},"categories":[7,2],"tags":[],"class_list":["post-148551","post","type-post","status-publish","format-standard","has-post-thumbnail","hentry","category-cultura","category-roma-ebraica"],"acf":[],"yoast_head":"<!-- This site is optimized with the Yoast SEO plugin v26.9 - https:\/\/yoast.com\/product\/yoast-seo-wordpress\/ -->\n<title>Giornata Europea della Cultura Ebraica, aperta a Roma l\u2019edizione dedicata all\u2019Amore - Shalom<\/title>\n<meta name=\"robots\" content=\"index, follow, max-snippet:-1, max-image-preview:large, max-video-preview:-1\" \/>\n<link rel=\"canonical\" href=\"https:\/\/www.shalom.it\/cultura\/giornata-europea-della-cultura-ebraica-aperta-a-roma-ledizione-dedicata-allamore\/\" \/>\n<meta property=\"og:locale\" content=\"it_IT\" \/>\n<meta property=\"og:type\" content=\"article\" \/>\n<meta property=\"og:title\" content=\"Giornata Europea della Cultura Ebraica, aperta a Roma l\u2019edizione dedicata all\u2019Amore - Shalom\" \/>\n<meta property=\"og:description\" content=\"Si \u00e8 aperta anche a Roma la 27a edizione della Giornata Europea della Cultura Ebraica, l\u2019appuntamento promosso in tutta Italia dall\u2019Unione delle Comunit\u00e0 Ebraiche Italiane e dedicato quest\u2019anno al tema \u201cAmore\u201d. Nella Capitale, la Giornata ha costituito come ogni anno l\u2019occasione per condividere con la cittadinanza gli oltre duemila anni di presenza ebraica sul territorio [&hellip;]\" \/>\n<meta property=\"og:url\" content=\"https:\/\/www.shalom.it\/cultura\/giornata-europea-della-cultura-ebraica-aperta-a-roma-ledizione-dedicata-allamore\/\" \/>\n<meta property=\"og:site_name\" content=\"Shalom\" \/>\n<meta property=\"article:published_time\" content=\"2026-09-06T10:51:26+00:00\" \/>\n<meta property=\"article:modified_time\" content=\"2026-09-06T10:53:25+00:00\" \/>\n<meta property=\"og:image\" content=\"https:\/\/www.shalom.it\/wp-content\/uploads\/2026\/09\/gece-intro-giorgia.jpeg\" \/>\n\t<meta property=\"og:image:width\" content=\"768\" \/>\n\t<meta property=\"og:image:height\" content=\"768\" \/>\n\t<meta property=\"og:image:type\" content=\"image\/jpeg\" \/>\n<meta name=\"author\" content=\"Daniele Toscano\" \/>\n<meta name=\"twitter:card\" content=\"summary_large_image\" \/>\n<meta name=\"twitter:label1\" content=\"Scritto da\" \/>\n\t<meta name=\"twitter:data1\" content=\"Daniele Toscano\" \/>\n\t<meta name=\"twitter:label2\" content=\"Tempo di lettura stimato\" \/>\n\t<meta name=\"twitter:data2\" content=\"7 minuti\" \/>\n<script type=\"application\/ld+json\" class=\"yoast-schema-graph\">{\"@context\":\"https:\/\/schema.org\",\"@graph\":[{\"@type\":\"Article\",\"@id\":\"https:\/\/www.shalom.it\/cultura\/giornata-europea-della-cultura-ebraica-aperta-a-roma-ledizione-dedicata-allamore\/#article\",\"isPartOf\":{\"@id\":\"https:\/\/www.shalom.it\/cultura\/giornata-europea-della-cultura-ebraica-aperta-a-roma-ledizione-dedicata-allamore\/\"},\"author\":{\"name\":\"Daniele Toscano\",\"@id\":\"https:\/\/www.shalom.it\/#\/schema\/person\/60018f48738fb5478f9dffe801ca2e9f\"},\"headline\":\"Giornata Europea della Cultura Ebraica, aperta a Roma l\u2019edizione dedicata all\u2019Amore\",\"datePublished\":\"2026-09-06T10:51:26+00:00\",\"dateModified\":\"2026-09-06T10:53:25+00:00\",\"mainEntityOfPage\":{\"@id\":\"https:\/\/www.shalom.it\/cultura\/giornata-europea-della-cultura-ebraica-aperta-a-roma-ledizione-dedicata-allamore\/\"},\"wordCount\":992,\"image\":{\"@id\":\"https:\/\/www.shalom.it\/cultura\/giornata-europea-della-cultura-ebraica-aperta-a-roma-ledizione-dedicata-allamore\/#primaryimage\"},\"thumbnailUrl\":\"https:\/\/www.shalom.it\/wp-content\/uploads\/2026\/09\/gece-intro-giorgia.jpeg\",\"articleSection\":[\"Cultura\",\"ROMA EBRAICA\"],\"inLanguage\":\"it-IT\"},{\"@type\":\"WebPage\",\"@id\":\"https:\/\/www.shalom.it\/cultura\/giornata-europea-della-cultura-ebraica-aperta-a-roma-ledizione-dedicata-allamore\/\",\"url\":\"https:\/\/www.shalom.it\/cultura\/giornata-europea-della-cultura-ebraica-aperta-a-roma-ledizione-dedicata-allamore\/\",\"name\":\"Giornata Europea della Cultura Ebraica, aperta a Roma l\u2019edizione dedicata all\u2019Amore - Shalom\",\"isPartOf\":{\"@id\":\"https:\/\/www.shalom.it\/#website\"},\"primaryImageOfPage\":{\"@id\":\"https:\/\/www.shalom.it\/cultura\/giornata-europea-della-cultura-ebraica-aperta-a-roma-ledizione-dedicata-allamore\/#primaryimage\"},\"image\":{\"@id\":\"https:\/\/www.shalom.it\/cultura\/giornata-europea-della-cultura-ebraica-aperta-a-roma-ledizione-dedicata-allamore\/#primaryimage\"},\"thumbnailUrl\":\"https:\/\/www.shalom.it\/wp-content\/uploads\/2026\/09\/gece-intro-giorgia.jpeg\",\"datePublished\":\"2026-09-06T10:51:26+00:00\",\"dateModified\":\"2026-09-06T10:53:25+00:00\",\"author\":{\"@id\":\"https:\/\/www.shalom.it\/#\/schema\/person\/60018f48738fb5478f9dffe801ca2e9f\"},\"breadcrumb\":{\"@id\":\"https:\/\/www.shalom.it\/cultura\/giornata-europea-della-cultura-ebraica-aperta-a-roma-ledizione-dedicata-allamore\/#breadcrumb\"},\"inLanguage\":\"it-IT\",\"potentialAction\":[{\"@type\":\"ReadAction\",\"target\":[\"https:\/\/www.shalom.it\/cultura\/giornata-europea-della-cultura-ebraica-aperta-a-roma-ledizione-dedicata-allamore\/\"]}]},{\"@type\":\"ImageObject\",\"inLanguage\":\"it-IT\",\"@id\":\"https:\/\/www.shalom.it\/cultura\/giornata-europea-della-cultura-ebraica-aperta-a-roma-ledizione-dedicata-allamore\/#primaryimage\",\"url\":\"https:\/\/www.shalom.it\/wp-content\/uploads\/2026\/09\/gece-intro-giorgia.jpeg\",\"contentUrl\":\"https:\/\/www.shalom.it\/wp-content\/uploads\/2026\/09\/gece-intro-giorgia.jpeg\",\"width\":768,\"height\":768},{\"@type\":\"BreadcrumbList\",\"@id\":\"https:\/\/www.shalom.it\/cultura\/giornata-europea-della-cultura-ebraica-aperta-a-roma-ledizione-dedicata-allamore\/#breadcrumb\",\"itemListElement\":[{\"@type\":\"ListItem\",\"position\":1,\"name\":\"Home\",\"item\":\"https:\/\/www.shalom.it\/\"},{\"@type\":\"ListItem\",\"position\":2,\"name\":\"Giornata Europea della Cultura Ebraica, aperta a Roma l\u2019edizione dedicata all\u2019Amore\"}]},{\"@type\":\"WebSite\",\"@id\":\"https:\/\/www.shalom.it\/#website\",\"url\":\"https:\/\/www.shalom.it\/\",\"name\":\"Shalom\",\"description\":\"Il Magazine della comunit\u00e0 ebraica di Roma\",\"potentialAction\":[{\"@type\":\"SearchAction\",\"target\":{\"@type\":\"EntryPoint\",\"urlTemplate\":\"https:\/\/www.shalom.it\/?s={search_term_string}\"},\"query-input\":{\"@type\":\"PropertyValueSpecification\",\"valueRequired\":true,\"valueName\":\"search_term_string\"}}],\"inLanguage\":\"it-IT\"},{\"@type\":\"Person\",\"@id\":\"https:\/\/www.shalom.it\/#\/schema\/person\/60018f48738fb5478f9dffe801ca2e9f\",\"name\":\"Daniele Toscano\",\"url\":\"https:\/\/www.shalom.it\/author\/danieletoscano\/\"}]}<\/script>\n<!-- \/ Yoast SEO plugin. -->","yoast_head_json":{"title":"Giornata Europea della Cultura Ebraica, aperta a Roma l\u2019edizione dedicata all\u2019Amore - Shalom","robots":{"index":"index","follow":"follow","max-snippet":"max-snippet:-1","max-image-preview":"max-image-preview:large","max-video-preview":"max-video-preview:-1"},"canonical":"https:\/\/www.shalom.it\/cultura\/giornata-europea-della-cultura-ebraica-aperta-a-roma-ledizione-dedicata-allamore\/","og_locale":"it_IT","og_type":"article","og_title":"Giornata Europea della Cultura Ebraica, aperta a Roma l\u2019edizione dedicata all\u2019Amore - Shalom","og_description":"Si \u00e8 aperta anche a Roma la 27a edizione della Giornata Europea della Cultura Ebraica, l\u2019appuntamento promosso in tutta Italia dall\u2019Unione delle Comunit\u00e0 Ebraiche Italiane e dedicato quest\u2019anno al tema \u201cAmore\u201d. Nella Capitale, la Giornata ha costituito come ogni anno l\u2019occasione per condividere con la cittadinanza gli oltre duemila anni di presenza ebraica sul territorio [&hellip;]","og_url":"https:\/\/www.shalom.it\/cultura\/giornata-europea-della-cultura-ebraica-aperta-a-roma-ledizione-dedicata-allamore\/","og_site_name":"Shalom","article_published_time":"2026-09-06T10:51:26+00:00","article_modified_time":"2026-09-06T10:53:25+00:00","og_image":[{"width":768,"height":768,"url":"https:\/\/www.shalom.it\/wp-content\/uploads\/2026\/09\/gece-intro-giorgia.jpeg","type":"image\/jpeg"}],"author":"Daniele Toscano","twitter_card":"summary_large_image","twitter_misc":{"Scritto da":"Daniele Toscano","Tempo di lettura stimato":"7 minuti"},"schema":{"@context":"https:\/\/schema.org","@graph":[{"@type":"Article","@id":"https:\/\/www.shalom.it\/cultura\/giornata-europea-della-cultura-ebraica-aperta-a-roma-ledizione-dedicata-allamore\/#article","isPartOf":{"@id":"https:\/\/www.shalom.it\/cultura\/giornata-europea-della-cultura-ebraica-aperta-a-roma-ledizione-dedicata-allamore\/"},"author":{"name":"Daniele Toscano","@id":"https:\/\/www.shalom.it\/#\/schema\/person\/60018f48738fb5478f9dffe801ca2e9f"},"headline":"Giornata Europea della Cultura Ebraica, aperta a Roma l\u2019edizione dedicata all\u2019Amore","datePublished":"2026-09-06T10:51:26+00:00","dateModified":"2026-09-06T10:53:25+00:00","mainEntityOfPage":{"@id":"https:\/\/www.shalom.it\/cultura\/giornata-europea-della-cultura-ebraica-aperta-a-roma-ledizione-dedicata-allamore\/"},"wordCount":992,"image":{"@id":"https:\/\/www.shalom.it\/cultura\/giornata-europea-della-cultura-ebraica-aperta-a-roma-ledizione-dedicata-allamore\/#primaryimage"},"thumbnailUrl":"https:\/\/www.shalom.it\/wp-content\/uploads\/2026\/09\/gece-intro-giorgia.jpeg","articleSection":["Cultura","ROMA EBRAICA"],"inLanguage":"it-IT"},{"@type":"WebPage","@id":"https:\/\/www.shalom.it\/cultura\/giornata-europea-della-cultura-ebraica-aperta-a-roma-ledizione-dedicata-allamore\/","url":"https:\/\/www.shalom.it\/cultura\/giornata-europea-della-cultura-ebraica-aperta-a-roma-ledizione-dedicata-allamore\/","name":"Giornata Europea della Cultura Ebraica, aperta a Roma l\u2019edizione dedicata all\u2019Amore - Shalom","isPartOf":{"@id":"https:\/\/www.shalom.it\/#website"},"primaryImageOfPage":{"@id":"https:\/\/www.shalom.it\/cultura\/giornata-europea-della-cultura-ebraica-aperta-a-roma-ledizione-dedicata-allamore\/#primaryimage"},"image":{"@id":"https:\/\/www.shalom.it\/cultura\/giornata-europea-della-cultura-ebraica-aperta-a-roma-ledizione-dedicata-allamore\/#primaryimage"},"thumbnailUrl":"https:\/\/www.shalom.it\/wp-content\/uploads\/2026\/09\/gece-intro-giorgia.jpeg","datePublished":"2026-09-06T10:51:26+00:00","dateModified":"2026-09-06T10:53:25+00:00","author":{"@id":"https:\/\/www.shalom.it\/#\/schema\/person\/60018f48738fb5478f9dffe801ca2e9f"},"breadcrumb":{"@id":"https:\/\/www.shalom.it\/cultura\/giornata-europea-della-cultura-ebraica-aperta-a-roma-ledizione-dedicata-allamore\/#breadcrumb"},"inLanguage":"it-IT","potentialAction":[{"@type":"ReadAction","target":["https:\/\/www.shalom.it\/cultura\/giornata-europea-della-cultura-ebraica-aperta-a-roma-ledizione-dedicata-allamore\/"]}]},{"@type":"ImageObject","inLanguage":"it-IT","@id":"https:\/\/www.shalom.it\/cultura\/giornata-europea-della-cultura-ebraica-aperta-a-roma-ledizione-dedicata-allamore\/#primaryimage","url":"https:\/\/www.shalom.it\/wp-content\/uploads\/2026\/09\/gece-intro-giorgia.jpeg","contentUrl":"https:\/\/www.shalom.it\/wp-content\/uploads\/2026\/09\/gece-intro-giorgia.jpeg","width":768,"height":768},{"@type":"BreadcrumbList","@id":"https:\/\/www.shalom.it\/cultura\/giornata-europea-della-cultura-ebraica-aperta-a-roma-ledizione-dedicata-allamore\/#breadcrumb","itemListElement":[{"@type":"ListItem","position":1,"name":"Home","item":"https:\/\/www.shalom.it\/"},{"@type":"ListItem","position":2,"name":"Giornata Europea della Cultura Ebraica, aperta a Roma l\u2019edizione dedicata all\u2019Amore"}]},{"@type":"WebSite","@id":"https:\/\/www.shalom.it\/#website","url":"https:\/\/www.shalom.it\/","name":"Shalom","description":"Il Magazine della comunit\u00e0 ebraica di Roma","potentialAction":[{"@type":"SearchAction","target":{"@type":"EntryPoint","urlTemplate":"https:\/\/www.shalom.it\/?s={search_term_string}"},"query-input":{"@type":"PropertyValueSpecification","valueRequired":true,"valueName":"search_term_string"}}],"inLanguage":"it-IT"},{"@type":"Person","@id":"https:\/\/www.shalom.it\/#\/schema\/person\/60018f48738fb5478f9dffe801ca2e9f","name":"Daniele Toscano","url":"https:\/\/www.shalom.it\/author\/danieletoscano\/"}]}},"jetpack_featured_media_url":"https:\/\/www.shalom.it\/wp-content\/uploads\/2026\/09\/gece-intro-giorgia.jpeg","jetpack_sharing_enabled":true,"_links":{"self":[{"href":"https:\/\/www.shalom.it\/wp-json\/wp\/v2\/posts\/148551","targetHints":{"allow":["GET"]}}],"collection":[{"href":"https:\/\/www.shalom.it\/wp-json\/wp\/v2\/posts"}],"about":[{"href":"https:\/\/www.shalom.it\/wp-json\/wp\/v2\/types\/post"}],"author":[{"embeddable":true,"href":"https:\/\/www.shalom.it\/wp-json\/wp\/v2\/users\/217"}],"replies":[{"embeddable":true,"href":"https:\/\/www.shalom.it\/wp-json\/wp\/v2\/comments?post=148551"}],"version-history":[{"count":2,"href":"https:\/\/www.shalom.it\/wp-json\/wp\/v2\/posts\/148551\/revisions"}],"predecessor-version":[{"id":148559,"href":"https:\/\/www.shalom.it\/wp-json\/wp\/v2\/posts\/148551\/revisions\/148559"}],"wp:featuredmedia":[{"embeddable":true,"href":"https:\/\/www.shalom.it\/wp-json\/wp\/v2\/media\/148555"}],"wp:attachment":[{"href":"https:\/\/www.shalom.it\/wp-json\/wp\/v2\/media?parent=148551"}],"wp:term":[{"taxonomy":"category","embeddable":true,"href":"https:\/\/www.shalom.it\/wp-json\/wp\/v2\/categories?post=148551"},{"taxonomy":"post_tag","embeddable":true,"href":"https:\/\/www.shalom.it\/wp-json\/wp\/v2\/tags?post=148551"}],"curies":[{"name":"wp","href":"https:\/\/api.w.org\/{rel}","templated":true}]}}