{"id":148547,"date":"2026-09-06T00:12:15","date_gmt":"2026-09-05T22:12:15","guid":{"rendered":"https:\/\/www.shalom.it\/?p=148547"},"modified":"2026-09-05T19:59:36","modified_gmt":"2026-09-05T17:59:36","slug":"la-settimana-di-israele-le-guerre-vicino-ai-confini","status":"publish","type":"post","link":"https:\/\/www.shalom.it\/israele\/la-settimana-di-israele-le-guerre-vicino-ai-confini\/","title":{"rendered":"La settimana di Israele: le guerre vicino ai confini"},"content":{"rendered":"<p class=\"p1\"><strong>Consolidare la sicurezza<\/strong><\/p>\n<p class=\"p1\">I media ne parlano poco e solo incidentalmente, preferiscono seguire le dichiarazioni di Trump, gli episodici scontri sul Golfo e i vari \u201cpiani di pace\u201d pomposamente presentati; ma la guerra intorno a Israele (in Libano e a Gaza, per certi versi in Siria) c\u2019\u00e8 ancora. Le forze armate israeliane sono all\u2019offensiva per consolidare la sicurezza e garantire che un attacco mortale di sorpresa come il 7 ottobre non sia pi\u00f9 possibile; i nemici come Hamas e Hezbollah cercano di conservare quel che possono della loro potenza bellica passata, ricorrendo a trucchi politico-diplomatici (per esempio il \u201cdisarmo\u201d promesso da Hamas e mai iniziato), cercando di nascondersi o di trincerarsi nelle loro posizioni fortificate sotterranee. Israele \u00e8 sottoposto a forti pressioni internazionali, non solo da parte dell\u2019Iran ma anche di Paesi europei e di parte della politica americana che vogliono indurlo a fermare la sua azione, anzi a ritirarsi sulle posizioni di prima del 7 ottobre, accettando in cambio facili parole di rassicurazione. La sua politica \u00e8 realistica e flessibile: cercare di negoziare il pi\u00f9 possibile in tutte le sedi per ottenere il disarmo dei terroristi, senza scontrarsi mai frontalmente con l\u2019amministrazione americana; accettare i progetti di soluzione che sono il frutto di questi negoziati; ma non lasciare che i terroristi violino i loro impegni, prendendo in mano la situazione quando necessario e soprattutto quando le forze che secondo gli accordi dovevano assicurare il disarmo dei terroristi non lo fanno. Cos\u00ec accade in Libano, dove nonostante tutte le belle promesse l\u2019esercito non vuole o non pu\u00f2 controllare Hezbollah e le due piccole zone di sperimentazione del suo controllo stabilite dagli accordi sono sostanzialmente fallite, lasciando libero Hezbollah di reinstallarvisi. Ma anche a Gaza, dove dopo quasi un anno dall\u2019accordo, non si \u00e8 ancora costituita la forza multinazionale che doveva eliminare le armi di Hamas e distruggere i suoi tunnel. Il peso della lotta al terrorismo in tutti e due i casi ricade ancora esclusivamente su Israele.<\/p>\n<p class=\"p1\"><strong>In Libano<\/strong><\/p>\n<p class=\"p1\">L\u2019importanza e l\u2019efficacia dell\u2019azione israeliana per consolidare la vittoria ai confini si \u00e8 vista negli ultimi giorni. In Libano l\u2019esercito israeliano gioved\u00ec scorso ha conquistato dopo mesi d\u2019assedio la collina rocciosa di Ali Taher, una posizione strategica fondamentale, a circa cinque chilometri a nord dal Castello di Beaufort preso il 6 giugno scorso e a quindici chilometri circa dal confine israeliano. Ali Taher \u00e8 importantissima perch\u00e9 domina al nord le strade fra la costa libanese, il sud del Libano vicino a Israele dove erano stanziate le forze terroriste e la valle della Bekaa, roccaforte di Hezbollah e collegamento con la Siria: \u00e8 dunque il centro dello schieramento di Hezbollah. A sud, Ali Taher si trova proprio davanti alla Valle di Houla, che porta al lago di Tiberiade (Kinneret in ebraico) e di qui al centro del Paese. \u00c8 il punto di partenza e di comando pi\u00f9 conveniente per sfondare verso la Galilea. Questa collina, ben difesa naturalmente dalle sue pareti scoscese, \u00e8 cos\u00ec importante che Hezbollah l\u2019ha fortificata sopra e sotto il terreno con lavori durati quindici anni e finanziati dall\u2019Iran. Conteneva camere di tiro missilistiche, centri elettronici, caserme, viveri e rifornimenti d\u2019armi per numerosi combattenti, attrezzature di comando e controllo. Era insomma il centro fondamentale per far partire l\u2019invasione di Israele che Hezbollah progettava, di dimensioni assai superiori a quella del 7 ottobre. Si tratta di una struttura cos\u00ec importante che dopo l\u2019inizio dell\u2019assedio israeliano a maggio, l\u2019Iran minacci\u00f2 pubblicamente di reagire con la forza nel caso che Israele avesse attaccato per conquistarla, tanto che l\u2019agenzia Reuters scrisse che nella fortificazione erano presenti numerosi militari iraniani, fra cui alcuni capi importanti. Questa presenza straniera non \u00e8 stata finora confermata, ma anche questa minaccia dell\u2019Iran come molte altre sue proclamazioni non \u00e8 stata realizzata. Oltre a questa azione di grande coraggio e rilevanza militare continuano bombardamenti sulle basi di Hezbollah, perquisizioni, eliminazioni mirate dei terroristi.<\/p>\n<p class=\"p1\"><strong>A Gaza<\/strong><\/p>\n<p class=\"p1\">L\u2019altro fronte prossimo a Israele \u00e8 Gaza. Qui, di fronte ai trucchi di Hamas, che cerca di mantenere il potere e di salvaguardare le armi e i tunnel di attacco, progressivamente l\u2019esercito israeliano amplia la sua zona di controllo spostando verso il mare la \u201clinea gialla\u201d di confine, in modo da svuotare il territorio, eliminare i terroristi nascosti, distruggere tunnel, fortificazioni, depositi e fabbriche di armi. Un secondo livello di azione che continua \u00e8 l\u2019eliminazione dei capi terroristi e di coloro che hanno preso parte alle stragi del 7 ottobre, in certi casi alla loro cattura. Si tratta certamente di colpire responsabili diretti di massacri, sequestri e violenze, ma soprattutto di disabilitare la loro organizzazione, di bloccare il loro progetto spesso ribadito di continuare ad assalire i civili israeliani. In questa linea d\u2019azione, marted\u00ec scorso si \u00e8 svolto uno degli episodi pi\u00f9 rilevanti: la cattura in pieno giorno a Gaza City di Muein Al-Arabid, capo dell\u2019apparato di sicurezza interna di Hamas nella Striscia di Gaza. La scena \u00e8 stata spettacolare, con l\u2019arrivo delle forze speciali israeliane in motocicletta, l\u2019eliminazione della scorta del capo terrorista, il suo ferimento, la ritirata coperta dal fuoco dell\u2019aviazione. Ma quel che conta soprattutto \u00e8 il tesoro di conoscenze che Al-Arabid possiede sui segreti di Hamas: mezzi di comunicazione, rifugi dei capi, depositi d\u2019armi, collaboratori, collocazione dei tunnel, piani d\u2019azione. Nella guerra asimmetrica che conducono i terroristi, queste informazioni valgono pi\u00f9 di una battaglia vinta. Sembra che il capo terrorista abbia iniziato a parlare; presto ne vedremo le conseguenze.<\/p>\n<p class=\"p1\"><strong>Giudea e Samaria<\/strong><\/p>\n<p class=\"p1\">Vi \u00e8 infine la zona amministrata dall\u2019Autorit\u00e0 Palestinese, dove continua incessante l\u2019azione preventiva dei militari israeliani. L\u2019Autorit\u00e0 Palestinese \u00e8 chiaramente in crisi, governata da un dittatore novantenne al potere da ventidue anni, bench\u00e9 eletto solo per quattro, piena di corruzione, di scontri sotterranei fra cordate di potere e di affari. La sua influenza \u00e8 ai minimi storici, ma non bisogna fare l\u2019errore di considerarla \u201cmoderata\u201d. L\u2019appoggio al terrorismo c\u2019\u00e8 ancora tutto, sia nella propaganda interna, sia nei pagamenti di stipendi ai terroristi arrestati e alle famiglie dei terroristi uccisi. C\u2019\u00e8 anche una \u201cforza di polizia\u201d bene armata di circa 60-80.000 uomini, i cui membri sono spesso coinvolti in episodi terroristici. Per ora non sono segnalate sue azioni militari di vasto livello, ma certamente oggi si tratta della maggiore potenziale minaccia vicino al territorio israeliano. L\u2019azione di sorveglianza e repressione svolta continuamente dai militari israeliani anche nelle zone teoricamente amministrate dall\u2019Autorit\u00e0 Palestinese, ma spesso abbandonate al caos e al potere dei clan, \u00e8 essenziale per prevenire questa minaccia.<\/p>\n","protected":false},"excerpt":{"rendered":"<p>Consolidare la sicurezza I media ne parlano poco e solo incidentalmente, preferiscono seguire le dichiarazioni di Trump, gli episodici scontri sul Golfo e i vari \u201cpiani di pace\u201d pomposamente presentati; ma la guerra intorno a Israele (in Libano e a Gaza, per certi versi in Siria) c\u2019\u00e8 ancora. Le forze armate israeliane sono all\u2019offensiva per [&hellip;]<\/p>\n","protected":false},"author":3,"featured_media":148548,"comment_status":"closed","ping_status":"closed","sticky":false,"template":"","format":"standard","meta":{"_acf_changed":false,"_jetpack_memberships_contains_paid_content":false,"footnotes":""},"categories":[4],"tags":[],"class_list":["post-148547","post","type-post","status-publish","format-standard","has-post-thumbnail","hentry","category-israele"],"acf":[],"yoast_head":"<!-- This site is optimized with the Yoast SEO plugin v26.9 - https:\/\/yoast.com\/product\/yoast-seo-wordpress\/ -->\n<title>La settimana di Israele: le guerre vicino ai confini - Shalom<\/title>\n<meta name=\"robots\" content=\"index, follow, max-snippet:-1, max-image-preview:large, max-video-preview:-1\" \/>\n<link rel=\"canonical\" href=\"https:\/\/www.shalom.it\/israele\/la-settimana-di-israele-le-guerre-vicino-ai-confini\/\" \/>\n<meta property=\"og:locale\" content=\"it_IT\" \/>\n<meta property=\"og:type\" content=\"article\" \/>\n<meta property=\"og:title\" content=\"La settimana di Israele: le guerre vicino ai confini - Shalom\" \/>\n<meta property=\"og:description\" content=\"Consolidare la sicurezza I media ne parlano poco e solo incidentalmente, preferiscono seguire le dichiarazioni di Trump, gli episodici scontri sul Golfo e i vari \u201cpiani di pace\u201d pomposamente presentati; ma la guerra intorno a Israele (in Libano e a Gaza, per certi versi in Siria) c\u2019\u00e8 ancora. Le forze armate israeliane sono all\u2019offensiva per [&hellip;]\" \/>\n<meta property=\"og:url\" content=\"https:\/\/www.shalom.it\/israele\/la-settimana-di-israele-le-guerre-vicino-ai-confini\/\" \/>\n<meta property=\"og:site_name\" content=\"Shalom\" \/>\n<meta property=\"article:published_time\" content=\"2026-09-05T22:12:15+00:00\" \/>\n<meta property=\"og:image\" content=\"https:\/\/www.shalom.it\/wp-content\/uploads\/2026\/09\/Soldati-IDF.webp\" \/>\n\t<meta property=\"og:image:width\" content=\"1400\" \/>\n\t<meta property=\"og:image:height\" content=\"665\" \/>\n\t<meta property=\"og:image:type\" content=\"image\/webp\" \/>\n<meta name=\"author\" content=\"Redazione\" \/>\n<meta name=\"twitter:card\" content=\"summary_large_image\" \/>\n<meta name=\"twitter:label1\" content=\"Scritto da\" \/>\n\t<meta name=\"twitter:data1\" content=\"Redazione\" \/>\n\t<meta name=\"twitter:label2\" content=\"Tempo di lettura stimato\" \/>\n\t<meta name=\"twitter:data2\" content=\"6 minuti\" \/>\n<script type=\"application\/ld+json\" class=\"yoast-schema-graph\">{\"@context\":\"https:\/\/schema.org\",\"@graph\":[{\"@type\":\"Article\",\"@id\":\"https:\/\/www.shalom.it\/israele\/la-settimana-di-israele-le-guerre-vicino-ai-confini\/#article\",\"isPartOf\":{\"@id\":\"https:\/\/www.shalom.it\/israele\/la-settimana-di-israele-le-guerre-vicino-ai-confini\/\"},\"author\":{\"name\":\"Redazione\",\"@id\":\"https:\/\/www.shalom.it\/#\/schema\/person\/d6d60e821a49d2a420ffe01f7af79dd8\"},\"headline\":\"La settimana di Israele: le guerre vicino ai confini\",\"datePublished\":\"2026-09-05T22:12:15+00:00\",\"mainEntityOfPage\":{\"@id\":\"https:\/\/www.shalom.it\/israele\/la-settimana-di-israele-le-guerre-vicino-ai-confini\/\"},\"wordCount\":1090,\"image\":{\"@id\":\"https:\/\/www.shalom.it\/israele\/la-settimana-di-israele-le-guerre-vicino-ai-confini\/#primaryimage\"},\"thumbnailUrl\":\"https:\/\/www.shalom.it\/wp-content\/uploads\/2026\/09\/Soldati-IDF.webp\",\"articleSection\":[\"ISRAELE\"],\"inLanguage\":\"it-IT\"},{\"@type\":\"WebPage\",\"@id\":\"https:\/\/www.shalom.it\/israele\/la-settimana-di-israele-le-guerre-vicino-ai-confini\/\",\"url\":\"https:\/\/www.shalom.it\/israele\/la-settimana-di-israele-le-guerre-vicino-ai-confini\/\",\"name\":\"La settimana di Israele: le guerre vicino ai confini - Shalom\",\"isPartOf\":{\"@id\":\"https:\/\/www.shalom.it\/#website\"},\"primaryImageOfPage\":{\"@id\":\"https:\/\/www.shalom.it\/israele\/la-settimana-di-israele-le-guerre-vicino-ai-confini\/#primaryimage\"},\"image\":{\"@id\":\"https:\/\/www.shalom.it\/israele\/la-settimana-di-israele-le-guerre-vicino-ai-confini\/#primaryimage\"},\"thumbnailUrl\":\"https:\/\/www.shalom.it\/wp-content\/uploads\/2026\/09\/Soldati-IDF.webp\",\"datePublished\":\"2026-09-05T22:12:15+00:00\",\"author\":{\"@id\":\"https:\/\/www.shalom.it\/#\/schema\/person\/d6d60e821a49d2a420ffe01f7af79dd8\"},\"breadcrumb\":{\"@id\":\"https:\/\/www.shalom.it\/israele\/la-settimana-di-israele-le-guerre-vicino-ai-confini\/#breadcrumb\"},\"inLanguage\":\"it-IT\",\"potentialAction\":[{\"@type\":\"ReadAction\",\"target\":[\"https:\/\/www.shalom.it\/israele\/la-settimana-di-israele-le-guerre-vicino-ai-confini\/\"]}]},{\"@type\":\"ImageObject\",\"inLanguage\":\"it-IT\",\"@id\":\"https:\/\/www.shalom.it\/israele\/la-settimana-di-israele-le-guerre-vicino-ai-confini\/#primaryimage\",\"url\":\"https:\/\/www.shalom.it\/wp-content\/uploads\/2026\/09\/Soldati-IDF.webp\",\"contentUrl\":\"https:\/\/www.shalom.it\/wp-content\/uploads\/2026\/09\/Soldati-IDF.webp\",\"width\":1400,\"height\":665},{\"@type\":\"BreadcrumbList\",\"@id\":\"https:\/\/www.shalom.it\/israele\/la-settimana-di-israele-le-guerre-vicino-ai-confini\/#breadcrumb\",\"itemListElement\":[{\"@type\":\"ListItem\",\"position\":1,\"name\":\"Home\",\"item\":\"https:\/\/www.shalom.it\/\"},{\"@type\":\"ListItem\",\"position\":2,\"name\":\"La settimana di Israele: le guerre vicino ai confini\"}]},{\"@type\":\"WebSite\",\"@id\":\"https:\/\/www.shalom.it\/#website\",\"url\":\"https:\/\/www.shalom.it\/\",\"name\":\"Shalom\",\"description\":\"Il Magazine della comunit\u00e0 ebraica di Roma\",\"potentialAction\":[{\"@type\":\"SearchAction\",\"target\":{\"@type\":\"EntryPoint\",\"urlTemplate\":\"https:\/\/www.shalom.it\/?s={search_term_string}\"},\"query-input\":{\"@type\":\"PropertyValueSpecification\",\"valueRequired\":true,\"valueName\":\"search_term_string\"}}],\"inLanguage\":\"it-IT\"},{\"@type\":\"Person\",\"@id\":\"https:\/\/www.shalom.it\/#\/schema\/person\/d6d60e821a49d2a420ffe01f7af79dd8\",\"name\":\"Redazione\",\"url\":\"https:\/\/www.shalom.it\/author\/redazione\/\"}]}<\/script>\n<!-- \/ Yoast SEO plugin. -->","yoast_head_json":{"title":"La settimana di Israele: le guerre vicino ai confini - Shalom","robots":{"index":"index","follow":"follow","max-snippet":"max-snippet:-1","max-image-preview":"max-image-preview:large","max-video-preview":"max-video-preview:-1"},"canonical":"https:\/\/www.shalom.it\/israele\/la-settimana-di-israele-le-guerre-vicino-ai-confini\/","og_locale":"it_IT","og_type":"article","og_title":"La settimana di Israele: le guerre vicino ai confini - Shalom","og_description":"Consolidare la sicurezza I media ne parlano poco e solo incidentalmente, preferiscono seguire le dichiarazioni di Trump, gli episodici scontri sul Golfo e i vari \u201cpiani di pace\u201d pomposamente presentati; ma la guerra intorno a Israele (in Libano e a Gaza, per certi versi in Siria) c\u2019\u00e8 ancora. Le forze armate israeliane sono all\u2019offensiva per [&hellip;]","og_url":"https:\/\/www.shalom.it\/israele\/la-settimana-di-israele-le-guerre-vicino-ai-confini\/","og_site_name":"Shalom","article_published_time":"2026-09-05T22:12:15+00:00","og_image":[{"width":1400,"height":665,"url":"https:\/\/www.shalom.it\/wp-content\/uploads\/2026\/09\/Soldati-IDF.webp","type":"image\/webp"}],"author":"Redazione","twitter_card":"summary_large_image","twitter_misc":{"Scritto da":"Redazione","Tempo di lettura stimato":"6 minuti"},"schema":{"@context":"https:\/\/schema.org","@graph":[{"@type":"Article","@id":"https:\/\/www.shalom.it\/israele\/la-settimana-di-israele-le-guerre-vicino-ai-confini\/#article","isPartOf":{"@id":"https:\/\/www.shalom.it\/israele\/la-settimana-di-israele-le-guerre-vicino-ai-confini\/"},"author":{"name":"Redazione","@id":"https:\/\/www.shalom.it\/#\/schema\/person\/d6d60e821a49d2a420ffe01f7af79dd8"},"headline":"La settimana di Israele: le guerre vicino ai confini","datePublished":"2026-09-05T22:12:15+00:00","mainEntityOfPage":{"@id":"https:\/\/www.shalom.it\/israele\/la-settimana-di-israele-le-guerre-vicino-ai-confini\/"},"wordCount":1090,"image":{"@id":"https:\/\/www.shalom.it\/israele\/la-settimana-di-israele-le-guerre-vicino-ai-confini\/#primaryimage"},"thumbnailUrl":"https:\/\/www.shalom.it\/wp-content\/uploads\/2026\/09\/Soldati-IDF.webp","articleSection":["ISRAELE"],"inLanguage":"it-IT"},{"@type":"WebPage","@id":"https:\/\/www.shalom.it\/israele\/la-settimana-di-israele-le-guerre-vicino-ai-confini\/","url":"https:\/\/www.shalom.it\/israele\/la-settimana-di-israele-le-guerre-vicino-ai-confini\/","name":"La settimana di Israele: le guerre vicino ai confini - Shalom","isPartOf":{"@id":"https:\/\/www.shalom.it\/#website"},"primaryImageOfPage":{"@id":"https:\/\/www.shalom.it\/israele\/la-settimana-di-israele-le-guerre-vicino-ai-confini\/#primaryimage"},"image":{"@id":"https:\/\/www.shalom.it\/israele\/la-settimana-di-israele-le-guerre-vicino-ai-confini\/#primaryimage"},"thumbnailUrl":"https:\/\/www.shalom.it\/wp-content\/uploads\/2026\/09\/Soldati-IDF.webp","datePublished":"2026-09-05T22:12:15+00:00","author":{"@id":"https:\/\/www.shalom.it\/#\/schema\/person\/d6d60e821a49d2a420ffe01f7af79dd8"},"breadcrumb":{"@id":"https:\/\/www.shalom.it\/israele\/la-settimana-di-israele-le-guerre-vicino-ai-confini\/#breadcrumb"},"inLanguage":"it-IT","potentialAction":[{"@type":"ReadAction","target":["https:\/\/www.shalom.it\/israele\/la-settimana-di-israele-le-guerre-vicino-ai-confini\/"]}]},{"@type":"ImageObject","inLanguage":"it-IT","@id":"https:\/\/www.shalom.it\/israele\/la-settimana-di-israele-le-guerre-vicino-ai-confini\/#primaryimage","url":"https:\/\/www.shalom.it\/wp-content\/uploads\/2026\/09\/Soldati-IDF.webp","contentUrl":"https:\/\/www.shalom.it\/wp-content\/uploads\/2026\/09\/Soldati-IDF.webp","width":1400,"height":665},{"@type":"BreadcrumbList","@id":"https:\/\/www.shalom.it\/israele\/la-settimana-di-israele-le-guerre-vicino-ai-confini\/#breadcrumb","itemListElement":[{"@type":"ListItem","position":1,"name":"Home","item":"https:\/\/www.shalom.it\/"},{"@type":"ListItem","position":2,"name":"La settimana di Israele: le guerre vicino ai confini"}]},{"@type":"WebSite","@id":"https:\/\/www.shalom.it\/#website","url":"https:\/\/www.shalom.it\/","name":"Shalom","description":"Il Magazine della comunit\u00e0 ebraica di Roma","potentialAction":[{"@type":"SearchAction","target":{"@type":"EntryPoint","urlTemplate":"https:\/\/www.shalom.it\/?s={search_term_string}"},"query-input":{"@type":"PropertyValueSpecification","valueRequired":true,"valueName":"search_term_string"}}],"inLanguage":"it-IT"},{"@type":"Person","@id":"https:\/\/www.shalom.it\/#\/schema\/person\/d6d60e821a49d2a420ffe01f7af79dd8","name":"Redazione","url":"https:\/\/www.shalom.it\/author\/redazione\/"}]}},"jetpack_featured_media_url":"https:\/\/www.shalom.it\/wp-content\/uploads\/2026\/09\/Soldati-IDF.webp","jetpack_sharing_enabled":true,"_links":{"self":[{"href":"https:\/\/www.shalom.it\/wp-json\/wp\/v2\/posts\/148547","targetHints":{"allow":["GET"]}}],"collection":[{"href":"https:\/\/www.shalom.it\/wp-json\/wp\/v2\/posts"}],"about":[{"href":"https:\/\/www.shalom.it\/wp-json\/wp\/v2\/types\/post"}],"author":[{"embeddable":true,"href":"https:\/\/www.shalom.it\/wp-json\/wp\/v2\/users\/3"}],"replies":[{"embeddable":true,"href":"https:\/\/www.shalom.it\/wp-json\/wp\/v2\/comments?post=148547"}],"version-history":[{"count":1,"href":"https:\/\/www.shalom.it\/wp-json\/wp\/v2\/posts\/148547\/revisions"}],"predecessor-version":[{"id":148549,"href":"https:\/\/www.shalom.it\/wp-json\/wp\/v2\/posts\/148547\/revisions\/148549"}],"wp:featuredmedia":[{"embeddable":true,"href":"https:\/\/www.shalom.it\/wp-json\/wp\/v2\/media\/148548"}],"wp:attachment":[{"href":"https:\/\/www.shalom.it\/wp-json\/wp\/v2\/media?parent=148547"}],"wp:term":[{"taxonomy":"category","embeddable":true,"href":"https:\/\/www.shalom.it\/wp-json\/wp\/v2\/categories?post=148547"},{"taxonomy":"post_tag","embeddable":true,"href":"https:\/\/www.shalom.it\/wp-json\/wp\/v2\/tags?post=148547"}],"curies":[{"name":"wp","href":"https:\/\/api.w.org\/{rel}","templated":true}]}}