{"id":148541,"date":"2026-09-06T00:10:43","date_gmt":"2026-09-05T22:10:43","guid":{"rendered":"https:\/\/www.shalom.it\/?p=148541"},"modified":"2026-09-04T18:23:51","modified_gmt":"2026-09-04T16:23:51","slug":"lido-glamour-pro-pal-e-attivismo-a-scatola-chiusa","status":"publish","type":"post","link":"https:\/\/www.shalom.it\/italia\/lido-glamour-pro-pal-e-attivismo-a-scatola-chiusa\/","title":{"rendered":"Lido, glamour pro-Pal e attivismo a scatola chiusa"},"content":{"rendered":"<p>VENEZIA 83: Mai privarsi dell\u2019impegno politico d\u2019ordinanza. E quest\u2019anno \u00e8 toccato a chi conduce le serate al Lido interpretare la parte giusta per compiacere il salotto buono dello spettacolo.\u00a0<u><\/u><u><\/u><\/p>\n<p>Il cinema e gli artisti contro la guerra e la violenza sui civili: in Sudan? In Ucraina? Nello Yemen o in Somalia? In qualcun altro dei 100 conflitti armati attivi? Ma dai, ma chi se ne frega.\u00a0<u><\/u><u><\/u><\/p>\n<p>L\u2019ineffabile Venice4palestine, che dallo scorso anno impazza tra le strade e i cervelli del Lido, in testa, e nel suo appello, ha solo una cosa.\u00a0<u><\/u><u><\/u><\/p>\n<p>Cos\u00ec Greta Scarano, tra le onde, ha sventolato ai fotografi un evocativo ventaglio a forma di anguria. Brutto eh, ma ormai feticcio e simbolo della causa pro-Pal.\u00a0<u><\/u><u><\/u><\/p>\n<p>Lo slogan: Non spegnete la luce sul conflitto. Peccato che poi, nonostante lo sguardo impegnato e dolente, abbiamo trovato difficile credere, come da lei dichiarato, che questo \u00e8 un tema a cui pensa praticamente tutti i giorni\u2026 e che il mondo (leggi Medioriente) in fiamme le rende difficile vivere la dicotomia tra gli squilibri geopolitici e le partecipazioni sia pur professionali al clima festoso dei festival del cinema\u2026\u00a0<u><\/u><u><\/u><\/p>\n<p>In questa surreale pi\u00e8ce dell\u2019attivismo dei giusti,\u00a0Nicolas Maupas\u00a0\u00e8 risultato persino ammirevole nella sua sincera ammissione.<u><\/u><u><\/u><\/p>\n<p>Incalzato sulla mancata firma all\u2019appello del progressismo aziendale firmato\u00a0<em>Venice4Palestine<\/em>, l\u2019attore ha limpidamente ammesso di aver preso tempo perch\u00e9 intenzionato a studiare e \u201ccapire meglio gli aspetti socio-economici&#8221; della questione. Onesta dichiarazione di impreparazione che brilla di luce propria rispetto alla rivendicazione della Scarano: non conoscere bene una cosa &#8211; ha detto &#8211; non significa, soprattutto per una artista, non poter prendere posizione. Una perla filosofica che sdogana la cultura dell&#8217;opinione a scatola chiusa e che suona come una tiratina d\u2019orecchi a\u00a0Francesco De Gregori\u00a0e al suo considerare necessario studiare la storia prima di firmare manifesti ideologici.<u><\/u><u><\/u><\/p>\n<p>Del resto, la Scarano s\u00ec che sa guardare agli accadimenti geopolitici. Il mondo va cos\u00ec, dice, perch\u00e9 \u00e8 molto vario. Perch\u00e9 siamo tutti diversi, sostiene. E al contempo l\u2019impegnata Greta rivendica la sua posizione coraggiosa e controcorrente, forse ignara del fatto che questa sua posizione \u201ccoraggiosa\u201d \u00e8 il cavallo di battaglia della retorica mondana dei cinematografari modaioli. Soprattutto quelli italiani, visto che le superstar internazionali, autori attori registi e produttori, hanno scelto il silenzio.<u><\/u><u><\/u><\/p>\n<p>Meno male, comunque, che c\u2019\u00e8 Alberto Barbera, direttore della Mostra del Cinema, a ristabilire un confine tra cinema e tutto il resto. A chi pretendeva di esporre la bandiera palestinese al Lido ha risposto che a Venezia parleranno solo i film. Quindi ha blindato ai soli temi cinematografici i protocolli per conferenze stampa e presenze istituzionali sul palcoscenico. Fuori la politica dal Festival. Ci riuscir\u00e0? Almeno ci ha provato.<\/p>\n","protected":false},"excerpt":{"rendered":"<p>VENEZIA 83: Mai privarsi dell\u2019impegno politico d\u2019ordinanza. E quest\u2019anno \u00e8 toccato a chi conduce le serate al Lido interpretare la parte giusta per compiacere il salotto buono dello spettacolo.\u00a0 Il cinema e gli artisti contro la guerra e la violenza sui civili: in Sudan? In Ucraina? Nello Yemen o in Somalia? In qualcun altro dei [&hellip;]<\/p>\n","protected":false},"author":3,"featured_media":148542,"comment_status":"closed","ping_status":"closed","sticky":false,"template":"","format":"standard","meta":{"_acf_changed":false,"_jetpack_memberships_contains_paid_content":false,"footnotes":""},"categories":[3],"tags":[],"class_list":["post-148541","post","type-post","status-publish","format-standard","has-post-thumbnail","hentry","category-italia"],"acf":[],"yoast_head":"<!-- This site is optimized with the Yoast SEO plugin v26.9 - https:\/\/yoast.com\/product\/yoast-seo-wordpress\/ -->\n<title>Lido, glamour pro-Pal e attivismo a scatola chiusa - Shalom<\/title>\n<meta name=\"robots\" content=\"index, follow, max-snippet:-1, max-image-preview:large, max-video-preview:-1\" \/>\n<link rel=\"canonical\" href=\"https:\/\/www.shalom.it\/italia\/lido-glamour-pro-pal-e-attivismo-a-scatola-chiusa\/\" \/>\n<meta property=\"og:locale\" content=\"it_IT\" \/>\n<meta property=\"og:type\" content=\"article\" \/>\n<meta property=\"og:title\" content=\"Lido, glamour pro-Pal e attivismo a scatola chiusa - Shalom\" \/>\n<meta property=\"og:description\" content=\"VENEZIA 83: Mai privarsi dell\u2019impegno politico d\u2019ordinanza. E quest\u2019anno \u00e8 toccato a chi conduce le serate al Lido interpretare la parte giusta per compiacere il salotto buono dello spettacolo.\u00a0 Il cinema e gli artisti contro la guerra e la violenza sui civili: in Sudan? In Ucraina? Nello Yemen o in Somalia? In qualcun altro dei [&hellip;]\" \/>\n<meta property=\"og:url\" content=\"https:\/\/www.shalom.it\/italia\/lido-glamour-pro-pal-e-attivismo-a-scatola-chiusa\/\" \/>\n<meta property=\"og:site_name\" content=\"Shalom\" \/>\n<meta property=\"article:published_time\" content=\"2026-09-05T22:10:43+00:00\" \/>\n<meta property=\"og:image\" content=\"https:\/\/www.shalom.it\/wp-content\/uploads\/2026\/09\/Francesca-Nocerino-POV.webp\" \/>\n\t<meta property=\"og:image:width\" content=\"1400\" \/>\n\t<meta property=\"og:image:height\" content=\"900\" \/>\n\t<meta property=\"og:image:type\" content=\"image\/webp\" \/>\n<meta name=\"author\" content=\"Redazione\" \/>\n<meta name=\"twitter:card\" content=\"summary_large_image\" \/>\n<meta name=\"twitter:label1\" content=\"Scritto da\" \/>\n\t<meta name=\"twitter:data1\" content=\"Redazione\" \/>\n\t<meta name=\"twitter:label2\" content=\"Tempo di lettura stimato\" \/>\n\t<meta name=\"twitter:data2\" content=\"3 minuti\" \/>\n<script type=\"application\/ld+json\" class=\"yoast-schema-graph\">{\"@context\":\"https:\/\/schema.org\",\"@graph\":[{\"@type\":\"Article\",\"@id\":\"https:\/\/www.shalom.it\/italia\/lido-glamour-pro-pal-e-attivismo-a-scatola-chiusa\/#article\",\"isPartOf\":{\"@id\":\"https:\/\/www.shalom.it\/italia\/lido-glamour-pro-pal-e-attivismo-a-scatola-chiusa\/\"},\"author\":{\"name\":\"Redazione\",\"@id\":\"https:\/\/www.shalom.it\/#\/schema\/person\/d6d60e821a49d2a420ffe01f7af79dd8\"},\"headline\":\"Lido, glamour pro-Pal e attivismo a scatola chiusa\",\"datePublished\":\"2026-09-05T22:10:43+00:00\",\"mainEntityOfPage\":{\"@id\":\"https:\/\/www.shalom.it\/italia\/lido-glamour-pro-pal-e-attivismo-a-scatola-chiusa\/\"},\"wordCount\":458,\"image\":{\"@id\":\"https:\/\/www.shalom.it\/italia\/lido-glamour-pro-pal-e-attivismo-a-scatola-chiusa\/#primaryimage\"},\"thumbnailUrl\":\"https:\/\/www.shalom.it\/wp-content\/uploads\/2026\/09\/Francesca-Nocerino-POV.webp\",\"articleSection\":[\"ITALIA\"],\"inLanguage\":\"it-IT\"},{\"@type\":\"WebPage\",\"@id\":\"https:\/\/www.shalom.it\/italia\/lido-glamour-pro-pal-e-attivismo-a-scatola-chiusa\/\",\"url\":\"https:\/\/www.shalom.it\/italia\/lido-glamour-pro-pal-e-attivismo-a-scatola-chiusa\/\",\"name\":\"Lido, glamour pro-Pal e attivismo a scatola chiusa - Shalom\",\"isPartOf\":{\"@id\":\"https:\/\/www.shalom.it\/#website\"},\"primaryImageOfPage\":{\"@id\":\"https:\/\/www.shalom.it\/italia\/lido-glamour-pro-pal-e-attivismo-a-scatola-chiusa\/#primaryimage\"},\"image\":{\"@id\":\"https:\/\/www.shalom.it\/italia\/lido-glamour-pro-pal-e-attivismo-a-scatola-chiusa\/#primaryimage\"},\"thumbnailUrl\":\"https:\/\/www.shalom.it\/wp-content\/uploads\/2026\/09\/Francesca-Nocerino-POV.webp\",\"datePublished\":\"2026-09-05T22:10:43+00:00\",\"author\":{\"@id\":\"https:\/\/www.shalom.it\/#\/schema\/person\/d6d60e821a49d2a420ffe01f7af79dd8\"},\"breadcrumb\":{\"@id\":\"https:\/\/www.shalom.it\/italia\/lido-glamour-pro-pal-e-attivismo-a-scatola-chiusa\/#breadcrumb\"},\"inLanguage\":\"it-IT\",\"potentialAction\":[{\"@type\":\"ReadAction\",\"target\":[\"https:\/\/www.shalom.it\/italia\/lido-glamour-pro-pal-e-attivismo-a-scatola-chiusa\/\"]}]},{\"@type\":\"ImageObject\",\"inLanguage\":\"it-IT\",\"@id\":\"https:\/\/www.shalom.it\/italia\/lido-glamour-pro-pal-e-attivismo-a-scatola-chiusa\/#primaryimage\",\"url\":\"https:\/\/www.shalom.it\/wp-content\/uploads\/2026\/09\/Francesca-Nocerino-POV.webp\",\"contentUrl\":\"https:\/\/www.shalom.it\/wp-content\/uploads\/2026\/09\/Francesca-Nocerino-POV.webp\",\"width\":1400,\"height\":900},{\"@type\":\"BreadcrumbList\",\"@id\":\"https:\/\/www.shalom.it\/italia\/lido-glamour-pro-pal-e-attivismo-a-scatola-chiusa\/#breadcrumb\",\"itemListElement\":[{\"@type\":\"ListItem\",\"position\":1,\"name\":\"Home\",\"item\":\"https:\/\/www.shalom.it\/\"},{\"@type\":\"ListItem\",\"position\":2,\"name\":\"Lido, glamour pro-Pal e attivismo a scatola chiusa\"}]},{\"@type\":\"WebSite\",\"@id\":\"https:\/\/www.shalom.it\/#website\",\"url\":\"https:\/\/www.shalom.it\/\",\"name\":\"Shalom\",\"description\":\"Il Magazine della comunit\u00e0 ebraica di Roma\",\"potentialAction\":[{\"@type\":\"SearchAction\",\"target\":{\"@type\":\"EntryPoint\",\"urlTemplate\":\"https:\/\/www.shalom.it\/?s={search_term_string}\"},\"query-input\":{\"@type\":\"PropertyValueSpecification\",\"valueRequired\":true,\"valueName\":\"search_term_string\"}}],\"inLanguage\":\"it-IT\"},{\"@type\":\"Person\",\"@id\":\"https:\/\/www.shalom.it\/#\/schema\/person\/d6d60e821a49d2a420ffe01f7af79dd8\",\"name\":\"Redazione\",\"url\":\"https:\/\/www.shalom.it\/author\/redazione\/\"}]}<\/script>\n<!-- \/ Yoast SEO plugin. -->","yoast_head_json":{"title":"Lido, glamour pro-Pal e attivismo a scatola chiusa - Shalom","robots":{"index":"index","follow":"follow","max-snippet":"max-snippet:-1","max-image-preview":"max-image-preview:large","max-video-preview":"max-video-preview:-1"},"canonical":"https:\/\/www.shalom.it\/italia\/lido-glamour-pro-pal-e-attivismo-a-scatola-chiusa\/","og_locale":"it_IT","og_type":"article","og_title":"Lido, glamour pro-Pal e attivismo a scatola chiusa - Shalom","og_description":"VENEZIA 83: Mai privarsi dell\u2019impegno politico d\u2019ordinanza. E quest\u2019anno \u00e8 toccato a chi conduce le serate al Lido interpretare la parte giusta per compiacere il salotto buono dello spettacolo.\u00a0 Il cinema e gli artisti contro la guerra e la violenza sui civili: in Sudan? In Ucraina? Nello Yemen o in Somalia? In qualcun altro dei [&hellip;]","og_url":"https:\/\/www.shalom.it\/italia\/lido-glamour-pro-pal-e-attivismo-a-scatola-chiusa\/","og_site_name":"Shalom","article_published_time":"2026-09-05T22:10:43+00:00","og_image":[{"width":1400,"height":900,"url":"https:\/\/www.shalom.it\/wp-content\/uploads\/2026\/09\/Francesca-Nocerino-POV.webp","type":"image\/webp"}],"author":"Redazione","twitter_card":"summary_large_image","twitter_misc":{"Scritto da":"Redazione","Tempo di lettura stimato":"3 minuti"},"schema":{"@context":"https:\/\/schema.org","@graph":[{"@type":"Article","@id":"https:\/\/www.shalom.it\/italia\/lido-glamour-pro-pal-e-attivismo-a-scatola-chiusa\/#article","isPartOf":{"@id":"https:\/\/www.shalom.it\/italia\/lido-glamour-pro-pal-e-attivismo-a-scatola-chiusa\/"},"author":{"name":"Redazione","@id":"https:\/\/www.shalom.it\/#\/schema\/person\/d6d60e821a49d2a420ffe01f7af79dd8"},"headline":"Lido, glamour pro-Pal e attivismo a scatola chiusa","datePublished":"2026-09-05T22:10:43+00:00","mainEntityOfPage":{"@id":"https:\/\/www.shalom.it\/italia\/lido-glamour-pro-pal-e-attivismo-a-scatola-chiusa\/"},"wordCount":458,"image":{"@id":"https:\/\/www.shalom.it\/italia\/lido-glamour-pro-pal-e-attivismo-a-scatola-chiusa\/#primaryimage"},"thumbnailUrl":"https:\/\/www.shalom.it\/wp-content\/uploads\/2026\/09\/Francesca-Nocerino-POV.webp","articleSection":["ITALIA"],"inLanguage":"it-IT"},{"@type":"WebPage","@id":"https:\/\/www.shalom.it\/italia\/lido-glamour-pro-pal-e-attivismo-a-scatola-chiusa\/","url":"https:\/\/www.shalom.it\/italia\/lido-glamour-pro-pal-e-attivismo-a-scatola-chiusa\/","name":"Lido, glamour pro-Pal e attivismo a scatola chiusa - Shalom","isPartOf":{"@id":"https:\/\/www.shalom.it\/#website"},"primaryImageOfPage":{"@id":"https:\/\/www.shalom.it\/italia\/lido-glamour-pro-pal-e-attivismo-a-scatola-chiusa\/#primaryimage"},"image":{"@id":"https:\/\/www.shalom.it\/italia\/lido-glamour-pro-pal-e-attivismo-a-scatola-chiusa\/#primaryimage"},"thumbnailUrl":"https:\/\/www.shalom.it\/wp-content\/uploads\/2026\/09\/Francesca-Nocerino-POV.webp","datePublished":"2026-09-05T22:10:43+00:00","author":{"@id":"https:\/\/www.shalom.it\/#\/schema\/person\/d6d60e821a49d2a420ffe01f7af79dd8"},"breadcrumb":{"@id":"https:\/\/www.shalom.it\/italia\/lido-glamour-pro-pal-e-attivismo-a-scatola-chiusa\/#breadcrumb"},"inLanguage":"it-IT","potentialAction":[{"@type":"ReadAction","target":["https:\/\/www.shalom.it\/italia\/lido-glamour-pro-pal-e-attivismo-a-scatola-chiusa\/"]}]},{"@type":"ImageObject","inLanguage":"it-IT","@id":"https:\/\/www.shalom.it\/italia\/lido-glamour-pro-pal-e-attivismo-a-scatola-chiusa\/#primaryimage","url":"https:\/\/www.shalom.it\/wp-content\/uploads\/2026\/09\/Francesca-Nocerino-POV.webp","contentUrl":"https:\/\/www.shalom.it\/wp-content\/uploads\/2026\/09\/Francesca-Nocerino-POV.webp","width":1400,"height":900},{"@type":"BreadcrumbList","@id":"https:\/\/www.shalom.it\/italia\/lido-glamour-pro-pal-e-attivismo-a-scatola-chiusa\/#breadcrumb","itemListElement":[{"@type":"ListItem","position":1,"name":"Home","item":"https:\/\/www.shalom.it\/"},{"@type":"ListItem","position":2,"name":"Lido, glamour pro-Pal e attivismo a scatola chiusa"}]},{"@type":"WebSite","@id":"https:\/\/www.shalom.it\/#website","url":"https:\/\/www.shalom.it\/","name":"Shalom","description":"Il Magazine della comunit\u00e0 ebraica di Roma","potentialAction":[{"@type":"SearchAction","target":{"@type":"EntryPoint","urlTemplate":"https:\/\/www.shalom.it\/?s={search_term_string}"},"query-input":{"@type":"PropertyValueSpecification","valueRequired":true,"valueName":"search_term_string"}}],"inLanguage":"it-IT"},{"@type":"Person","@id":"https:\/\/www.shalom.it\/#\/schema\/person\/d6d60e821a49d2a420ffe01f7af79dd8","name":"Redazione","url":"https:\/\/www.shalom.it\/author\/redazione\/"}]}},"jetpack_featured_media_url":"https:\/\/www.shalom.it\/wp-content\/uploads\/2026\/09\/Francesca-Nocerino-POV.webp","jetpack_sharing_enabled":true,"_links":{"self":[{"href":"https:\/\/www.shalom.it\/wp-json\/wp\/v2\/posts\/148541","targetHints":{"allow":["GET"]}}],"collection":[{"href":"https:\/\/www.shalom.it\/wp-json\/wp\/v2\/posts"}],"about":[{"href":"https:\/\/www.shalom.it\/wp-json\/wp\/v2\/types\/post"}],"author":[{"embeddable":true,"href":"https:\/\/www.shalom.it\/wp-json\/wp\/v2\/users\/3"}],"replies":[{"embeddable":true,"href":"https:\/\/www.shalom.it\/wp-json\/wp\/v2\/comments?post=148541"}],"version-history":[{"count":1,"href":"https:\/\/www.shalom.it\/wp-json\/wp\/v2\/posts\/148541\/revisions"}],"predecessor-version":[{"id":148545,"href":"https:\/\/www.shalom.it\/wp-json\/wp\/v2\/posts\/148541\/revisions\/148545"}],"wp:featuredmedia":[{"embeddable":true,"href":"https:\/\/www.shalom.it\/wp-json\/wp\/v2\/media\/148542"}],"wp:attachment":[{"href":"https:\/\/www.shalom.it\/wp-json\/wp\/v2\/media?parent=148541"}],"wp:term":[{"taxonomy":"category","embeddable":true,"href":"https:\/\/www.shalom.it\/wp-json\/wp\/v2\/categories?post=148541"},{"taxonomy":"post_tag","embeddable":true,"href":"https:\/\/www.shalom.it\/wp-json\/wp\/v2\/tags?post=148541"}],"curies":[{"name":"wp","href":"https:\/\/api.w.org\/{rel}","templated":true}]}}