{"id":148525,"date":"2026-09-04T14:48:35","date_gmt":"2026-09-04T12:48:35","guid":{"rendered":"https:\/\/www.shalom.it\/?p=148525"},"modified":"2026-09-04T15:43:37","modified_gmt":"2026-09-04T13:43:37","slug":"addio-a-gloria-steinem-pioniera-del-femminismo-americano","status":"publish","type":"post","link":"https:\/\/www.shalom.it\/mondo\/addio-a-gloria-steinem-pioniera-del-femminismo-americano\/","title":{"rendered":"Addio a Gloria Steinem, pioniera del femminismo americano"},"content":{"rendered":"<p>Gloria Steinem, una delle figure pi\u00f9 riconoscibili e influenti del femminismo americano, \u00e8 morta all&#8217;et\u00e0 di 92 anni. Per oltre mezzo secolo \u00e8 stata giornalista, scrittrice, organizzatrice politica e instancabile protagonista delle battaglie per l&#8217;uguaglianza di genere, diventando una delle voci simbolo della seconda ondata del movimento femminista negli Stati Uniti.<br \/>\nNata a Toledo, in Ohio, nel 1934, Steinem apparteneva a quella generazione di donne che, tra gli anni Sessanta e Settanta, mise in discussione ruoli sociali, discriminazioni e rapporti di potere considerati fino ad allora quasi immutabili. Il suo giornalismo e la sua attivit\u00e0 politica contribuirono a portare il tema dei diritti delle donne dal margine del dibattito pubblico al centro della politica americana.<br \/>\nMa Steinem non fu soltanto una militante. Fu anche una giornalista capace di utilizzare la scrittura e i media come strumenti di denuncia. Nel corso della sua carriera raccont\u00f2 la condizione femminile, critic\u00f2 le disuguaglianze economiche e sociali e si batt\u00e9 per una maggiore rappresentanza delle donne nella vita pubblica.<br \/>\nLa sua influenza fu particolarmente forte negli anni Settanta, quando il movimento femminista americano attravers\u00f2 una fase di straordinaria espansione. Steinem divenne una delle sue portavoce pi\u00f9 note, contribuendo a dare forma a un movimento che chiedeva non soltanto nuovi diritti, ma una trasformazione profonda della societ\u00e0.<br \/>\nLa sua notoriet\u00e0 non fu priva di controversie. Come molte figure di primo piano del femminismo, Steinem fu criticata sia dall&#8217;esterno sia dall&#8217;interno del movimento. Le vennero contestate alcune posizioni politiche e, nel corso degli anni, il suo ruolo stesso di icona mediatica fu oggetto di discussione.<br \/>\nProprio questa capacit\u00e0 di suscitare dibattito, tuttavia, fa parte della sua eredit\u00e0. Steinem contribu\u00ec a rendere il femminismo una questione impossibile da ignorare per la politica e per la cultura americana.<br \/>\nUn aspetto particolarmente significativo della sua biografia fu il rapporto con l&#8217;identit\u00e0 ebraica. La Jewish Telegraphic Agency, nel darne la notizia, ha ricordato una delle sue dichiarazioni pi\u00f9 nette: &#8220;Ovunque ci sia antisemitismo, mi identifico come ebrea&#8221;.<br \/>\nNon si trattava per Steinem di un&#8217;identit\u00e0 separata dal suo impegno politico. Al contrario, la questione ebraica entrava nella sua pi\u00f9 ampia riflessione sull&#8217;oppressione, sulla discriminazione e sulla necessit\u00e0 di difendere i diritti delle minoranze.<br \/>\nLa sua figura \u00e8 stata cos\u00ec significativa anche per il mondo ebraico progressista americano, dove la tradizione dell&#8217;impegno sociale e quella della lotta per i diritti delle donne hanno spesso trovato punti di contatto.<\/p>\n<p>A distanza di decenni dalle battaglie che la resero famosa, molte delle questioni affrontate da Steinem restano al centro del dibattito politico: parit\u00e0 salariale, accesso delle donne al potere, libert\u00e0 riproduttiva, violenza di genere e rappresentanza.<br \/>\nLa sua morte chiude una delle grandi parabole del femminismo americano del Novecento, ma difficilmente ne canceller\u00e0 l&#8217;influenza. Steinem appartiene a quella generazione di attivisti che non si limitarono a chiedere riforme: contribuirono a modificare il linguaggio con cui una societ\u00e0 parlava di s\u00e9 stessa.<br \/>\nPer milioni di donne americane, il suo nome \u00e8 rimasto legato alla possibilit\u00e0 di trasformare una condizione privata in una questione pubblica e politica. Ed \u00e8 forse questa la parte pi\u00f9 duratura della sua eredit\u00e0: l&#8217;idea che l&#8217;uguaglianza non sia una concessione, ma una battaglia collettiva.<br \/>\nCon la sua scomparsa, a 92 anni, se ne va una delle protagoniste della lunga storia americana dei diritti civili e delle donne. Una storia alla quale Gloria Steinem ha dato voce, visibilit\u00e0 e, soprattutto, una nuova grammatica politica.<\/p>\n<p style=\"font-size: 12px; color: #666;\">Foto di Gloria Steinem tramite <a href=\"https:\/\/commons.wikimedia.org\/wiki\/File:Gloria_Steinem_(29715800406).jpg\" target=\"_blank\" rel=\"noopener\">Wikimedia Commons<\/a> (<a href=\"https:\/\/creativecommons.org\/licenses\/by-sa\/2.0\/\" target=\"_blank\" rel=\"noopener\">CC BY-SA 2.0<\/a>).<\/p>\n","protected":false},"excerpt":{"rendered":"<p>Gloria Steinem, una delle figure pi\u00f9 riconoscibili e influenti del femminismo americano, \u00e8 morta all&#8217;et\u00e0 di 92 anni. Per oltre mezzo secolo \u00e8 stata giornalista, scrittrice, organizzatrice politica e instancabile protagonista delle battaglie per l&#8217;uguaglianza di genere, diventando una delle voci simbolo della seconda ondata del movimento femminista negli Stati Uniti. Nata a Toledo, in [&hellip;]<\/p>\n","protected":false},"author":89,"featured_media":148526,"comment_status":"closed","ping_status":"closed","sticky":false,"template":"","format":"standard","meta":{"_acf_changed":false,"_jetpack_memberships_contains_paid_content":false,"footnotes":""},"categories":[6],"tags":[],"class_list":["post-148525","post","type-post","status-publish","format-standard","has-post-thumbnail","hentry","category-mondo"],"acf":[],"yoast_head":"<!-- This site is optimized with the Yoast SEO plugin v26.9 - https:\/\/yoast.com\/product\/yoast-seo-wordpress\/ -->\n<title>Addio a Gloria Steinem, pioniera del femminismo americano - Shalom<\/title>\n<meta name=\"robots\" content=\"index, follow, max-snippet:-1, max-image-preview:large, max-video-preview:-1\" \/>\n<link rel=\"canonical\" href=\"https:\/\/www.shalom.it\/mondo\/addio-a-gloria-steinem-pioniera-del-femminismo-americano\/\" \/>\n<meta property=\"og:locale\" content=\"it_IT\" \/>\n<meta property=\"og:type\" content=\"article\" \/>\n<meta property=\"og:title\" content=\"Addio a Gloria Steinem, pioniera del femminismo americano - Shalom\" \/>\n<meta property=\"og:description\" content=\"Gloria Steinem, una delle figure pi\u00f9 riconoscibili e influenti del femminismo americano, \u00e8 morta all&#8217;et\u00e0 di 92 anni. Per oltre mezzo secolo \u00e8 stata giornalista, scrittrice, organizzatrice politica e instancabile protagonista delle battaglie per l&#8217;uguaglianza di genere, diventando una delle voci simbolo della seconda ondata del movimento femminista negli Stati Uniti. Nata a Toledo, in [&hellip;]\" \/>\n<meta property=\"og:url\" content=\"https:\/\/www.shalom.it\/mondo\/addio-a-gloria-steinem-pioniera-del-femminismo-americano\/\" \/>\n<meta property=\"og:site_name\" content=\"Shalom\" \/>\n<meta property=\"article:published_time\" content=\"2026-09-04T12:48:35+00:00\" \/>\n<meta property=\"article:modified_time\" content=\"2026-09-04T13:43:37+00:00\" \/>\n<meta property=\"og:image\" content=\"https:\/\/www.shalom.it\/wp-content\/uploads\/2026\/09\/Gloria-Steinem.webp\" \/>\n\t<meta property=\"og:image:width\" content=\"1400\" \/>\n\t<meta property=\"og:image:height\" content=\"719\" \/>\n\t<meta property=\"og:image:type\" content=\"image\/webp\" \/>\n<meta name=\"author\" content=\"Michelle Zarfati\" \/>\n<meta name=\"twitter:card\" content=\"summary_large_image\" \/>\n<meta name=\"twitter:label1\" content=\"Scritto da\" \/>\n\t<meta name=\"twitter:data1\" content=\"Michelle Zarfati\" \/>\n\t<meta name=\"twitter:label2\" content=\"Tempo di lettura stimato\" \/>\n\t<meta name=\"twitter:data2\" content=\"4 minuti\" \/>\n<script type=\"application\/ld+json\" class=\"yoast-schema-graph\">{\"@context\":\"https:\/\/schema.org\",\"@graph\":[{\"@type\":\"Article\",\"@id\":\"https:\/\/www.shalom.it\/mondo\/addio-a-gloria-steinem-pioniera-del-femminismo-americano\/#article\",\"isPartOf\":{\"@id\":\"https:\/\/www.shalom.it\/mondo\/addio-a-gloria-steinem-pioniera-del-femminismo-americano\/\"},\"author\":{\"name\":\"Michelle Zarfati\",\"@id\":\"https:\/\/www.shalom.it\/#\/schema\/person\/d9f18de0c8e16f0e7113889b42fd88c0\"},\"headline\":\"Addio a Gloria Steinem, pioniera del femminismo americano\",\"datePublished\":\"2026-09-04T12:48:35+00:00\",\"dateModified\":\"2026-09-04T13:43:37+00:00\",\"mainEntityOfPage\":{\"@id\":\"https:\/\/www.shalom.it\/mondo\/addio-a-gloria-steinem-pioniera-del-femminismo-americano\/\"},\"wordCount\":582,\"image\":{\"@id\":\"https:\/\/www.shalom.it\/mondo\/addio-a-gloria-steinem-pioniera-del-femminismo-americano\/#primaryimage\"},\"thumbnailUrl\":\"https:\/\/www.shalom.it\/wp-content\/uploads\/2026\/09\/Gloria-Steinem.webp\",\"articleSection\":[\"Mondo\"],\"inLanguage\":\"it-IT\"},{\"@type\":\"WebPage\",\"@id\":\"https:\/\/www.shalom.it\/mondo\/addio-a-gloria-steinem-pioniera-del-femminismo-americano\/\",\"url\":\"https:\/\/www.shalom.it\/mondo\/addio-a-gloria-steinem-pioniera-del-femminismo-americano\/\",\"name\":\"Addio a Gloria Steinem, pioniera del femminismo americano - Shalom\",\"isPartOf\":{\"@id\":\"https:\/\/www.shalom.it\/#website\"},\"primaryImageOfPage\":{\"@id\":\"https:\/\/www.shalom.it\/mondo\/addio-a-gloria-steinem-pioniera-del-femminismo-americano\/#primaryimage\"},\"image\":{\"@id\":\"https:\/\/www.shalom.it\/mondo\/addio-a-gloria-steinem-pioniera-del-femminismo-americano\/#primaryimage\"},\"thumbnailUrl\":\"https:\/\/www.shalom.it\/wp-content\/uploads\/2026\/09\/Gloria-Steinem.webp\",\"datePublished\":\"2026-09-04T12:48:35+00:00\",\"dateModified\":\"2026-09-04T13:43:37+00:00\",\"author\":{\"@id\":\"https:\/\/www.shalom.it\/#\/schema\/person\/d9f18de0c8e16f0e7113889b42fd88c0\"},\"breadcrumb\":{\"@id\":\"https:\/\/www.shalom.it\/mondo\/addio-a-gloria-steinem-pioniera-del-femminismo-americano\/#breadcrumb\"},\"inLanguage\":\"it-IT\",\"potentialAction\":[{\"@type\":\"ReadAction\",\"target\":[\"https:\/\/www.shalom.it\/mondo\/addio-a-gloria-steinem-pioniera-del-femminismo-americano\/\"]}]},{\"@type\":\"ImageObject\",\"inLanguage\":\"it-IT\",\"@id\":\"https:\/\/www.shalom.it\/mondo\/addio-a-gloria-steinem-pioniera-del-femminismo-americano\/#primaryimage\",\"url\":\"https:\/\/www.shalom.it\/wp-content\/uploads\/2026\/09\/Gloria-Steinem.webp\",\"contentUrl\":\"https:\/\/www.shalom.it\/wp-content\/uploads\/2026\/09\/Gloria-Steinem.webp\",\"width\":1400,\"height\":719},{\"@type\":\"BreadcrumbList\",\"@id\":\"https:\/\/www.shalom.it\/mondo\/addio-a-gloria-steinem-pioniera-del-femminismo-americano\/#breadcrumb\",\"itemListElement\":[{\"@type\":\"ListItem\",\"position\":1,\"name\":\"Home\",\"item\":\"https:\/\/www.shalom.it\/\"},{\"@type\":\"ListItem\",\"position\":2,\"name\":\"Addio a Gloria Steinem, pioniera del femminismo americano\"}]},{\"@type\":\"WebSite\",\"@id\":\"https:\/\/www.shalom.it\/#website\",\"url\":\"https:\/\/www.shalom.it\/\",\"name\":\"Shalom\",\"description\":\"Il Magazine della comunit\u00e0 ebraica di Roma\",\"potentialAction\":[{\"@type\":\"SearchAction\",\"target\":{\"@type\":\"EntryPoint\",\"urlTemplate\":\"https:\/\/www.shalom.it\/?s={search_term_string}\"},\"query-input\":{\"@type\":\"PropertyValueSpecification\",\"valueRequired\":true,\"valueName\":\"search_term_string\"}}],\"inLanguage\":\"it-IT\"},{\"@type\":\"Person\",\"@id\":\"https:\/\/www.shalom.it\/#\/schema\/person\/d9f18de0c8e16f0e7113889b42fd88c0\",\"name\":\"Michelle Zarfati\",\"url\":\"https:\/\/www.shalom.it\/author\/michellezarfati\/\"}]}<\/script>\n<!-- \/ Yoast SEO plugin. -->","yoast_head_json":{"title":"Addio a Gloria Steinem, pioniera del femminismo americano - Shalom","robots":{"index":"index","follow":"follow","max-snippet":"max-snippet:-1","max-image-preview":"max-image-preview:large","max-video-preview":"max-video-preview:-1"},"canonical":"https:\/\/www.shalom.it\/mondo\/addio-a-gloria-steinem-pioniera-del-femminismo-americano\/","og_locale":"it_IT","og_type":"article","og_title":"Addio a Gloria Steinem, pioniera del femminismo americano - Shalom","og_description":"Gloria Steinem, una delle figure pi\u00f9 riconoscibili e influenti del femminismo americano, \u00e8 morta all&#8217;et\u00e0 di 92 anni. Per oltre mezzo secolo \u00e8 stata giornalista, scrittrice, organizzatrice politica e instancabile protagonista delle battaglie per l&#8217;uguaglianza di genere, diventando una delle voci simbolo della seconda ondata del movimento femminista negli Stati Uniti. Nata a Toledo, in [&hellip;]","og_url":"https:\/\/www.shalom.it\/mondo\/addio-a-gloria-steinem-pioniera-del-femminismo-americano\/","og_site_name":"Shalom","article_published_time":"2026-09-04T12:48:35+00:00","article_modified_time":"2026-09-04T13:43:37+00:00","og_image":[{"width":1400,"height":719,"url":"https:\/\/www.shalom.it\/wp-content\/uploads\/2026\/09\/Gloria-Steinem.webp","type":"image\/webp"}],"author":"Michelle Zarfati","twitter_card":"summary_large_image","twitter_misc":{"Scritto da":"Michelle Zarfati","Tempo di lettura stimato":"4 minuti"},"schema":{"@context":"https:\/\/schema.org","@graph":[{"@type":"Article","@id":"https:\/\/www.shalom.it\/mondo\/addio-a-gloria-steinem-pioniera-del-femminismo-americano\/#article","isPartOf":{"@id":"https:\/\/www.shalom.it\/mondo\/addio-a-gloria-steinem-pioniera-del-femminismo-americano\/"},"author":{"name":"Michelle Zarfati","@id":"https:\/\/www.shalom.it\/#\/schema\/person\/d9f18de0c8e16f0e7113889b42fd88c0"},"headline":"Addio a Gloria Steinem, pioniera del femminismo americano","datePublished":"2026-09-04T12:48:35+00:00","dateModified":"2026-09-04T13:43:37+00:00","mainEntityOfPage":{"@id":"https:\/\/www.shalom.it\/mondo\/addio-a-gloria-steinem-pioniera-del-femminismo-americano\/"},"wordCount":582,"image":{"@id":"https:\/\/www.shalom.it\/mondo\/addio-a-gloria-steinem-pioniera-del-femminismo-americano\/#primaryimage"},"thumbnailUrl":"https:\/\/www.shalom.it\/wp-content\/uploads\/2026\/09\/Gloria-Steinem.webp","articleSection":["Mondo"],"inLanguage":"it-IT"},{"@type":"WebPage","@id":"https:\/\/www.shalom.it\/mondo\/addio-a-gloria-steinem-pioniera-del-femminismo-americano\/","url":"https:\/\/www.shalom.it\/mondo\/addio-a-gloria-steinem-pioniera-del-femminismo-americano\/","name":"Addio a Gloria Steinem, pioniera del femminismo americano - Shalom","isPartOf":{"@id":"https:\/\/www.shalom.it\/#website"},"primaryImageOfPage":{"@id":"https:\/\/www.shalom.it\/mondo\/addio-a-gloria-steinem-pioniera-del-femminismo-americano\/#primaryimage"},"image":{"@id":"https:\/\/www.shalom.it\/mondo\/addio-a-gloria-steinem-pioniera-del-femminismo-americano\/#primaryimage"},"thumbnailUrl":"https:\/\/www.shalom.it\/wp-content\/uploads\/2026\/09\/Gloria-Steinem.webp","datePublished":"2026-09-04T12:48:35+00:00","dateModified":"2026-09-04T13:43:37+00:00","author":{"@id":"https:\/\/www.shalom.it\/#\/schema\/person\/d9f18de0c8e16f0e7113889b42fd88c0"},"breadcrumb":{"@id":"https:\/\/www.shalom.it\/mondo\/addio-a-gloria-steinem-pioniera-del-femminismo-americano\/#breadcrumb"},"inLanguage":"it-IT","potentialAction":[{"@type":"ReadAction","target":["https:\/\/www.shalom.it\/mondo\/addio-a-gloria-steinem-pioniera-del-femminismo-americano\/"]}]},{"@type":"ImageObject","inLanguage":"it-IT","@id":"https:\/\/www.shalom.it\/mondo\/addio-a-gloria-steinem-pioniera-del-femminismo-americano\/#primaryimage","url":"https:\/\/www.shalom.it\/wp-content\/uploads\/2026\/09\/Gloria-Steinem.webp","contentUrl":"https:\/\/www.shalom.it\/wp-content\/uploads\/2026\/09\/Gloria-Steinem.webp","width":1400,"height":719},{"@type":"BreadcrumbList","@id":"https:\/\/www.shalom.it\/mondo\/addio-a-gloria-steinem-pioniera-del-femminismo-americano\/#breadcrumb","itemListElement":[{"@type":"ListItem","position":1,"name":"Home","item":"https:\/\/www.shalom.it\/"},{"@type":"ListItem","position":2,"name":"Addio a Gloria Steinem, pioniera del femminismo americano"}]},{"@type":"WebSite","@id":"https:\/\/www.shalom.it\/#website","url":"https:\/\/www.shalom.it\/","name":"Shalom","description":"Il Magazine della comunit\u00e0 ebraica di Roma","potentialAction":[{"@type":"SearchAction","target":{"@type":"EntryPoint","urlTemplate":"https:\/\/www.shalom.it\/?s={search_term_string}"},"query-input":{"@type":"PropertyValueSpecification","valueRequired":true,"valueName":"search_term_string"}}],"inLanguage":"it-IT"},{"@type":"Person","@id":"https:\/\/www.shalom.it\/#\/schema\/person\/d9f18de0c8e16f0e7113889b42fd88c0","name":"Michelle Zarfati","url":"https:\/\/www.shalom.it\/author\/michellezarfati\/"}]}},"jetpack_featured_media_url":"https:\/\/www.shalom.it\/wp-content\/uploads\/2026\/09\/Gloria-Steinem.webp","jetpack_sharing_enabled":true,"_links":{"self":[{"href":"https:\/\/www.shalom.it\/wp-json\/wp\/v2\/posts\/148525","targetHints":{"allow":["GET"]}}],"collection":[{"href":"https:\/\/www.shalom.it\/wp-json\/wp\/v2\/posts"}],"about":[{"href":"https:\/\/www.shalom.it\/wp-json\/wp\/v2\/types\/post"}],"author":[{"embeddable":true,"href":"https:\/\/www.shalom.it\/wp-json\/wp\/v2\/users\/89"}],"replies":[{"embeddable":true,"href":"https:\/\/www.shalom.it\/wp-json\/wp\/v2\/comments?post=148525"}],"version-history":[{"count":2,"href":"https:\/\/www.shalom.it\/wp-json\/wp\/v2\/posts\/148525\/revisions"}],"predecessor-version":[{"id":148532,"href":"https:\/\/www.shalom.it\/wp-json\/wp\/v2\/posts\/148525\/revisions\/148532"}],"wp:featuredmedia":[{"embeddable":true,"href":"https:\/\/www.shalom.it\/wp-json\/wp\/v2\/media\/148526"}],"wp:attachment":[{"href":"https:\/\/www.shalom.it\/wp-json\/wp\/v2\/media?parent=148525"}],"wp:term":[{"taxonomy":"category","embeddable":true,"href":"https:\/\/www.shalom.it\/wp-json\/wp\/v2\/categories?post=148525"},{"taxonomy":"post_tag","embeddable":true,"href":"https:\/\/www.shalom.it\/wp-json\/wp\/v2\/tags?post=148525"}],"curies":[{"name":"wp","href":"https:\/\/api.w.org\/{rel}","templated":true}]}}