{"id":148480,"date":"2026-09-04T00:09:53","date_gmt":"2026-09-03T22:09:53","guid":{"rendered":"https:\/\/www.shalom.it\/?p=148480"},"modified":"2026-09-03T09:12:36","modified_gmt":"2026-09-03T07:12:36","slug":"pollo-al-forno-al-limone-miele-ed-erbe-con-verdure","status":"publish","type":"post","link":"https:\/\/www.shalom.it\/cultura\/pollo-al-forno-al-limone-miele-ed-erbe-con-verdure\/","title":{"rendered":"Pollo al forno al limone, miele ed erbe con verdure"},"content":{"rendered":"<p>Settembre ha sempre qualcosa di strano. Non \u00e8 davvero un nuovo anno, almeno non ancora. Per noi ebrei il vero inizio deve ancora arrivare, con Rosh Hashan\u00e0, i chaghim, le tavole apparecchiate e tutto ci\u00f2 che questo periodo porta con s\u00e9. Eppure settembre ha gi\u00e0 il sapore di un nuovo inizio.<\/p>\n<p>Finiscono le vacanze, si disfano le ultime valigie, i bambini tornano a scuola, ricominciano gli orari, le sveglie, gli impegni. Il frigorifero torna a riempirsi pensando non alla cena speciale del sabato sera o agli amici invitati all&#8217;ultimo momento, ma alla domanda molto pi\u00f9 quotidiana: \u201cCosa preparo stasera?\u201d.<\/p>\n<p>Per anni ho pensato che il ritorno alla normalit\u00e0 fosse la parte meno interessante dell&#8217;anno. Dopo l&#8217;estate sembra quasi che tutto diventi improvvisamente pi\u00f9 serio: calendari, liste, appuntamenti, lavoro, scuola. Oggi, invece, credo che ci sia qualcosa di profondamente rassicurante nella normalit\u00e0.<\/p>\n<p>La routine, quando non diventa una gabbia, ci rimette in ordine. Anche in cucina.<\/p>\n<p>D&#8217;estate mangiamo a orari improbabili, apriamo il frigorifero e improvvisiamo, pranziamo fuori, ceniamo tardi, compriamo cose che normalmente non compreremmo. Ed \u00e8 bellissimo cos\u00ec. Ma arriva un momento in cui il corpo stesso sembra chiedere di tornare a casa: una verdura cotta, un piatto semplice, qualcosa che profumi di cucina vera. E forse non \u00e8 un caso che proprio mentre riprendiamo i nostri ritmi ci avviciniamo a Rosh Hashan\u00e0.<\/p>\n<p>L&#8217;ebraismo attribuisce un valore enorme alla ripetizione. Le berachot che diciamo ogni giorno, lo Shabbat che ritorna ogni settimana, le feste che ritornano ogni anno. Non abbiamo bisogno che ogni giorno sia straordinario. Al contrario, buona parte della nostra vita ebraica si costruisce attraverso piccoli gesti ripetuti. Anche una cena preparata per la famiglia pu\u00f2 essere uno di quei gesti.<\/p>\n<p>Non deve essere complicata. Non deve avere dodici ingredienti introvabili e nemmeno richiedere tre ore in cucina. A settembre, soprattutto, abbiamo bisogno di ricette che lavorino un po&#8217; al posto nostro. Per questo ho scelto una delle mie formule preferite: una teglia e basta.<\/p>\n<p>Pollo, verdure, limone, erbe aromatiche e un pochino di miele. Il miele \u00e8 quasi un&#8217;anticipazione di Rosh Hashan\u00e0, ma qui non serve a rendere il pollo dolce: crea semplicemente quella bella caramellizzazione che trasforma una cena normalissima in qualcosa che profuma di casa.<\/p>\n<p>Mettete tutto insieme, infilate la teglia nel forno e, mentre cuoce, potete occuparvi delle altre cento cose che settembre inevitabilmente porta con s\u00e9.<\/p>\n<p>Forse \u00e8 proprio questa la normalit\u00e0 che mi piace: non quella perfetta, ordinata e instagrammabile. Quella vera. Quella in cui qualcuno cerca un quaderno che non trova, qualcun altro chiede cosa c&#8217;\u00e8 per cena e noi abbiamo ancora una lavatrice da stendere. Ma dal forno arriva un buon profumo. E per quella sera, almeno la cena, \u00e8 risolta.<\/p>\n<p>Pollo al forno al limone, miele ed erbe con verdure<\/p>\n<p><strong><em><u>Ingredienti<\/u><\/em><\/strong><\/p>\n<ul>\n<li>6 cosce e sovracosce di pollo, oppure 8 pezzi di pollo<\/li>\n<li>700 g di patate piccole<\/li>\n<li>3 carote<\/li>\n<li>2 cipolle<\/li>\n<li>1 zucchina grande<\/li>\n<li>1 limone<\/li>\n<li>4 spicchi d&#8217;aglio<\/li>\n<li>3 cucchiai di olio extravergine d&#8217;oliva<\/li>\n<li>1 cucchiaio abbondante di miele<\/li>\n<li>1 cucchiaio di senape<\/li>\n<li>il succo di 1 limone<\/li>\n<li>1 cucchiaino di paprika dolce<\/li>\n<li>1 cucchiaino di timo<\/li>\n<li>qualche rametto di rosmarino<\/li>\n<li>sale<\/li>\n<li>pepe<\/li>\n<\/ul>\n<p><strong><em><u>Preparazione<\/u><\/em><\/strong><\/p>\n<p>Scaldate il forno a 200\u00b0C. Lavate bene le patate e, se sono piccole, lasciatele intere; altrimenti tagliatele a met\u00e0. Pelate le carote e tagliatele a pezzi piuttosto grandi. Tagliate anche le cipolle a spicchi e la zucchina a rondelle spesse.<\/p>\n<p>Disponete tutte le verdure in una teglia capiente insieme agli spicchi d&#8217;aglio. In una ciotolina mescolate l&#8217;olio con il miele, la senape, il succo di limone, la paprika, il timo, sale e pepe.<\/p>\n<p>Sistemate il pollo sopra le verdure e versate il condimento su tutto, massaggiandolo bene con le mani in modo che raggiunga sia il pollo sia le verdure.<\/p>\n<p>Tagliate l&#8217;altro limone a fettine e distribuitelo nella teglia insieme al rosmarino.<\/p>\n<p>Infornate per circa 50-60 minuti, girando delicatamente le verdure una volta durante la cottura. Il pollo dovr\u00e0 essere ben dorato e le verdure morbide e leggermente caramellate.<\/p>\n<p>Se volete una superficie ancora pi\u00f9 croccante, negli ultimi 5 minuti alzate la temperatura del forno o utilizzate la funzione grill, controllando attentamente perch\u00e9 il miele tende a colorire velocemente.<\/p>\n<p><em>Illustrazione di Ludovica Anav<\/em><\/p>\n","protected":false},"excerpt":{"rendered":"<p>Settembre ha sempre qualcosa di strano. Non \u00e8 davvero un nuovo anno, almeno non ancora. Per noi ebrei il vero inizio deve ancora arrivare, con Rosh Hashan\u00e0, i chaghim, le tavole apparecchiate e tutto ci\u00f2 che questo periodo porta con s\u00e9. Eppure settembre ha gi\u00e0 il sapore di un nuovo inizio. Finiscono le vacanze, si [&hellip;]<\/p>\n","protected":false},"author":3,"featured_media":148481,"comment_status":"closed","ping_status":"closed","sticky":false,"template":"","format":"standard","meta":{"_acf_changed":false,"_jetpack_memberships_contains_paid_content":false,"footnotes":""},"categories":[7],"tags":[],"class_list":["post-148480","post","type-post","status-publish","format-standard","has-post-thumbnail","hentry","category-cultura"],"acf":[],"yoast_head":"<!-- This site is optimized with the Yoast SEO plugin v26.9 - https:\/\/yoast.com\/product\/yoast-seo-wordpress\/ -->\n<title>Pollo al forno al limone, miele ed erbe con verdure - Shalom<\/title>\n<meta name=\"robots\" content=\"index, follow, max-snippet:-1, max-image-preview:large, max-video-preview:-1\" \/>\n<link rel=\"canonical\" href=\"https:\/\/www.shalom.it\/cultura\/pollo-al-forno-al-limone-miele-ed-erbe-con-verdure\/\" \/>\n<meta property=\"og:locale\" content=\"it_IT\" \/>\n<meta property=\"og:type\" content=\"article\" \/>\n<meta property=\"og:title\" content=\"Pollo al forno al limone, miele ed erbe con verdure - Shalom\" \/>\n<meta property=\"og:description\" content=\"Settembre ha sempre qualcosa di strano. Non \u00e8 davvero un nuovo anno, almeno non ancora. Per noi ebrei il vero inizio deve ancora arrivare, con Rosh Hashan\u00e0, i chaghim, le tavole apparecchiate e tutto ci\u00f2 che questo periodo porta con s\u00e9. Eppure settembre ha gi\u00e0 il sapore di un nuovo inizio. Finiscono le vacanze, si [&hellip;]\" \/>\n<meta property=\"og:url\" content=\"https:\/\/www.shalom.it\/cultura\/pollo-al-forno-al-limone-miele-ed-erbe-con-verdure\/\" \/>\n<meta property=\"og:site_name\" content=\"Shalom\" \/>\n<meta property=\"article:published_time\" content=\"2026-09-03T22:09:53+00:00\" \/>\n<meta property=\"og:image\" content=\"https:\/\/www.shalom.it\/wp-content\/uploads\/2026\/09\/Pollo-al-forno-al-limone-miele-ed-erbe-con-verdure.jpg\" \/>\n\t<meta property=\"og:image:width\" content=\"1754\" \/>\n\t<meta property=\"og:image:height\" content=\"1240\" \/>\n\t<meta property=\"og:image:type\" content=\"image\/jpeg\" \/>\n<meta name=\"author\" content=\"Redazione\" \/>\n<meta name=\"twitter:card\" content=\"summary_large_image\" \/>\n<meta name=\"twitter:label1\" content=\"Scritto da\" \/>\n\t<meta name=\"twitter:data1\" content=\"Redazione\" \/>\n\t<meta name=\"twitter:label2\" content=\"Tempo di lettura stimato\" \/>\n\t<meta name=\"twitter:data2\" content=\"4 minuti\" \/>\n<script type=\"application\/ld+json\" class=\"yoast-schema-graph\">{\"@context\":\"https:\/\/schema.org\",\"@graph\":[{\"@type\":\"Article\",\"@id\":\"https:\/\/www.shalom.it\/cultura\/pollo-al-forno-al-limone-miele-ed-erbe-con-verdure\/#article\",\"isPartOf\":{\"@id\":\"https:\/\/www.shalom.it\/cultura\/pollo-al-forno-al-limone-miele-ed-erbe-con-verdure\/\"},\"author\":{\"name\":\"Redazione\",\"@id\":\"https:\/\/www.shalom.it\/#\/schema\/person\/d6d60e821a49d2a420ffe01f7af79dd8\"},\"headline\":\"Pollo al forno al limone, miele ed erbe con verdure\",\"datePublished\":\"2026-09-03T22:09:53+00:00\",\"mainEntityOfPage\":{\"@id\":\"https:\/\/www.shalom.it\/cultura\/pollo-al-forno-al-limone-miele-ed-erbe-con-verdure\/\"},\"wordCount\":700,\"image\":{\"@id\":\"https:\/\/www.shalom.it\/cultura\/pollo-al-forno-al-limone-miele-ed-erbe-con-verdure\/#primaryimage\"},\"thumbnailUrl\":\"https:\/\/www.shalom.it\/wp-content\/uploads\/2026\/09\/Pollo-al-forno-al-limone-miele-ed-erbe-con-verdure.jpg\",\"articleSection\":[\"Cultura\"],\"inLanguage\":\"it-IT\"},{\"@type\":\"WebPage\",\"@id\":\"https:\/\/www.shalom.it\/cultura\/pollo-al-forno-al-limone-miele-ed-erbe-con-verdure\/\",\"url\":\"https:\/\/www.shalom.it\/cultura\/pollo-al-forno-al-limone-miele-ed-erbe-con-verdure\/\",\"name\":\"Pollo al forno al limone, miele ed erbe con verdure - Shalom\",\"isPartOf\":{\"@id\":\"https:\/\/www.shalom.it\/#website\"},\"primaryImageOfPage\":{\"@id\":\"https:\/\/www.shalom.it\/cultura\/pollo-al-forno-al-limone-miele-ed-erbe-con-verdure\/#primaryimage\"},\"image\":{\"@id\":\"https:\/\/www.shalom.it\/cultura\/pollo-al-forno-al-limone-miele-ed-erbe-con-verdure\/#primaryimage\"},\"thumbnailUrl\":\"https:\/\/www.shalom.it\/wp-content\/uploads\/2026\/09\/Pollo-al-forno-al-limone-miele-ed-erbe-con-verdure.jpg\",\"datePublished\":\"2026-09-03T22:09:53+00:00\",\"author\":{\"@id\":\"https:\/\/www.shalom.it\/#\/schema\/person\/d6d60e821a49d2a420ffe01f7af79dd8\"},\"breadcrumb\":{\"@id\":\"https:\/\/www.shalom.it\/cultura\/pollo-al-forno-al-limone-miele-ed-erbe-con-verdure\/#breadcrumb\"},\"inLanguage\":\"it-IT\",\"potentialAction\":[{\"@type\":\"ReadAction\",\"target\":[\"https:\/\/www.shalom.it\/cultura\/pollo-al-forno-al-limone-miele-ed-erbe-con-verdure\/\"]}]},{\"@type\":\"ImageObject\",\"inLanguage\":\"it-IT\",\"@id\":\"https:\/\/www.shalom.it\/cultura\/pollo-al-forno-al-limone-miele-ed-erbe-con-verdure\/#primaryimage\",\"url\":\"https:\/\/www.shalom.it\/wp-content\/uploads\/2026\/09\/Pollo-al-forno-al-limone-miele-ed-erbe-con-verdure.jpg\",\"contentUrl\":\"https:\/\/www.shalom.it\/wp-content\/uploads\/2026\/09\/Pollo-al-forno-al-limone-miele-ed-erbe-con-verdure.jpg\",\"width\":1754,\"height\":1240},{\"@type\":\"BreadcrumbList\",\"@id\":\"https:\/\/www.shalom.it\/cultura\/pollo-al-forno-al-limone-miele-ed-erbe-con-verdure\/#breadcrumb\",\"itemListElement\":[{\"@type\":\"ListItem\",\"position\":1,\"name\":\"Home\",\"item\":\"https:\/\/www.shalom.it\/\"},{\"@type\":\"ListItem\",\"position\":2,\"name\":\"Pollo al forno al limone, miele ed erbe con verdure\"}]},{\"@type\":\"WebSite\",\"@id\":\"https:\/\/www.shalom.it\/#website\",\"url\":\"https:\/\/www.shalom.it\/\",\"name\":\"Shalom\",\"description\":\"Il Magazine della comunit\u00e0 ebraica di Roma\",\"potentialAction\":[{\"@type\":\"SearchAction\",\"target\":{\"@type\":\"EntryPoint\",\"urlTemplate\":\"https:\/\/www.shalom.it\/?s={search_term_string}\"},\"query-input\":{\"@type\":\"PropertyValueSpecification\",\"valueRequired\":true,\"valueName\":\"search_term_string\"}}],\"inLanguage\":\"it-IT\"},{\"@type\":\"Person\",\"@id\":\"https:\/\/www.shalom.it\/#\/schema\/person\/d6d60e821a49d2a420ffe01f7af79dd8\",\"name\":\"Redazione\",\"url\":\"https:\/\/www.shalom.it\/author\/redazione\/\"}]}<\/script>\n<!-- \/ Yoast SEO plugin. -->","yoast_head_json":{"title":"Pollo al forno al limone, miele ed erbe con verdure - Shalom","robots":{"index":"index","follow":"follow","max-snippet":"max-snippet:-1","max-image-preview":"max-image-preview:large","max-video-preview":"max-video-preview:-1"},"canonical":"https:\/\/www.shalom.it\/cultura\/pollo-al-forno-al-limone-miele-ed-erbe-con-verdure\/","og_locale":"it_IT","og_type":"article","og_title":"Pollo al forno al limone, miele ed erbe con verdure - Shalom","og_description":"Settembre ha sempre qualcosa di strano. Non \u00e8 davvero un nuovo anno, almeno non ancora. Per noi ebrei il vero inizio deve ancora arrivare, con Rosh Hashan\u00e0, i chaghim, le tavole apparecchiate e tutto ci\u00f2 che questo periodo porta con s\u00e9. Eppure settembre ha gi\u00e0 il sapore di un nuovo inizio. Finiscono le vacanze, si [&hellip;]","og_url":"https:\/\/www.shalom.it\/cultura\/pollo-al-forno-al-limone-miele-ed-erbe-con-verdure\/","og_site_name":"Shalom","article_published_time":"2026-09-03T22:09:53+00:00","og_image":[{"width":1754,"height":1240,"url":"https:\/\/www.shalom.it\/wp-content\/uploads\/2026\/09\/Pollo-al-forno-al-limone-miele-ed-erbe-con-verdure.jpg","type":"image\/jpeg"}],"author":"Redazione","twitter_card":"summary_large_image","twitter_misc":{"Scritto da":"Redazione","Tempo di lettura stimato":"4 minuti"},"schema":{"@context":"https:\/\/schema.org","@graph":[{"@type":"Article","@id":"https:\/\/www.shalom.it\/cultura\/pollo-al-forno-al-limone-miele-ed-erbe-con-verdure\/#article","isPartOf":{"@id":"https:\/\/www.shalom.it\/cultura\/pollo-al-forno-al-limone-miele-ed-erbe-con-verdure\/"},"author":{"name":"Redazione","@id":"https:\/\/www.shalom.it\/#\/schema\/person\/d6d60e821a49d2a420ffe01f7af79dd8"},"headline":"Pollo al forno al limone, miele ed erbe con verdure","datePublished":"2026-09-03T22:09:53+00:00","mainEntityOfPage":{"@id":"https:\/\/www.shalom.it\/cultura\/pollo-al-forno-al-limone-miele-ed-erbe-con-verdure\/"},"wordCount":700,"image":{"@id":"https:\/\/www.shalom.it\/cultura\/pollo-al-forno-al-limone-miele-ed-erbe-con-verdure\/#primaryimage"},"thumbnailUrl":"https:\/\/www.shalom.it\/wp-content\/uploads\/2026\/09\/Pollo-al-forno-al-limone-miele-ed-erbe-con-verdure.jpg","articleSection":["Cultura"],"inLanguage":"it-IT"},{"@type":"WebPage","@id":"https:\/\/www.shalom.it\/cultura\/pollo-al-forno-al-limone-miele-ed-erbe-con-verdure\/","url":"https:\/\/www.shalom.it\/cultura\/pollo-al-forno-al-limone-miele-ed-erbe-con-verdure\/","name":"Pollo al forno al limone, miele ed erbe con verdure - Shalom","isPartOf":{"@id":"https:\/\/www.shalom.it\/#website"},"primaryImageOfPage":{"@id":"https:\/\/www.shalom.it\/cultura\/pollo-al-forno-al-limone-miele-ed-erbe-con-verdure\/#primaryimage"},"image":{"@id":"https:\/\/www.shalom.it\/cultura\/pollo-al-forno-al-limone-miele-ed-erbe-con-verdure\/#primaryimage"},"thumbnailUrl":"https:\/\/www.shalom.it\/wp-content\/uploads\/2026\/09\/Pollo-al-forno-al-limone-miele-ed-erbe-con-verdure.jpg","datePublished":"2026-09-03T22:09:53+00:00","author":{"@id":"https:\/\/www.shalom.it\/#\/schema\/person\/d6d60e821a49d2a420ffe01f7af79dd8"},"breadcrumb":{"@id":"https:\/\/www.shalom.it\/cultura\/pollo-al-forno-al-limone-miele-ed-erbe-con-verdure\/#breadcrumb"},"inLanguage":"it-IT","potentialAction":[{"@type":"ReadAction","target":["https:\/\/www.shalom.it\/cultura\/pollo-al-forno-al-limone-miele-ed-erbe-con-verdure\/"]}]},{"@type":"ImageObject","inLanguage":"it-IT","@id":"https:\/\/www.shalom.it\/cultura\/pollo-al-forno-al-limone-miele-ed-erbe-con-verdure\/#primaryimage","url":"https:\/\/www.shalom.it\/wp-content\/uploads\/2026\/09\/Pollo-al-forno-al-limone-miele-ed-erbe-con-verdure.jpg","contentUrl":"https:\/\/www.shalom.it\/wp-content\/uploads\/2026\/09\/Pollo-al-forno-al-limone-miele-ed-erbe-con-verdure.jpg","width":1754,"height":1240},{"@type":"BreadcrumbList","@id":"https:\/\/www.shalom.it\/cultura\/pollo-al-forno-al-limone-miele-ed-erbe-con-verdure\/#breadcrumb","itemListElement":[{"@type":"ListItem","position":1,"name":"Home","item":"https:\/\/www.shalom.it\/"},{"@type":"ListItem","position":2,"name":"Pollo al forno al limone, miele ed erbe con verdure"}]},{"@type":"WebSite","@id":"https:\/\/www.shalom.it\/#website","url":"https:\/\/www.shalom.it\/","name":"Shalom","description":"Il Magazine della comunit\u00e0 ebraica di Roma","potentialAction":[{"@type":"SearchAction","target":{"@type":"EntryPoint","urlTemplate":"https:\/\/www.shalom.it\/?s={search_term_string}"},"query-input":{"@type":"PropertyValueSpecification","valueRequired":true,"valueName":"search_term_string"}}],"inLanguage":"it-IT"},{"@type":"Person","@id":"https:\/\/www.shalom.it\/#\/schema\/person\/d6d60e821a49d2a420ffe01f7af79dd8","name":"Redazione","url":"https:\/\/www.shalom.it\/author\/redazione\/"}]}},"jetpack_featured_media_url":"https:\/\/www.shalom.it\/wp-content\/uploads\/2026\/09\/Pollo-al-forno-al-limone-miele-ed-erbe-con-verdure.jpg","jetpack_sharing_enabled":true,"_links":{"self":[{"href":"https:\/\/www.shalom.it\/wp-json\/wp\/v2\/posts\/148480","targetHints":{"allow":["GET"]}}],"collection":[{"href":"https:\/\/www.shalom.it\/wp-json\/wp\/v2\/posts"}],"about":[{"href":"https:\/\/www.shalom.it\/wp-json\/wp\/v2\/types\/post"}],"author":[{"embeddable":true,"href":"https:\/\/www.shalom.it\/wp-json\/wp\/v2\/users\/3"}],"replies":[{"embeddable":true,"href":"https:\/\/www.shalom.it\/wp-json\/wp\/v2\/comments?post=148480"}],"version-history":[{"count":1,"href":"https:\/\/www.shalom.it\/wp-json\/wp\/v2\/posts\/148480\/revisions"}],"predecessor-version":[{"id":148482,"href":"https:\/\/www.shalom.it\/wp-json\/wp\/v2\/posts\/148480\/revisions\/148482"}],"wp:featuredmedia":[{"embeddable":true,"href":"https:\/\/www.shalom.it\/wp-json\/wp\/v2\/media\/148481"}],"wp:attachment":[{"href":"https:\/\/www.shalom.it\/wp-json\/wp\/v2\/media?parent=148480"}],"wp:term":[{"taxonomy":"category","embeddable":true,"href":"https:\/\/www.shalom.it\/wp-json\/wp\/v2\/categories?post=148480"},{"taxonomy":"post_tag","embeddable":true,"href":"https:\/\/www.shalom.it\/wp-json\/wp\/v2\/tags?post=148480"}],"curies":[{"name":"wp","href":"https:\/\/api.w.org\/{rel}","templated":true}]}}