{"id":148466,"date":"2026-09-06T00:01:03","date_gmt":"2026-09-05T22:01:03","guid":{"rendered":"https:\/\/www.shalom.it\/?p=148466"},"modified":"2026-09-04T18:22:48","modified_gmt":"2026-09-04T16:22:48","slug":"lamore-come-forza-ebraismo","status":"publish","type":"post","link":"https:\/\/www.shalom.it\/roma-ebraica\/lamore-come-forza-ebraismo\/","title":{"rendered":"L\u2019amore come forza dell\u2019ebraismo"},"content":{"rendered":"<p>Quest\u2019anno la Giornata Europea della Cultura Ebraica \u00e8 dedicata a un tema che possiamo definire il cuore stesso dell\u2019ebraismo: l\u2019amore. Per noi ebrei l\u2019amore non \u00e8 un sentimento qualunque ma una guida. L\u2019amore per D_o \u00e8 ci\u00f2 che orienta il nostro cammino ed \u00e8 il fondamento della nostra identit\u00e0. \u00c8 presente in ogni ambito della nostra vita ebraica, dall\u2019amore per il prossimo all\u2019osservanza delle mitzvot.<\/p>\n<p>Viviamo, per\u00f2, in un tempo in cui sembra prevalere il suo opposto: l\u2019odio. L\u2019odio antiebraico ha preso il sopravvento ovunque ormai, alimentando un clima sempre pi\u00f9 forte di diffidenza e paura. Non crea, non unisce ma spiana soltanto la strada alla distruzione e al caos pi\u00f9 totale.<\/p>\n<p>Per questo, come comunit\u00e0 e come popolo ebraico, siamo chiamati a dare una risposta diversa. Non rispondere all\u2019odio con altro odio, n\u00e9 lasciarsi condizionare dalla paura, ma contrapporre ad esso una forza capace di costruire, di rafforzarci e di unire: l\u2019amore.<\/p>\n<p>\u00c8 questo il messaggio che desidero condividere con voi. Dobbiamo custodire l\u2019amore per l\u2019ebraismo, per i valori che ci definiscono. E far s\u00ec che l\u2019amore per la nostra identit\u00e0 ebraica ci unisca l\u2019uno all\u2019altro. \u00c8 da qui che nasce la forza di affrontare anche le sfide pi\u00f9 difficili.<\/p>\n<p>Vi auguro di vivere questa giornata come occasione d\u2019incontro, ascolto e riflessione. Di esplorare nei vari incontri tutte le modalit\u00e0 attraverso le quali l\u2019amore entra in contatto con l\u2019ebraismo e di trovare in esso una risposta a tutte le nostre difficolt\u00e0.<\/p>\n","protected":false},"excerpt":{"rendered":"<p>Una giornata di incontro, ascolto e riflessione<\/p>\n","protected":false},"author":3,"featured_media":148474,"comment_status":"closed","ping_status":"closed","sticky":false,"template":"","format":"standard","meta":{"_acf_changed":false,"_jetpack_memberships_contains_paid_content":false,"footnotes":""},"categories":[7,2],"tags":[],"class_list":["post-148466","post","type-post","status-publish","format-standard","has-post-thumbnail","hentry","category-cultura","category-roma-ebraica"],"acf":[],"yoast_head":"<!-- This site is optimized with the Yoast SEO plugin v26.9 - https:\/\/yoast.com\/product\/yoast-seo-wordpress\/ -->\n<title>L\u2019amore come forza dell\u2019ebraismo - Shalom<\/title>\n<meta name=\"robots\" content=\"index, follow, max-snippet:-1, max-image-preview:large, max-video-preview:-1\" \/>\n<link rel=\"canonical\" href=\"https:\/\/www.shalom.it\/roma-ebraica\/lamore-come-forza-ebraismo\/\" \/>\n<meta property=\"og:locale\" content=\"it_IT\" \/>\n<meta property=\"og:type\" content=\"article\" \/>\n<meta property=\"og:title\" content=\"L\u2019amore come forza dell\u2019ebraismo - Shalom\" \/>\n<meta property=\"og:description\" content=\"Una giornata di incontro, ascolto e riflessione\" \/>\n<meta property=\"og:url\" content=\"https:\/\/www.shalom.it\/roma-ebraica\/lamore-come-forza-ebraismo\/\" \/>\n<meta property=\"og:site_name\" content=\"Shalom\" \/>\n<meta property=\"article:published_time\" content=\"2026-09-05T22:01:03+00:00\" \/>\n<meta property=\"og:image\" content=\"https:\/\/www.shalom.it\/wp-content\/uploads\/2026\/09\/Fadlun-Victor.jpeg\" \/>\n\t<meta property=\"og:image:width\" content=\"1280\" \/>\n\t<meta property=\"og:image:height\" content=\"853\" \/>\n\t<meta property=\"og:image:type\" content=\"image\/jpeg\" \/>\n<meta name=\"author\" content=\"Redazione\" \/>\n<meta name=\"twitter:card\" content=\"summary_large_image\" \/>\n<meta name=\"twitter:label1\" content=\"Scritto da\" \/>\n\t<meta name=\"twitter:data1\" content=\"Redazione\" \/>\n\t<meta name=\"twitter:label2\" content=\"Tempo di lettura stimato\" \/>\n\t<meta name=\"twitter:data2\" content=\"2 minuti\" \/>\n<script type=\"application\/ld+json\" class=\"yoast-schema-graph\">{\"@context\":\"https:\/\/schema.org\",\"@graph\":[{\"@type\":\"Article\",\"@id\":\"https:\/\/www.shalom.it\/roma-ebraica\/lamore-come-forza-ebraismo\/#article\",\"isPartOf\":{\"@id\":\"https:\/\/www.shalom.it\/roma-ebraica\/lamore-come-forza-ebraismo\/\"},\"author\":{\"name\":\"Redazione\",\"@id\":\"https:\/\/www.shalom.it\/#\/schema\/person\/d6d60e821a49d2a420ffe01f7af79dd8\"},\"headline\":\"L\u2019amore come forza dell\u2019ebraismo\",\"datePublished\":\"2026-09-05T22:01:03+00:00\",\"mainEntityOfPage\":{\"@id\":\"https:\/\/www.shalom.it\/roma-ebraica\/lamore-come-forza-ebraismo\/\"},\"wordCount\":261,\"image\":{\"@id\":\"https:\/\/www.shalom.it\/roma-ebraica\/lamore-come-forza-ebraismo\/#primaryimage\"},\"thumbnailUrl\":\"https:\/\/www.shalom.it\/wp-content\/uploads\/2026\/09\/Fadlun-Victor.jpeg\",\"articleSection\":[\"Cultura\",\"ROMA EBRAICA\"],\"inLanguage\":\"it-IT\"},{\"@type\":\"WebPage\",\"@id\":\"https:\/\/www.shalom.it\/roma-ebraica\/lamore-come-forza-ebraismo\/\",\"url\":\"https:\/\/www.shalom.it\/roma-ebraica\/lamore-come-forza-ebraismo\/\",\"name\":\"L\u2019amore come forza dell\u2019ebraismo - Shalom\",\"isPartOf\":{\"@id\":\"https:\/\/www.shalom.it\/#website\"},\"primaryImageOfPage\":{\"@id\":\"https:\/\/www.shalom.it\/roma-ebraica\/lamore-come-forza-ebraismo\/#primaryimage\"},\"image\":{\"@id\":\"https:\/\/www.shalom.it\/roma-ebraica\/lamore-come-forza-ebraismo\/#primaryimage\"},\"thumbnailUrl\":\"https:\/\/www.shalom.it\/wp-content\/uploads\/2026\/09\/Fadlun-Victor.jpeg\",\"datePublished\":\"2026-09-05T22:01:03+00:00\",\"author\":{\"@id\":\"https:\/\/www.shalom.it\/#\/schema\/person\/d6d60e821a49d2a420ffe01f7af79dd8\"},\"breadcrumb\":{\"@id\":\"https:\/\/www.shalom.it\/roma-ebraica\/lamore-come-forza-ebraismo\/#breadcrumb\"},\"inLanguage\":\"it-IT\",\"potentialAction\":[{\"@type\":\"ReadAction\",\"target\":[\"https:\/\/www.shalom.it\/roma-ebraica\/lamore-come-forza-ebraismo\/\"]}]},{\"@type\":\"ImageObject\",\"inLanguage\":\"it-IT\",\"@id\":\"https:\/\/www.shalom.it\/roma-ebraica\/lamore-come-forza-ebraismo\/#primaryimage\",\"url\":\"https:\/\/www.shalom.it\/wp-content\/uploads\/2026\/09\/Fadlun-Victor.jpeg\",\"contentUrl\":\"https:\/\/www.shalom.it\/wp-content\/uploads\/2026\/09\/Fadlun-Victor.jpeg\",\"width\":1280,\"height\":853},{\"@type\":\"BreadcrumbList\",\"@id\":\"https:\/\/www.shalom.it\/roma-ebraica\/lamore-come-forza-ebraismo\/#breadcrumb\",\"itemListElement\":[{\"@type\":\"ListItem\",\"position\":1,\"name\":\"Home\",\"item\":\"https:\/\/www.shalom.it\/\"},{\"@type\":\"ListItem\",\"position\":2,\"name\":\"L\u2019amore come forza dell\u2019ebraismo\"}]},{\"@type\":\"WebSite\",\"@id\":\"https:\/\/www.shalom.it\/#website\",\"url\":\"https:\/\/www.shalom.it\/\",\"name\":\"Shalom\",\"description\":\"Il Magazine della comunit\u00e0 ebraica di Roma\",\"potentialAction\":[{\"@type\":\"SearchAction\",\"target\":{\"@type\":\"EntryPoint\",\"urlTemplate\":\"https:\/\/www.shalom.it\/?s={search_term_string}\"},\"query-input\":{\"@type\":\"PropertyValueSpecification\",\"valueRequired\":true,\"valueName\":\"search_term_string\"}}],\"inLanguage\":\"it-IT\"},{\"@type\":\"Person\",\"@id\":\"https:\/\/www.shalom.it\/#\/schema\/person\/d6d60e821a49d2a420ffe01f7af79dd8\",\"name\":\"Redazione\",\"url\":\"https:\/\/www.shalom.it\/author\/redazione\/\"}]}<\/script>\n<!-- \/ Yoast SEO plugin. -->","yoast_head_json":{"title":"L\u2019amore come forza dell\u2019ebraismo - Shalom","robots":{"index":"index","follow":"follow","max-snippet":"max-snippet:-1","max-image-preview":"max-image-preview:large","max-video-preview":"max-video-preview:-1"},"canonical":"https:\/\/www.shalom.it\/roma-ebraica\/lamore-come-forza-ebraismo\/","og_locale":"it_IT","og_type":"article","og_title":"L\u2019amore come forza dell\u2019ebraismo - Shalom","og_description":"Una giornata di incontro, ascolto e riflessione","og_url":"https:\/\/www.shalom.it\/roma-ebraica\/lamore-come-forza-ebraismo\/","og_site_name":"Shalom","article_published_time":"2026-09-05T22:01:03+00:00","og_image":[{"width":1280,"height":853,"url":"https:\/\/www.shalom.it\/wp-content\/uploads\/2026\/09\/Fadlun-Victor.jpeg","type":"image\/jpeg"}],"author":"Redazione","twitter_card":"summary_large_image","twitter_misc":{"Scritto da":"Redazione","Tempo di lettura stimato":"2 minuti"},"schema":{"@context":"https:\/\/schema.org","@graph":[{"@type":"Article","@id":"https:\/\/www.shalom.it\/roma-ebraica\/lamore-come-forza-ebraismo\/#article","isPartOf":{"@id":"https:\/\/www.shalom.it\/roma-ebraica\/lamore-come-forza-ebraismo\/"},"author":{"name":"Redazione","@id":"https:\/\/www.shalom.it\/#\/schema\/person\/d6d60e821a49d2a420ffe01f7af79dd8"},"headline":"L\u2019amore come forza dell\u2019ebraismo","datePublished":"2026-09-05T22:01:03+00:00","mainEntityOfPage":{"@id":"https:\/\/www.shalom.it\/roma-ebraica\/lamore-come-forza-ebraismo\/"},"wordCount":261,"image":{"@id":"https:\/\/www.shalom.it\/roma-ebraica\/lamore-come-forza-ebraismo\/#primaryimage"},"thumbnailUrl":"https:\/\/www.shalom.it\/wp-content\/uploads\/2026\/09\/Fadlun-Victor.jpeg","articleSection":["Cultura","ROMA EBRAICA"],"inLanguage":"it-IT"},{"@type":"WebPage","@id":"https:\/\/www.shalom.it\/roma-ebraica\/lamore-come-forza-ebraismo\/","url":"https:\/\/www.shalom.it\/roma-ebraica\/lamore-come-forza-ebraismo\/","name":"L\u2019amore come forza dell\u2019ebraismo - Shalom","isPartOf":{"@id":"https:\/\/www.shalom.it\/#website"},"primaryImageOfPage":{"@id":"https:\/\/www.shalom.it\/roma-ebraica\/lamore-come-forza-ebraismo\/#primaryimage"},"image":{"@id":"https:\/\/www.shalom.it\/roma-ebraica\/lamore-come-forza-ebraismo\/#primaryimage"},"thumbnailUrl":"https:\/\/www.shalom.it\/wp-content\/uploads\/2026\/09\/Fadlun-Victor.jpeg","datePublished":"2026-09-05T22:01:03+00:00","author":{"@id":"https:\/\/www.shalom.it\/#\/schema\/person\/d6d60e821a49d2a420ffe01f7af79dd8"},"breadcrumb":{"@id":"https:\/\/www.shalom.it\/roma-ebraica\/lamore-come-forza-ebraismo\/#breadcrumb"},"inLanguage":"it-IT","potentialAction":[{"@type":"ReadAction","target":["https:\/\/www.shalom.it\/roma-ebraica\/lamore-come-forza-ebraismo\/"]}]},{"@type":"ImageObject","inLanguage":"it-IT","@id":"https:\/\/www.shalom.it\/roma-ebraica\/lamore-come-forza-ebraismo\/#primaryimage","url":"https:\/\/www.shalom.it\/wp-content\/uploads\/2026\/09\/Fadlun-Victor.jpeg","contentUrl":"https:\/\/www.shalom.it\/wp-content\/uploads\/2026\/09\/Fadlun-Victor.jpeg","width":1280,"height":853},{"@type":"BreadcrumbList","@id":"https:\/\/www.shalom.it\/roma-ebraica\/lamore-come-forza-ebraismo\/#breadcrumb","itemListElement":[{"@type":"ListItem","position":1,"name":"Home","item":"https:\/\/www.shalom.it\/"},{"@type":"ListItem","position":2,"name":"L\u2019amore come forza dell\u2019ebraismo"}]},{"@type":"WebSite","@id":"https:\/\/www.shalom.it\/#website","url":"https:\/\/www.shalom.it\/","name":"Shalom","description":"Il Magazine della comunit\u00e0 ebraica di Roma","potentialAction":[{"@type":"SearchAction","target":{"@type":"EntryPoint","urlTemplate":"https:\/\/www.shalom.it\/?s={search_term_string}"},"query-input":{"@type":"PropertyValueSpecification","valueRequired":true,"valueName":"search_term_string"}}],"inLanguage":"it-IT"},{"@type":"Person","@id":"https:\/\/www.shalom.it\/#\/schema\/person\/d6d60e821a49d2a420ffe01f7af79dd8","name":"Redazione","url":"https:\/\/www.shalom.it\/author\/redazione\/"}]}},"jetpack_featured_media_url":"https:\/\/www.shalom.it\/wp-content\/uploads\/2026\/09\/Fadlun-Victor.jpeg","jetpack_sharing_enabled":true,"_links":{"self":[{"href":"https:\/\/www.shalom.it\/wp-json\/wp\/v2\/posts\/148466","targetHints":{"allow":["GET"]}}],"collection":[{"href":"https:\/\/www.shalom.it\/wp-json\/wp\/v2\/posts"}],"about":[{"href":"https:\/\/www.shalom.it\/wp-json\/wp\/v2\/types\/post"}],"author":[{"embeddable":true,"href":"https:\/\/www.shalom.it\/wp-json\/wp\/v2\/users\/3"}],"replies":[{"embeddable":true,"href":"https:\/\/www.shalom.it\/wp-json\/wp\/v2\/comments?post=148466"}],"version-history":[{"count":2,"href":"https:\/\/www.shalom.it\/wp-json\/wp\/v2\/posts\/148466\/revisions"}],"predecessor-version":[{"id":148546,"href":"https:\/\/www.shalom.it\/wp-json\/wp\/v2\/posts\/148466\/revisions\/148546"}],"wp:featuredmedia":[{"embeddable":true,"href":"https:\/\/www.shalom.it\/wp-json\/wp\/v2\/media\/148474"}],"wp:attachment":[{"href":"https:\/\/www.shalom.it\/wp-json\/wp\/v2\/media?parent=148466"}],"wp:term":[{"taxonomy":"category","embeddable":true,"href":"https:\/\/www.shalom.it\/wp-json\/wp\/v2\/categories?post=148466"},{"taxonomy":"post_tag","embeddable":true,"href":"https:\/\/www.shalom.it\/wp-json\/wp\/v2\/tags?post=148466"}],"curies":[{"name":"wp","href":"https:\/\/api.w.org\/{rel}","templated":true}]}}