{"id":148460,"date":"2026-09-03T00:01:21","date_gmt":"2026-09-02T22:01:21","guid":{"rendered":"https:\/\/www.shalom.it\/?p=148460"},"modified":"2026-09-02T19:09:24","modified_gmt":"2026-09-02T17:09:24","slug":"lamore-al-centro-della-giornata-europea-della-cultura-ebraica-2026-con-bologna-citta-capofila","status":"publish","type":"post","link":"https:\/\/www.shalom.it\/cultura\/lamore-al-centro-della-giornata-europea-della-cultura-ebraica-2026-con-bologna-citta-capofila\/","title":{"rendered":"L\u2019Amore al centro della Giornata Europea della Cultura Ebraica 2026, con Bologna citt\u00e0 capofila"},"content":{"rendered":"<p>Domenica 6 settembre 2026 torna in tutta Italia la Giornata Europea della Cultura Ebraica, giunta alla sua ventisettesima edizione. La manifestazione coinvolger\u00e0 112 localit\u00e0 in 17 regioni italiane e avr\u00e0 come citt\u00e0 capofila Bologna. Il tema scelto per quest\u2019anno \u00e8 \u201cL\u2019Amore\u201d, declinato come valore spirituale, etico e civile della tradizione ebraica.<\/p>\n<p>Coordinata a livello nazionale dall\u2019Unione delle Comunit\u00e0 Ebraiche Italiane e promossa a livello europeo dalla European Association for the Preservation and Promotion of Jewish Culture and Heritage, la Giornata \u00e8 ormai uno degli appuntamenti culturali pi\u00f9 partecipati del Paese, con decine di migliaia di visitatori ogni anno. L\u2019obiettivo \u00e8 aprire al grande pubblico luoghi, storie, tradizioni e patrimoni dell\u2019ebraismo italiano ed europeo, favorendo conoscenza, incontro e dialogo.<\/p>\n<p>\u00abLa Giornata Europea della Cultura Ebraica rappresenta un\u2019occasione preziosa per condividere con il grande pubblico la ricchezza di una tradizione che da oltre duemila anni \u00e8 parte integrante della storia e dell\u2019identit\u00e0 dell\u2019Italia\u00bb, ha sottolineato la presidente dell\u2019UCEI, Livia Ottolenghi. Il tema dell\u2019amore, ha aggiunto, richiama \u00abla responsabilit\u00e0 verso l\u2019altro, la cura delle relazioni, l\u2019impegno per la trasmissione della conoscenza e per la costruzione di comunit\u00e0 aperte e solidali\u00bb.<\/p>\n<p>L\u2019amore sar\u00e0 dunque il filo conduttore delle iniziative in programma in Italia e in Europa: dall\u2019amore verso il prossimo a quello verso Dio e il creato, fino alle sue implicazioni etiche e collettive, legate alla giustizia, alla solidariet\u00e0 e alla responsabilit\u00e0. Il tema offrir\u00e0 anche l\u2019occasione per mettere in luce le radici comuni tra ebraismo, cristianesimo e islam, aprendo nuove prospettive di dialogo interreligioso e interculturale.<\/p>\n<p>L\u2019inaugurazione nazionale partir\u00e0 da Bologna, citt\u00e0 capofila dell\u2019edizione 2026, con il coinvolgimento del Comune e della Regione Emilia-Romagna. La scelta valorizza una presenza ebraica antica e significativa: l\u2019Emilia-Romagna \u00e8 oggi la regione italiana con il maggior numero di comunit\u00e0 e custodisce un importante patrimonio di beni culturali ebraici, antichi e moderni.<\/p>\n<p>Per Daniele De Paz, presidente della Comunit\u00e0 Ebraica di Bologna, la cultura \u00e8 \u00abun investimento fondamentale\u00bb per permettere a chi vive in una citt\u00e0 di conoscerne tutte le componenti. \u00abLa sfida \u2014 ha affermato \u2014 \u00e8 quella di costruire conoscenza e convivenza non soltanto attraverso dei no \u2014 no all\u2019antisemitismo, no alla violenza, no al negazionismo \u2014 ma soprattutto attraverso dei s\u00ec. S\u00ec alle porte aperte. S\u00ec all\u2019incontro. S\u00ec alla condivisione. S\u00ec alla conoscenza reciproca\u00bb.<\/p>\n<p>Tra le novit\u00e0 dell\u2019edizione 2026 c\u2019\u00e8 il riconoscimento della Giornata da parte dell\u2019Ufficio Nazionale Antidiscriminazioni Razziali come parte integrante della prima edizione della Settimana per la promozione della cultura ebraica, in programma dal 5 al 20 settembre. Un riconoscimento che consentir\u00e0 di sostenere alcune delle iniziative promosse dagli enti locali.<\/p>\n<p>Il programma bolognese si svilupper\u00e0 tra gioved\u00ec 3, sabato 5 e domenica 6 settembre, con appuntamenti in diversi luoghi della citt\u00e0: Teatro San Leonardo, Sinagoga Grande, Fondazione per le Scienze Religiose, Salaborsa, Museo Ebraico di Bologna e Piazza del Memoriale della Shoah. Tra gli eventi previsti, laboratori per bambini, concerti, visite guidate, incontri interreligiosi, show cooking, spettacoli musicali e una mostra dedicata al Cantico dei Cantici.<\/p>\n<p>La XXVII edizione della Giornata Europea della Cultura Ebraica ha ricevuto la Medaglia del Presidente della Repubblica ed \u00e8 riconosciuta dal Consiglio d\u2019Europa. Tra i patrocini figurano, tra gli altri, il Ministero della Cultura, il Ministero dell\u2019Istruzione e del Merito, il Ministero del Turismo, l\u2019UNAR, l\u2019ANCI, Treccani e la Cattedra UNESCO \u201cPluralismo Religioso e Pace\u201d dell\u2019Universit\u00e0 La Sapienza di Roma. Media partner dell\u2019iniziativa \u00e8 RAI Cultura.<\/p>\n","protected":false},"excerpt":{"rendered":"<p>Domenica 6 settembre 2026 torna in tutta Italia la Giornata Europea della Cultura Ebraica, giunta alla sua ventisettesima edizione. La manifestazione coinvolger\u00e0 112 localit\u00e0 in 17 regioni italiane e avr\u00e0 come citt\u00e0 capofila Bologna. Il tema scelto per quest\u2019anno \u00e8 \u201cL\u2019Amore\u201d, declinato come valore spirituale, etico e civile della tradizione ebraica. Coordinata a livello nazionale [&hellip;]<\/p>\n","protected":false},"author":3,"featured_media":148461,"comment_status":"closed","ping_status":"closed","sticky":false,"template":"","format":"standard","meta":{"_acf_changed":false,"_jetpack_memberships_contains_paid_content":false,"footnotes":""},"categories":[7,3],"tags":[],"class_list":["post-148460","post","type-post","status-publish","format-standard","has-post-thumbnail","hentry","category-cultura","category-italia"],"acf":[],"yoast_head":"<!-- This site is optimized with the Yoast SEO plugin v26.9 - https:\/\/yoast.com\/product\/yoast-seo-wordpress\/ -->\n<title>L\u2019Amore al centro della Giornata Europea della Cultura Ebraica 2026, con Bologna citt\u00e0 capofila - Shalom<\/title>\n<meta name=\"robots\" content=\"index, follow, max-snippet:-1, max-image-preview:large, max-video-preview:-1\" \/>\n<link rel=\"canonical\" href=\"https:\/\/www.shalom.it\/cultura\/lamore-al-centro-della-giornata-europea-della-cultura-ebraica-2026-con-bologna-citta-capofila\/\" \/>\n<meta property=\"og:locale\" content=\"it_IT\" \/>\n<meta property=\"og:type\" content=\"article\" \/>\n<meta property=\"og:title\" content=\"L\u2019Amore al centro della Giornata Europea della Cultura Ebraica 2026, con Bologna citt\u00e0 capofila - Shalom\" \/>\n<meta property=\"og:description\" content=\"Domenica 6 settembre 2026 torna in tutta Italia la Giornata Europea della Cultura Ebraica, giunta alla sua ventisettesima edizione. La manifestazione coinvolger\u00e0 112 localit\u00e0 in 17 regioni italiane e avr\u00e0 come citt\u00e0 capofila Bologna. Il tema scelto per quest\u2019anno \u00e8 \u201cL\u2019Amore\u201d, declinato come valore spirituale, etico e civile della tradizione ebraica. Coordinata a livello nazionale [&hellip;]\" \/>\n<meta property=\"og:url\" content=\"https:\/\/www.shalom.it\/cultura\/lamore-al-centro-della-giornata-europea-della-cultura-ebraica-2026-con-bologna-citta-capofila\/\" \/>\n<meta property=\"og:site_name\" content=\"Shalom\" \/>\n<meta property=\"article:published_time\" content=\"2026-09-02T22:01:21+00:00\" \/>\n<meta property=\"og:image\" content=\"https:\/\/www.shalom.it\/wp-content\/uploads\/2026\/09\/gece-love.png\" \/>\n\t<meta property=\"og:image:width\" content=\"963\" \/>\n\t<meta property=\"og:image:height\" content=\"620\" \/>\n\t<meta property=\"og:image:type\" content=\"image\/png\" \/>\n<meta name=\"author\" content=\"Redazione\" \/>\n<meta name=\"twitter:card\" content=\"summary_large_image\" \/>\n<meta name=\"twitter:label1\" content=\"Scritto da\" \/>\n\t<meta name=\"twitter:data1\" content=\"Redazione\" \/>\n\t<meta name=\"twitter:label2\" content=\"Tempo di lettura stimato\" \/>\n\t<meta name=\"twitter:data2\" content=\"4 minuti\" \/>\n<script type=\"application\/ld+json\" class=\"yoast-schema-graph\">{\"@context\":\"https:\/\/schema.org\",\"@graph\":[{\"@type\":\"Article\",\"@id\":\"https:\/\/www.shalom.it\/cultura\/lamore-al-centro-della-giornata-europea-della-cultura-ebraica-2026-con-bologna-citta-capofila\/#article\",\"isPartOf\":{\"@id\":\"https:\/\/www.shalom.it\/cultura\/lamore-al-centro-della-giornata-europea-della-cultura-ebraica-2026-con-bologna-citta-capofila\/\"},\"author\":{\"name\":\"Redazione\",\"@id\":\"https:\/\/www.shalom.it\/#\/schema\/person\/d6d60e821a49d2a420ffe01f7af79dd8\"},\"headline\":\"L\u2019Amore al centro della Giornata Europea della Cultura Ebraica 2026, con Bologna citt\u00e0 capofila\",\"datePublished\":\"2026-09-02T22:01:21+00:00\",\"mainEntityOfPage\":{\"@id\":\"https:\/\/www.shalom.it\/cultura\/lamore-al-centro-della-giornata-europea-della-cultura-ebraica-2026-con-bologna-citta-capofila\/\"},\"wordCount\":579,\"image\":{\"@id\":\"https:\/\/www.shalom.it\/cultura\/lamore-al-centro-della-giornata-europea-della-cultura-ebraica-2026-con-bologna-citta-capofila\/#primaryimage\"},\"thumbnailUrl\":\"https:\/\/www.shalom.it\/wp-content\/uploads\/2026\/09\/gece-love.png\",\"articleSection\":[\"Cultura\",\"ITALIA\"],\"inLanguage\":\"it-IT\"},{\"@type\":\"WebPage\",\"@id\":\"https:\/\/www.shalom.it\/cultura\/lamore-al-centro-della-giornata-europea-della-cultura-ebraica-2026-con-bologna-citta-capofila\/\",\"url\":\"https:\/\/www.shalom.it\/cultura\/lamore-al-centro-della-giornata-europea-della-cultura-ebraica-2026-con-bologna-citta-capofila\/\",\"name\":\"L\u2019Amore al centro della Giornata Europea della Cultura Ebraica 2026, con Bologna citt\u00e0 capofila - Shalom\",\"isPartOf\":{\"@id\":\"https:\/\/www.shalom.it\/#website\"},\"primaryImageOfPage\":{\"@id\":\"https:\/\/www.shalom.it\/cultura\/lamore-al-centro-della-giornata-europea-della-cultura-ebraica-2026-con-bologna-citta-capofila\/#primaryimage\"},\"image\":{\"@id\":\"https:\/\/www.shalom.it\/cultura\/lamore-al-centro-della-giornata-europea-della-cultura-ebraica-2026-con-bologna-citta-capofila\/#primaryimage\"},\"thumbnailUrl\":\"https:\/\/www.shalom.it\/wp-content\/uploads\/2026\/09\/gece-love.png\",\"datePublished\":\"2026-09-02T22:01:21+00:00\",\"author\":{\"@id\":\"https:\/\/www.shalom.it\/#\/schema\/person\/d6d60e821a49d2a420ffe01f7af79dd8\"},\"breadcrumb\":{\"@id\":\"https:\/\/www.shalom.it\/cultura\/lamore-al-centro-della-giornata-europea-della-cultura-ebraica-2026-con-bologna-citta-capofila\/#breadcrumb\"},\"inLanguage\":\"it-IT\",\"potentialAction\":[{\"@type\":\"ReadAction\",\"target\":[\"https:\/\/www.shalom.it\/cultura\/lamore-al-centro-della-giornata-europea-della-cultura-ebraica-2026-con-bologna-citta-capofila\/\"]}]},{\"@type\":\"ImageObject\",\"inLanguage\":\"it-IT\",\"@id\":\"https:\/\/www.shalom.it\/cultura\/lamore-al-centro-della-giornata-europea-della-cultura-ebraica-2026-con-bologna-citta-capofila\/#primaryimage\",\"url\":\"https:\/\/www.shalom.it\/wp-content\/uploads\/2026\/09\/gece-love.png\",\"contentUrl\":\"https:\/\/www.shalom.it\/wp-content\/uploads\/2026\/09\/gece-love.png\",\"width\":963,\"height\":620},{\"@type\":\"BreadcrumbList\",\"@id\":\"https:\/\/www.shalom.it\/cultura\/lamore-al-centro-della-giornata-europea-della-cultura-ebraica-2026-con-bologna-citta-capofila\/#breadcrumb\",\"itemListElement\":[{\"@type\":\"ListItem\",\"position\":1,\"name\":\"Home\",\"item\":\"https:\/\/www.shalom.it\/\"},{\"@type\":\"ListItem\",\"position\":2,\"name\":\"L\u2019Amore al centro della Giornata Europea della Cultura Ebraica 2026, con Bologna citt\u00e0 capofila\"}]},{\"@type\":\"WebSite\",\"@id\":\"https:\/\/www.shalom.it\/#website\",\"url\":\"https:\/\/www.shalom.it\/\",\"name\":\"Shalom\",\"description\":\"Il Magazine della comunit\u00e0 ebraica di Roma\",\"potentialAction\":[{\"@type\":\"SearchAction\",\"target\":{\"@type\":\"EntryPoint\",\"urlTemplate\":\"https:\/\/www.shalom.it\/?s={search_term_string}\"},\"query-input\":{\"@type\":\"PropertyValueSpecification\",\"valueRequired\":true,\"valueName\":\"search_term_string\"}}],\"inLanguage\":\"it-IT\"},{\"@type\":\"Person\",\"@id\":\"https:\/\/www.shalom.it\/#\/schema\/person\/d6d60e821a49d2a420ffe01f7af79dd8\",\"name\":\"Redazione\",\"url\":\"https:\/\/www.shalom.it\/author\/redazione\/\"}]}<\/script>\n<!-- \/ Yoast SEO plugin. -->","yoast_head_json":{"title":"L\u2019Amore al centro della Giornata Europea della Cultura Ebraica 2026, con Bologna citt\u00e0 capofila - Shalom","robots":{"index":"index","follow":"follow","max-snippet":"max-snippet:-1","max-image-preview":"max-image-preview:large","max-video-preview":"max-video-preview:-1"},"canonical":"https:\/\/www.shalom.it\/cultura\/lamore-al-centro-della-giornata-europea-della-cultura-ebraica-2026-con-bologna-citta-capofila\/","og_locale":"it_IT","og_type":"article","og_title":"L\u2019Amore al centro della Giornata Europea della Cultura Ebraica 2026, con Bologna citt\u00e0 capofila - Shalom","og_description":"Domenica 6 settembre 2026 torna in tutta Italia la Giornata Europea della Cultura Ebraica, giunta alla sua ventisettesima edizione. La manifestazione coinvolger\u00e0 112 localit\u00e0 in 17 regioni italiane e avr\u00e0 come citt\u00e0 capofila Bologna. Il tema scelto per quest\u2019anno \u00e8 \u201cL\u2019Amore\u201d, declinato come valore spirituale, etico e civile della tradizione ebraica. Coordinata a livello nazionale [&hellip;]","og_url":"https:\/\/www.shalom.it\/cultura\/lamore-al-centro-della-giornata-europea-della-cultura-ebraica-2026-con-bologna-citta-capofila\/","og_site_name":"Shalom","article_published_time":"2026-09-02T22:01:21+00:00","og_image":[{"width":963,"height":620,"url":"https:\/\/www.shalom.it\/wp-content\/uploads\/2026\/09\/gece-love.png","type":"image\/png"}],"author":"Redazione","twitter_card":"summary_large_image","twitter_misc":{"Scritto da":"Redazione","Tempo di lettura stimato":"4 minuti"},"schema":{"@context":"https:\/\/schema.org","@graph":[{"@type":"Article","@id":"https:\/\/www.shalom.it\/cultura\/lamore-al-centro-della-giornata-europea-della-cultura-ebraica-2026-con-bologna-citta-capofila\/#article","isPartOf":{"@id":"https:\/\/www.shalom.it\/cultura\/lamore-al-centro-della-giornata-europea-della-cultura-ebraica-2026-con-bologna-citta-capofila\/"},"author":{"name":"Redazione","@id":"https:\/\/www.shalom.it\/#\/schema\/person\/d6d60e821a49d2a420ffe01f7af79dd8"},"headline":"L\u2019Amore al centro della Giornata Europea della Cultura Ebraica 2026, con Bologna citt\u00e0 capofila","datePublished":"2026-09-02T22:01:21+00:00","mainEntityOfPage":{"@id":"https:\/\/www.shalom.it\/cultura\/lamore-al-centro-della-giornata-europea-della-cultura-ebraica-2026-con-bologna-citta-capofila\/"},"wordCount":579,"image":{"@id":"https:\/\/www.shalom.it\/cultura\/lamore-al-centro-della-giornata-europea-della-cultura-ebraica-2026-con-bologna-citta-capofila\/#primaryimage"},"thumbnailUrl":"https:\/\/www.shalom.it\/wp-content\/uploads\/2026\/09\/gece-love.png","articleSection":["Cultura","ITALIA"],"inLanguage":"it-IT"},{"@type":"WebPage","@id":"https:\/\/www.shalom.it\/cultura\/lamore-al-centro-della-giornata-europea-della-cultura-ebraica-2026-con-bologna-citta-capofila\/","url":"https:\/\/www.shalom.it\/cultura\/lamore-al-centro-della-giornata-europea-della-cultura-ebraica-2026-con-bologna-citta-capofila\/","name":"L\u2019Amore al centro della Giornata Europea della Cultura Ebraica 2026, con Bologna citt\u00e0 capofila - Shalom","isPartOf":{"@id":"https:\/\/www.shalom.it\/#website"},"primaryImageOfPage":{"@id":"https:\/\/www.shalom.it\/cultura\/lamore-al-centro-della-giornata-europea-della-cultura-ebraica-2026-con-bologna-citta-capofila\/#primaryimage"},"image":{"@id":"https:\/\/www.shalom.it\/cultura\/lamore-al-centro-della-giornata-europea-della-cultura-ebraica-2026-con-bologna-citta-capofila\/#primaryimage"},"thumbnailUrl":"https:\/\/www.shalom.it\/wp-content\/uploads\/2026\/09\/gece-love.png","datePublished":"2026-09-02T22:01:21+00:00","author":{"@id":"https:\/\/www.shalom.it\/#\/schema\/person\/d6d60e821a49d2a420ffe01f7af79dd8"},"breadcrumb":{"@id":"https:\/\/www.shalom.it\/cultura\/lamore-al-centro-della-giornata-europea-della-cultura-ebraica-2026-con-bologna-citta-capofila\/#breadcrumb"},"inLanguage":"it-IT","potentialAction":[{"@type":"ReadAction","target":["https:\/\/www.shalom.it\/cultura\/lamore-al-centro-della-giornata-europea-della-cultura-ebraica-2026-con-bologna-citta-capofila\/"]}]},{"@type":"ImageObject","inLanguage":"it-IT","@id":"https:\/\/www.shalom.it\/cultura\/lamore-al-centro-della-giornata-europea-della-cultura-ebraica-2026-con-bologna-citta-capofila\/#primaryimage","url":"https:\/\/www.shalom.it\/wp-content\/uploads\/2026\/09\/gece-love.png","contentUrl":"https:\/\/www.shalom.it\/wp-content\/uploads\/2026\/09\/gece-love.png","width":963,"height":620},{"@type":"BreadcrumbList","@id":"https:\/\/www.shalom.it\/cultura\/lamore-al-centro-della-giornata-europea-della-cultura-ebraica-2026-con-bologna-citta-capofila\/#breadcrumb","itemListElement":[{"@type":"ListItem","position":1,"name":"Home","item":"https:\/\/www.shalom.it\/"},{"@type":"ListItem","position":2,"name":"L\u2019Amore al centro della Giornata Europea della Cultura Ebraica 2026, con Bologna citt\u00e0 capofila"}]},{"@type":"WebSite","@id":"https:\/\/www.shalom.it\/#website","url":"https:\/\/www.shalom.it\/","name":"Shalom","description":"Il Magazine della comunit\u00e0 ebraica di Roma","potentialAction":[{"@type":"SearchAction","target":{"@type":"EntryPoint","urlTemplate":"https:\/\/www.shalom.it\/?s={search_term_string}"},"query-input":{"@type":"PropertyValueSpecification","valueRequired":true,"valueName":"search_term_string"}}],"inLanguage":"it-IT"},{"@type":"Person","@id":"https:\/\/www.shalom.it\/#\/schema\/person\/d6d60e821a49d2a420ffe01f7af79dd8","name":"Redazione","url":"https:\/\/www.shalom.it\/author\/redazione\/"}]}},"jetpack_featured_media_url":"https:\/\/www.shalom.it\/wp-content\/uploads\/2026\/09\/gece-love.png","jetpack_sharing_enabled":true,"_links":{"self":[{"href":"https:\/\/www.shalom.it\/wp-json\/wp\/v2\/posts\/148460","targetHints":{"allow":["GET"]}}],"collection":[{"href":"https:\/\/www.shalom.it\/wp-json\/wp\/v2\/posts"}],"about":[{"href":"https:\/\/www.shalom.it\/wp-json\/wp\/v2\/types\/post"}],"author":[{"embeddable":true,"href":"https:\/\/www.shalom.it\/wp-json\/wp\/v2\/users\/3"}],"replies":[{"embeddable":true,"href":"https:\/\/www.shalom.it\/wp-json\/wp\/v2\/comments?post=148460"}],"version-history":[{"count":1,"href":"https:\/\/www.shalom.it\/wp-json\/wp\/v2\/posts\/148460\/revisions"}],"predecessor-version":[{"id":148462,"href":"https:\/\/www.shalom.it\/wp-json\/wp\/v2\/posts\/148460\/revisions\/148462"}],"wp:featuredmedia":[{"embeddable":true,"href":"https:\/\/www.shalom.it\/wp-json\/wp\/v2\/media\/148461"}],"wp:attachment":[{"href":"https:\/\/www.shalom.it\/wp-json\/wp\/v2\/media?parent=148460"}],"wp:term":[{"taxonomy":"category","embeddable":true,"href":"https:\/\/www.shalom.it\/wp-json\/wp\/v2\/categories?post=148460"},{"taxonomy":"post_tag","embeddable":true,"href":"https:\/\/www.shalom.it\/wp-json\/wp\/v2\/tags?post=148460"}],"curies":[{"name":"wp","href":"https:\/\/api.w.org\/{rel}","templated":true}]}}