{"id":148451,"date":"2026-09-02T12:49:56","date_gmt":"2026-09-02T10:49:56","guid":{"rendered":"https:\/\/www.shalom.it\/?p=148451"},"modified":"2026-09-02T12:49:56","modified_gmt":"2026-09-02T10:49:56","slug":"john-galliano-annullata-la-mostra-al-met-dopo-le-polemiche-sullantisemitismo","status":"publish","type":"post","link":"https:\/\/www.shalom.it\/mondo\/john-galliano-annullata-la-mostra-al-met-dopo-le-polemiche-sullantisemitismo\/","title":{"rendered":"John Galliano, annullata la mostra al Met dopo le polemiche sull\u2019antisemitismo"},"content":{"rendered":"<p>Era stata annunciata soltanto poco pi\u00f9 di un mese fa la mostra retrospettiva &#8220;John Galliano: Horizons&#8221; che avrebbe dovuto tenersi alla Costume Institute del Metropolitan Museum of Art di New York e avrebbe dovuto includere un omaggio allo stilista al Met gala, uno degli eventi di costume pi\u00f9 significativi nello star system americano; ma \u00e8 stato lo stesso stilista ad annunciare che si far\u00e0 da parte con una dichiarazione rilasciata sul suo profilo Instagram: \u201cDopo molta riflessione e discussione con il Met e con tutte le persone coinvolte, ho deciso con grande tristezza che \u00e8 meglio che la mostra non abbia luogo in questo momento. Rimango pienamente consapevole del dolore causato dalle mie parole in passato, in particolare del male che ho arrecato alla comunit\u00e0 ebraica\u201d.<br \/>\nLa scelta del Met di dedicare una retrospettiva a Galliano, stilista inglese ma nato a Gibilterra, si \u00e8 rivelata da subito estremamente divisiva e problematica.<br \/>\nAd essere messo in discussione non \u00e8 il suo contributo nell\u2019ambito del settore moda, con il suo inconfondibile stile teatrale e pittoresco, ma il suo profilo morale, macchiato dagli eventi che nel 2011 portarono al suo allentamento dalla direzione creativa del marchio Dior.<br \/>\nNel 2011, infatti, lo stilista si rese responsabile di dichiarazioni antisemite, incancellabili e imperdonabili, inneggiando al nazismo, rivolte in stato di ebbrezza e alterazione verso una coppia in un caff\u00e8 di Parigi. Queste dichiarazioni avevano portato alla sua condanna penale per crimine d\u2019odio in Francia e all\u2019obbligo di un risarcimento pecuniario.<br \/>\nLo stesso stilista si era pi\u00f9 volte scusato addebitando il proprio comportamento all\u2019uso di sostanze stupefacenti e aveva intrapreso un percorso di recupero e di riabilitazione che evidentemente non \u00e8 bastato a riconciliarlo con il mondo ebraico. Galliano sembra esserne perfettamente consapevole e ha dichiarato che \u201cla profonda espiazione non si ottiene attraverso una mostra\u201d ma \u00e8 \u201cfrutto di una responsabilit\u00e0 continua\u201d.<br \/>\n\u00c8 impossibile dimostrare se il suo pentimento fosse reale o di facciata, ma la scelta di Galliano si inserisce in un contesto complesso: a New York, infatti, gli attacchi antisemiti negli ultimi anni sono in costante aumento e la sensibilit\u00e0 delle associazioni ebraiche resta ovviamente elevata, tanto che diversi donatori del Met avevano minacciato di ritirare il proprio supporto al museo se la mostra si fosse tenuta.<br \/>\nNon sembrava quindi il momento migliore per dedicare una retrospettiva a Galliano, che oltretutto avrebbe dovuto inaugurare all\u2019inizio di maggio 2027, in coincidenza con la celebrazione di Yom Hashoah in Israele.<br \/>\nLa decisione di Galliano \u00e8 stata apprezzata anche da Jonathan Greenblatt, amministratore delegato dell\u2019Anti-Defamation League: \u201cCon l\u2019antisemitismo a livelli critici, l\u2019omaggio del Met a Galliano, in questo momento, era un errore\u201d.<\/p>\n","protected":false},"excerpt":{"rendered":"<p>Era stata annunciata soltanto poco pi\u00f9 di un mese fa la mostra retrospettiva &#8220;John Galliano: Horizons&#8221; che avrebbe dovuto tenersi alla Costume Institute del Metropolitan Museum of Art di New York e avrebbe dovuto includere un omaggio allo stilista al Met gala, uno degli eventi di costume pi\u00f9 significativi nello star system americano; ma \u00e8 [&hellip;]<\/p>\n","protected":false},"author":3,"featured_media":148452,"comment_status":"closed","ping_status":"closed","sticky":false,"template":"","format":"standard","meta":{"_acf_changed":false,"_jetpack_memberships_contains_paid_content":false,"footnotes":""},"categories":[6],"tags":[],"class_list":["post-148451","post","type-post","status-publish","format-standard","has-post-thumbnail","hentry","category-mondo"],"acf":[],"yoast_head":"<!-- This site is optimized with the Yoast SEO plugin v26.9 - https:\/\/yoast.com\/product\/yoast-seo-wordpress\/ -->\n<title>John Galliano, annullata la mostra al Met dopo le polemiche sull\u2019antisemitismo - Shalom<\/title>\n<meta name=\"robots\" content=\"index, follow, max-snippet:-1, max-image-preview:large, max-video-preview:-1\" \/>\n<link rel=\"canonical\" href=\"https:\/\/www.shalom.it\/mondo\/john-galliano-annullata-la-mostra-al-met-dopo-le-polemiche-sullantisemitismo\/\" \/>\n<meta property=\"og:locale\" content=\"it_IT\" \/>\n<meta property=\"og:type\" content=\"article\" \/>\n<meta property=\"og:title\" content=\"John Galliano, annullata la mostra al Met dopo le polemiche sull\u2019antisemitismo - Shalom\" \/>\n<meta property=\"og:description\" content=\"Era stata annunciata soltanto poco pi\u00f9 di un mese fa la mostra retrospettiva &#8220;John Galliano: Horizons&#8221; che avrebbe dovuto tenersi alla Costume Institute del Metropolitan Museum of Art di New York e avrebbe dovuto includere un omaggio allo stilista al Met gala, uno degli eventi di costume pi\u00f9 significativi nello star system americano; ma \u00e8 [&hellip;]\" \/>\n<meta property=\"og:url\" content=\"https:\/\/www.shalom.it\/mondo\/john-galliano-annullata-la-mostra-al-met-dopo-le-polemiche-sullantisemitismo\/\" \/>\n<meta property=\"og:site_name\" content=\"Shalom\" \/>\n<meta property=\"article:published_time\" content=\"2026-09-02T10:49:56+00:00\" \/>\n<meta property=\"og:image\" content=\"https:\/\/www.shalom.it\/wp-content\/uploads\/2026\/09\/The_Metropolitan_Museum_of_Art_Manhattan_NYC_sideview.jpg\" \/>\n\t<meta property=\"og:image:width\" content=\"840\" \/>\n\t<meta property=\"og:image:height\" content=\"630\" \/>\n\t<meta property=\"og:image:type\" content=\"image\/jpeg\" \/>\n<meta name=\"author\" content=\"Redazione\" \/>\n<meta name=\"twitter:card\" content=\"summary_large_image\" \/>\n<meta name=\"twitter:label1\" content=\"Scritto da\" \/>\n\t<meta name=\"twitter:data1\" content=\"Redazione\" \/>\n\t<meta name=\"twitter:label2\" content=\"Tempo di lettura stimato\" \/>\n\t<meta name=\"twitter:data2\" content=\"3 minuti\" \/>\n<script type=\"application\/ld+json\" class=\"yoast-schema-graph\">{\"@context\":\"https:\/\/schema.org\",\"@graph\":[{\"@type\":\"Article\",\"@id\":\"https:\/\/www.shalom.it\/mondo\/john-galliano-annullata-la-mostra-al-met-dopo-le-polemiche-sullantisemitismo\/#article\",\"isPartOf\":{\"@id\":\"https:\/\/www.shalom.it\/mondo\/john-galliano-annullata-la-mostra-al-met-dopo-le-polemiche-sullantisemitismo\/\"},\"author\":{\"name\":\"Redazione\",\"@id\":\"https:\/\/www.shalom.it\/#\/schema\/person\/d6d60e821a49d2a420ffe01f7af79dd8\"},\"headline\":\"John Galliano, annullata la mostra al Met dopo le polemiche sull\u2019antisemitismo\",\"datePublished\":\"2026-09-02T10:49:56+00:00\",\"mainEntityOfPage\":{\"@id\":\"https:\/\/www.shalom.it\/mondo\/john-galliano-annullata-la-mostra-al-met-dopo-le-polemiche-sullantisemitismo\/\"},\"wordCount\":445,\"image\":{\"@id\":\"https:\/\/www.shalom.it\/mondo\/john-galliano-annullata-la-mostra-al-met-dopo-le-polemiche-sullantisemitismo\/#primaryimage\"},\"thumbnailUrl\":\"https:\/\/www.shalom.it\/wp-content\/uploads\/2026\/09\/The_Metropolitan_Museum_of_Art_Manhattan_NYC_sideview.jpg\",\"articleSection\":[\"Mondo\"],\"inLanguage\":\"it-IT\"},{\"@type\":\"WebPage\",\"@id\":\"https:\/\/www.shalom.it\/mondo\/john-galliano-annullata-la-mostra-al-met-dopo-le-polemiche-sullantisemitismo\/\",\"url\":\"https:\/\/www.shalom.it\/mondo\/john-galliano-annullata-la-mostra-al-met-dopo-le-polemiche-sullantisemitismo\/\",\"name\":\"John Galliano, annullata la mostra al Met dopo le polemiche sull\u2019antisemitismo - Shalom\",\"isPartOf\":{\"@id\":\"https:\/\/www.shalom.it\/#website\"},\"primaryImageOfPage\":{\"@id\":\"https:\/\/www.shalom.it\/mondo\/john-galliano-annullata-la-mostra-al-met-dopo-le-polemiche-sullantisemitismo\/#primaryimage\"},\"image\":{\"@id\":\"https:\/\/www.shalom.it\/mondo\/john-galliano-annullata-la-mostra-al-met-dopo-le-polemiche-sullantisemitismo\/#primaryimage\"},\"thumbnailUrl\":\"https:\/\/www.shalom.it\/wp-content\/uploads\/2026\/09\/The_Metropolitan_Museum_of_Art_Manhattan_NYC_sideview.jpg\",\"datePublished\":\"2026-09-02T10:49:56+00:00\",\"author\":{\"@id\":\"https:\/\/www.shalom.it\/#\/schema\/person\/d6d60e821a49d2a420ffe01f7af79dd8\"},\"breadcrumb\":{\"@id\":\"https:\/\/www.shalom.it\/mondo\/john-galliano-annullata-la-mostra-al-met-dopo-le-polemiche-sullantisemitismo\/#breadcrumb\"},\"inLanguage\":\"it-IT\",\"potentialAction\":[{\"@type\":\"ReadAction\",\"target\":[\"https:\/\/www.shalom.it\/mondo\/john-galliano-annullata-la-mostra-al-met-dopo-le-polemiche-sullantisemitismo\/\"]}]},{\"@type\":\"ImageObject\",\"inLanguage\":\"it-IT\",\"@id\":\"https:\/\/www.shalom.it\/mondo\/john-galliano-annullata-la-mostra-al-met-dopo-le-polemiche-sullantisemitismo\/#primaryimage\",\"url\":\"https:\/\/www.shalom.it\/wp-content\/uploads\/2026\/09\/The_Metropolitan_Museum_of_Art_Manhattan_NYC_sideview.jpg\",\"contentUrl\":\"https:\/\/www.shalom.it\/wp-content\/uploads\/2026\/09\/The_Metropolitan_Museum_of_Art_Manhattan_NYC_sideview.jpg\",\"width\":840,\"height\":630},{\"@type\":\"BreadcrumbList\",\"@id\":\"https:\/\/www.shalom.it\/mondo\/john-galliano-annullata-la-mostra-al-met-dopo-le-polemiche-sullantisemitismo\/#breadcrumb\",\"itemListElement\":[{\"@type\":\"ListItem\",\"position\":1,\"name\":\"Home\",\"item\":\"https:\/\/www.shalom.it\/\"},{\"@type\":\"ListItem\",\"position\":2,\"name\":\"John Galliano, annullata la mostra al Met dopo le polemiche sull\u2019antisemitismo\"}]},{\"@type\":\"WebSite\",\"@id\":\"https:\/\/www.shalom.it\/#website\",\"url\":\"https:\/\/www.shalom.it\/\",\"name\":\"Shalom\",\"description\":\"Il Magazine della comunit\u00e0 ebraica di Roma\",\"potentialAction\":[{\"@type\":\"SearchAction\",\"target\":{\"@type\":\"EntryPoint\",\"urlTemplate\":\"https:\/\/www.shalom.it\/?s={search_term_string}\"},\"query-input\":{\"@type\":\"PropertyValueSpecification\",\"valueRequired\":true,\"valueName\":\"search_term_string\"}}],\"inLanguage\":\"it-IT\"},{\"@type\":\"Person\",\"@id\":\"https:\/\/www.shalom.it\/#\/schema\/person\/d6d60e821a49d2a420ffe01f7af79dd8\",\"name\":\"Redazione\",\"url\":\"https:\/\/www.shalom.it\/author\/redazione\/\"}]}<\/script>\n<!-- \/ Yoast SEO plugin. -->","yoast_head_json":{"title":"John Galliano, annullata la mostra al Met dopo le polemiche sull\u2019antisemitismo - Shalom","robots":{"index":"index","follow":"follow","max-snippet":"max-snippet:-1","max-image-preview":"max-image-preview:large","max-video-preview":"max-video-preview:-1"},"canonical":"https:\/\/www.shalom.it\/mondo\/john-galliano-annullata-la-mostra-al-met-dopo-le-polemiche-sullantisemitismo\/","og_locale":"it_IT","og_type":"article","og_title":"John Galliano, annullata la mostra al Met dopo le polemiche sull\u2019antisemitismo - Shalom","og_description":"Era stata annunciata soltanto poco pi\u00f9 di un mese fa la mostra retrospettiva &#8220;John Galliano: Horizons&#8221; che avrebbe dovuto tenersi alla Costume Institute del Metropolitan Museum of Art di New York e avrebbe dovuto includere un omaggio allo stilista al Met gala, uno degli eventi di costume pi\u00f9 significativi nello star system americano; ma \u00e8 [&hellip;]","og_url":"https:\/\/www.shalom.it\/mondo\/john-galliano-annullata-la-mostra-al-met-dopo-le-polemiche-sullantisemitismo\/","og_site_name":"Shalom","article_published_time":"2026-09-02T10:49:56+00:00","og_image":[{"width":840,"height":630,"url":"https:\/\/www.shalom.it\/wp-content\/uploads\/2026\/09\/The_Metropolitan_Museum_of_Art_Manhattan_NYC_sideview.jpg","type":"image\/jpeg"}],"author":"Redazione","twitter_card":"summary_large_image","twitter_misc":{"Scritto da":"Redazione","Tempo di lettura stimato":"3 minuti"},"schema":{"@context":"https:\/\/schema.org","@graph":[{"@type":"Article","@id":"https:\/\/www.shalom.it\/mondo\/john-galliano-annullata-la-mostra-al-met-dopo-le-polemiche-sullantisemitismo\/#article","isPartOf":{"@id":"https:\/\/www.shalom.it\/mondo\/john-galliano-annullata-la-mostra-al-met-dopo-le-polemiche-sullantisemitismo\/"},"author":{"name":"Redazione","@id":"https:\/\/www.shalom.it\/#\/schema\/person\/d6d60e821a49d2a420ffe01f7af79dd8"},"headline":"John Galliano, annullata la mostra al Met dopo le polemiche sull\u2019antisemitismo","datePublished":"2026-09-02T10:49:56+00:00","mainEntityOfPage":{"@id":"https:\/\/www.shalom.it\/mondo\/john-galliano-annullata-la-mostra-al-met-dopo-le-polemiche-sullantisemitismo\/"},"wordCount":445,"image":{"@id":"https:\/\/www.shalom.it\/mondo\/john-galliano-annullata-la-mostra-al-met-dopo-le-polemiche-sullantisemitismo\/#primaryimage"},"thumbnailUrl":"https:\/\/www.shalom.it\/wp-content\/uploads\/2026\/09\/The_Metropolitan_Museum_of_Art_Manhattan_NYC_sideview.jpg","articleSection":["Mondo"],"inLanguage":"it-IT"},{"@type":"WebPage","@id":"https:\/\/www.shalom.it\/mondo\/john-galliano-annullata-la-mostra-al-met-dopo-le-polemiche-sullantisemitismo\/","url":"https:\/\/www.shalom.it\/mondo\/john-galliano-annullata-la-mostra-al-met-dopo-le-polemiche-sullantisemitismo\/","name":"John Galliano, annullata la mostra al Met dopo le polemiche sull\u2019antisemitismo - Shalom","isPartOf":{"@id":"https:\/\/www.shalom.it\/#website"},"primaryImageOfPage":{"@id":"https:\/\/www.shalom.it\/mondo\/john-galliano-annullata-la-mostra-al-met-dopo-le-polemiche-sullantisemitismo\/#primaryimage"},"image":{"@id":"https:\/\/www.shalom.it\/mondo\/john-galliano-annullata-la-mostra-al-met-dopo-le-polemiche-sullantisemitismo\/#primaryimage"},"thumbnailUrl":"https:\/\/www.shalom.it\/wp-content\/uploads\/2026\/09\/The_Metropolitan_Museum_of_Art_Manhattan_NYC_sideview.jpg","datePublished":"2026-09-02T10:49:56+00:00","author":{"@id":"https:\/\/www.shalom.it\/#\/schema\/person\/d6d60e821a49d2a420ffe01f7af79dd8"},"breadcrumb":{"@id":"https:\/\/www.shalom.it\/mondo\/john-galliano-annullata-la-mostra-al-met-dopo-le-polemiche-sullantisemitismo\/#breadcrumb"},"inLanguage":"it-IT","potentialAction":[{"@type":"ReadAction","target":["https:\/\/www.shalom.it\/mondo\/john-galliano-annullata-la-mostra-al-met-dopo-le-polemiche-sullantisemitismo\/"]}]},{"@type":"ImageObject","inLanguage":"it-IT","@id":"https:\/\/www.shalom.it\/mondo\/john-galliano-annullata-la-mostra-al-met-dopo-le-polemiche-sullantisemitismo\/#primaryimage","url":"https:\/\/www.shalom.it\/wp-content\/uploads\/2026\/09\/The_Metropolitan_Museum_of_Art_Manhattan_NYC_sideview.jpg","contentUrl":"https:\/\/www.shalom.it\/wp-content\/uploads\/2026\/09\/The_Metropolitan_Museum_of_Art_Manhattan_NYC_sideview.jpg","width":840,"height":630},{"@type":"BreadcrumbList","@id":"https:\/\/www.shalom.it\/mondo\/john-galliano-annullata-la-mostra-al-met-dopo-le-polemiche-sullantisemitismo\/#breadcrumb","itemListElement":[{"@type":"ListItem","position":1,"name":"Home","item":"https:\/\/www.shalom.it\/"},{"@type":"ListItem","position":2,"name":"John Galliano, annullata la mostra al Met dopo le polemiche sull\u2019antisemitismo"}]},{"@type":"WebSite","@id":"https:\/\/www.shalom.it\/#website","url":"https:\/\/www.shalom.it\/","name":"Shalom","description":"Il Magazine della comunit\u00e0 ebraica di Roma","potentialAction":[{"@type":"SearchAction","target":{"@type":"EntryPoint","urlTemplate":"https:\/\/www.shalom.it\/?s={search_term_string}"},"query-input":{"@type":"PropertyValueSpecification","valueRequired":true,"valueName":"search_term_string"}}],"inLanguage":"it-IT"},{"@type":"Person","@id":"https:\/\/www.shalom.it\/#\/schema\/person\/d6d60e821a49d2a420ffe01f7af79dd8","name":"Redazione","url":"https:\/\/www.shalom.it\/author\/redazione\/"}]}},"jetpack_featured_media_url":"https:\/\/www.shalom.it\/wp-content\/uploads\/2026\/09\/The_Metropolitan_Museum_of_Art_Manhattan_NYC_sideview.jpg","jetpack_sharing_enabled":true,"_links":{"self":[{"href":"https:\/\/www.shalom.it\/wp-json\/wp\/v2\/posts\/148451","targetHints":{"allow":["GET"]}}],"collection":[{"href":"https:\/\/www.shalom.it\/wp-json\/wp\/v2\/posts"}],"about":[{"href":"https:\/\/www.shalom.it\/wp-json\/wp\/v2\/types\/post"}],"author":[{"embeddable":true,"href":"https:\/\/www.shalom.it\/wp-json\/wp\/v2\/users\/3"}],"replies":[{"embeddable":true,"href":"https:\/\/www.shalom.it\/wp-json\/wp\/v2\/comments?post=148451"}],"version-history":[{"count":1,"href":"https:\/\/www.shalom.it\/wp-json\/wp\/v2\/posts\/148451\/revisions"}],"predecessor-version":[{"id":148453,"href":"https:\/\/www.shalom.it\/wp-json\/wp\/v2\/posts\/148451\/revisions\/148453"}],"wp:featuredmedia":[{"embeddable":true,"href":"https:\/\/www.shalom.it\/wp-json\/wp\/v2\/media\/148452"}],"wp:attachment":[{"href":"https:\/\/www.shalom.it\/wp-json\/wp\/v2\/media?parent=148451"}],"wp:term":[{"taxonomy":"category","embeddable":true,"href":"https:\/\/www.shalom.it\/wp-json\/wp\/v2\/categories?post=148451"},{"taxonomy":"post_tag","embeddable":true,"href":"https:\/\/www.shalom.it\/wp-json\/wp\/v2\/tags?post=148451"}],"curies":[{"name":"wp","href":"https:\/\/api.w.org\/{rel}","templated":true}]}}