{"id":148443,"date":"2026-09-01T16:38:21","date_gmt":"2026-09-01T14:38:21","guid":{"rendered":"https:\/\/www.shalom.it\/?p=148443"},"modified":"2026-09-01T16:38:21","modified_gmt":"2026-09-01T14:38:21","slug":"al-meis-il-ritratto-di-un-giovane-amedeo-modigliani","status":"publish","type":"post","link":"https:\/\/www.shalom.it\/cultura\/al-meis-il-ritratto-di-un-giovane-amedeo-modigliani\/","title":{"rendered":"Al MEIS, il ritratto di un giovane Amedeo Modigliani"},"content":{"rendered":"<p>Esistono pochissimi ritratti di Amedeo Modigliani (1884-1920), l\u2019artista livornese che, con il suo stile inconfondibile e la sua esistenza inquieta, avrebbe cambiato per sempre il volto dell\u2019arte del Novecento. Tra questi, quello realizzato dalla compagna e pittrice Jeanne H\u00e9buterne e il celebre disegno a matita di Andr\u00e9 Derain. A questi si aggiunge ora un\u2019opera finora mai esposta al pubblico: il ritratto di un giovanissimo Modigliani realizzato dalla pittrice Matilde Levi Viterbo (1869-1959).<\/p>\n<p>Il dipinto sar\u00e0 presentato al <strong>Museo Nazionale dell\u2019Ebraismo Italiano e della Shoah-MEIS di Ferrara<\/strong> in occasione della <strong>Giornata Europea della Cultura Ebraica<\/strong>, domenica 6 settembre. Un\u2019opera che non \u00e8 soltanto una rara testimonianza iconografica dell\u2019artista, ma il punto di partenza per raccontare una storia pi\u00f9 ampia, fatta di legami familiari, passione per l\u2019arte, cura e solidariet\u00e0, fino alle drammatiche vicende che segnarono la vita degli ebrei italiani nel Novecento.<\/p>\n<p>Matilde Levi Viterbo e Amedeo Modigliani erano infatti entrambi ebrei italiani, imparentati e legati da un rapporto di amicizia destinato a coinvolgere anche le loro famiglie. Matilde dipinse Amedeo quando era ancora giovanissimo, studente all\u2019Accademia, prima della partenza per Parigi che avrebbe rappresentato per lui il trampolino verso la consacrazione artistica e l\u2019immersione nell\u2019atmosfera boh\u00e9mienne della capitale francese.<\/p>\n<p>Nel quadro, proveniente da una collezione privata, Mod\u00ec appare colto quasi di sorpresa, in un\u2019immagine lontana dai celebri autoritratti e dalle rappresentazioni della maturit\u00e0. A renderlo immediatamente riconoscibile sono lo sguardo profondo e quella chioma ribelle che sarebbe diventata una delle sue caratteristiche pi\u00f9 note. \u00c8 l\u2019immagine di un artista ancora agli inizi, prima che Parigi e gli incontri con le avanguardie trasformassero definitivamente la sua traiettoria.<\/p>\n<p>Ma il ritratto \u00e8 anche una porta d\u2019accesso alla vicenda di Matilde e del figlio Dario Viterbo (1890-1961), scultore e orafo che raccolse dalla madre l\u2019eredit\u00e0 della passione artistica. \u00c8 attraverso le loro biografie che il MEIS ricostruisce una parte significativa della storia degli ebrei italiani dopo l\u2019emancipazione: una comunit\u00e0 profondamente inserita nella cultura e nell\u2019identit\u00e0 nazionale, protagonista della vita del Paese e, al tempo stesso, destinata a essere travolta dalle leggi razziali e dall\u2019avvento del nazismo.<\/p>\n<p>Pittrice, copista e miniaturista, Matilde fu anche animata da un forte senso di cura verso gli altri. Durante la Prima guerra mondiale prest\u00f2 servizio come crocerossina volontaria, portando il proprio contributo al fronte. Parallelamente continu\u00f2 a coltivare la propria vocazione artistica e incoraggi\u00f2 il figlio Dario a seguire la sua. Diplomato all\u2019Accademia di Belle Arti di Firenze nel 1913, Dario Viterbo si dedic\u00f2 alla scultura e alla gioielleria, affermandosi nelle principali esposizioni italiane. Nel 1925 si trasfer\u00ec a Parigi, dove entr\u00f2 in contatto con alcuni dei protagonisti della scena artistica internazionale ed espose accanto a figure come Giorgio de Chirico e Pablo Picasso. Nel 1932 ottenne una sala personale alla Biennale di Venezia.<\/p>\n<p>La capitale francese divent\u00f2 anche il luogo di un legame particolarmente significativo con la famiglia Modigliani. Dario ospit\u00f2 infatti la figlia dell\u2019artista, Giovanna, e insieme al fratello di Amedeo, Giuseppe Emanuele, si avvicin\u00f2 al gruppo degli antifascisti italiani in esilio. Poi arriv\u00f2 la guerra. Con l\u2019invasione nazista della Francia nel 1940, Dario fu costretto ad abbandonare il proprio studio parigino, dove erano conservate tutte le sue opere, e a rifugiarsi a New York. Lontano dall\u2019Europa e impossibilitato, almeno temporaneamente, a proseguire la propria attivit\u00e0 di scultore, elabor\u00f2 una tecnica incisoria originale, la cosiddetta \u201cstampa a cesello\u201d: utilizzando gli strumenti della lavorazione dei gioielli riusc\u00ec a imprimere sulla carta effetti pittorici attraverso diversi spessori di inchiostro.<\/p>\n<p>In quel difficile passaggio della sua vita, a sostenerlo fu la moglie Ada Vera Bernstein, che a New York si afferm\u00f2 come modista e conquist\u00f2 una clientela d\u2019eccezione. Tra le sue clienti figuravano anche Eleanor Roosevelt e Carla De Martini, moglie di Arturo Toscanini, affascinate dai cappellini che confezionava.<\/p>\n<p>Nonostante la distanza e la guerra, il legame tra Dario e Matilde non si interruppe. A unirli furono lunghe lettere nelle quali il figlio raccontava alla madre i propri progressi artistici. La corrispondenza, sospesa durante il conflitto, riprese alla fine della guerra e continu\u00f2 a testimoniare il loro rapporto fino alla morte di entrambi.<\/p>\n<p>\u00c8 proprio questo intreccio di arte e affetti a costituire il cuore del percorso proposto dal MEIS. &#8220;Abbiamo scelto di interpretare l\u2019amore, come passione per l\u2019arte, come dedizione verso la famiglia, come impulso ad aiutare il prossimo&#8221;, spiega a Shalom il direttore del museo Amedeo Spagnoletto. All\u2019ingresso del museo, il ritratto di Modigliani sar\u00e0 affiancato da due \u201cstampe a cesello\u201d di Dario Viterbo, realizzate dopo la fuga dall\u2019Europa, da alcuni oggetti appartenuti a Matilde durante la sua attivit\u00e0 di crocerossina, dai suoi studi anatomici e da documenti e volumi provenienti dalla Biblioteca del MEIS. Un piccolo nucleo di opere e testimonianze capace di ricomporre, attraverso tre generazioni e pi\u00f9 luoghi, una costellazione di artisti, famiglie e relazioni.<\/p>\n<p>Il percorso assume cos\u00ec anche un significato pi\u00f9 ampio, nel segno della Giornata Europea della Cultura Ebraica. &#8220;\u00c8 un momento critico nella vita dei musei che trattano di ebraismo e di memoria&#8221;, sottolinea Spagnoletto. &#8220;Mi auguro che questa edizione della Giornata Europea sia colta da tante persone non solo per scoprire nuove storie fra le infinite che 2000 anni di presenza hanno prodotto, ma anche come testimonianza del valore autonomo e indipendente della cultura ebraica rispetto agli scenari politici di difficile e contrastata interpretazione&#8221;.<\/p>\n<p>Il volto del giovane Modigliani diventa cos\u00ec molto pi\u00f9 di una rara immagine d\u2019epoca. Dentro quello sguardo si incontrano l\u2019artista che ancora deve partire alla conquista di Parigi, una pittrice che seppe coniugare arte e impegno civile, un figlio che trasform\u00f2 l\u2019eredit\u00e0 materna in una propria ricerca e una famiglia costretta dall\u2019antisemitismo a reinventare la propria vita lontano dall\u2019Europa. Una storia in cui l\u2019amore, nelle sue molteplici forme, diventa anche una forma di resistenza: all\u2019oblio, alla violenza della storia e alla perdita dei legami.<\/p>\n<p>Photo credit: collezione privata, foto MEIS<\/p>\n","protected":false},"excerpt":{"rendered":"<p>Esistono pochissimi ritratti di Amedeo Modigliani (1884-1920), l\u2019artista livornese che, con il suo stile inconfondibile e la sua esistenza inquieta, avrebbe cambiato per sempre il volto dell\u2019arte del Novecento. Tra questi, quello realizzato dalla compagna e pittrice Jeanne H\u00e9buterne e il celebre disegno a matita di Andr\u00e9 Derain. A questi si aggiunge ora un\u2019opera finora [&hellip;]<\/p>\n","protected":false},"author":89,"featured_media":148444,"comment_status":"closed","ping_status":"closed","sticky":false,"template":"","format":"standard","meta":{"_acf_changed":false,"_jetpack_memberships_contains_paid_content":false,"footnotes":""},"categories":[7],"tags":[],"class_list":["post-148443","post","type-post","status-publish","format-standard","has-post-thumbnail","hentry","category-cultura"],"acf":[],"yoast_head":"<!-- This site is optimized with the Yoast SEO plugin v26.9 - https:\/\/yoast.com\/product\/yoast-seo-wordpress\/ -->\n<title>Al MEIS, il ritratto di un giovane Amedeo Modigliani - Shalom<\/title>\n<meta name=\"robots\" content=\"index, follow, max-snippet:-1, max-image-preview:large, max-video-preview:-1\" \/>\n<link rel=\"canonical\" href=\"https:\/\/www.shalom.it\/cultura\/al-meis-il-ritratto-di-un-giovane-amedeo-modigliani\/\" \/>\n<meta property=\"og:locale\" content=\"it_IT\" \/>\n<meta property=\"og:type\" content=\"article\" \/>\n<meta property=\"og:title\" content=\"Al MEIS, il ritratto di un giovane Amedeo Modigliani - Shalom\" \/>\n<meta property=\"og:description\" content=\"Esistono pochissimi ritratti di Amedeo Modigliani (1884-1920), l\u2019artista livornese che, con il suo stile inconfondibile e la sua esistenza inquieta, avrebbe cambiato per sempre il volto dell\u2019arte del Novecento. Tra questi, quello realizzato dalla compagna e pittrice Jeanne H\u00e9buterne e il celebre disegno a matita di Andr\u00e9 Derain. A questi si aggiunge ora un\u2019opera finora [&hellip;]\" \/>\n<meta property=\"og:url\" content=\"https:\/\/www.shalom.it\/cultura\/al-meis-il-ritratto-di-un-giovane-amedeo-modigliani\/\" \/>\n<meta property=\"og:site_name\" content=\"Shalom\" \/>\n<meta property=\"article:published_time\" content=\"2026-09-01T14:38:21+00:00\" \/>\n<meta property=\"og:image\" content=\"https:\/\/www.shalom.it\/wp-content\/uploads\/2026\/09\/Amedeo-Modigliani-ritratto-da-Matilde-Levi-Viterbo.webp\" \/>\n\t<meta property=\"og:image:width\" content=\"1400\" \/>\n\t<meta property=\"og:image:height\" content=\"1503\" \/>\n\t<meta property=\"og:image:type\" content=\"image\/webp\" \/>\n<meta name=\"author\" content=\"Michelle Zarfati\" \/>\n<meta name=\"twitter:card\" content=\"summary_large_image\" \/>\n<meta name=\"twitter:label1\" content=\"Scritto da\" \/>\n\t<meta name=\"twitter:data1\" content=\"Michelle Zarfati\" \/>\n\t<meta name=\"twitter:label2\" content=\"Tempo di lettura stimato\" \/>\n\t<meta name=\"twitter:data2\" content=\"6 minuti\" \/>\n<script type=\"application\/ld+json\" class=\"yoast-schema-graph\">{\"@context\":\"https:\/\/schema.org\",\"@graph\":[{\"@type\":\"Article\",\"@id\":\"https:\/\/www.shalom.it\/cultura\/al-meis-il-ritratto-di-un-giovane-amedeo-modigliani\/#article\",\"isPartOf\":{\"@id\":\"https:\/\/www.shalom.it\/cultura\/al-meis-il-ritratto-di-un-giovane-amedeo-modigliani\/\"},\"author\":{\"name\":\"Michelle Zarfati\",\"@id\":\"https:\/\/www.shalom.it\/#\/schema\/person\/d9f18de0c8e16f0e7113889b42fd88c0\"},\"headline\":\"Al MEIS, il ritratto di un giovane Amedeo Modigliani\",\"datePublished\":\"2026-09-01T14:38:21+00:00\",\"mainEntityOfPage\":{\"@id\":\"https:\/\/www.shalom.it\/cultura\/al-meis-il-ritratto-di-un-giovane-amedeo-modigliani\/\"},\"wordCount\":997,\"image\":{\"@id\":\"https:\/\/www.shalom.it\/cultura\/al-meis-il-ritratto-di-un-giovane-amedeo-modigliani\/#primaryimage\"},\"thumbnailUrl\":\"https:\/\/www.shalom.it\/wp-content\/uploads\/2026\/09\/Amedeo-Modigliani-ritratto-da-Matilde-Levi-Viterbo.webp\",\"articleSection\":[\"Cultura\"],\"inLanguage\":\"it-IT\"},{\"@type\":\"WebPage\",\"@id\":\"https:\/\/www.shalom.it\/cultura\/al-meis-il-ritratto-di-un-giovane-amedeo-modigliani\/\",\"url\":\"https:\/\/www.shalom.it\/cultura\/al-meis-il-ritratto-di-un-giovane-amedeo-modigliani\/\",\"name\":\"Al MEIS, il ritratto di un giovane Amedeo Modigliani - Shalom\",\"isPartOf\":{\"@id\":\"https:\/\/www.shalom.it\/#website\"},\"primaryImageOfPage\":{\"@id\":\"https:\/\/www.shalom.it\/cultura\/al-meis-il-ritratto-di-un-giovane-amedeo-modigliani\/#primaryimage\"},\"image\":{\"@id\":\"https:\/\/www.shalom.it\/cultura\/al-meis-il-ritratto-di-un-giovane-amedeo-modigliani\/#primaryimage\"},\"thumbnailUrl\":\"https:\/\/www.shalom.it\/wp-content\/uploads\/2026\/09\/Amedeo-Modigliani-ritratto-da-Matilde-Levi-Viterbo.webp\",\"datePublished\":\"2026-09-01T14:38:21+00:00\",\"author\":{\"@id\":\"https:\/\/www.shalom.it\/#\/schema\/person\/d9f18de0c8e16f0e7113889b42fd88c0\"},\"breadcrumb\":{\"@id\":\"https:\/\/www.shalom.it\/cultura\/al-meis-il-ritratto-di-un-giovane-amedeo-modigliani\/#breadcrumb\"},\"inLanguage\":\"it-IT\",\"potentialAction\":[{\"@type\":\"ReadAction\",\"target\":[\"https:\/\/www.shalom.it\/cultura\/al-meis-il-ritratto-di-un-giovane-amedeo-modigliani\/\"]}]},{\"@type\":\"ImageObject\",\"inLanguage\":\"it-IT\",\"@id\":\"https:\/\/www.shalom.it\/cultura\/al-meis-il-ritratto-di-un-giovane-amedeo-modigliani\/#primaryimage\",\"url\":\"https:\/\/www.shalom.it\/wp-content\/uploads\/2026\/09\/Amedeo-Modigliani-ritratto-da-Matilde-Levi-Viterbo.webp\",\"contentUrl\":\"https:\/\/www.shalom.it\/wp-content\/uploads\/2026\/09\/Amedeo-Modigliani-ritratto-da-Matilde-Levi-Viterbo.webp\",\"width\":1400,\"height\":1503},{\"@type\":\"BreadcrumbList\",\"@id\":\"https:\/\/www.shalom.it\/cultura\/al-meis-il-ritratto-di-un-giovane-amedeo-modigliani\/#breadcrumb\",\"itemListElement\":[{\"@type\":\"ListItem\",\"position\":1,\"name\":\"Home\",\"item\":\"https:\/\/www.shalom.it\/\"},{\"@type\":\"ListItem\",\"position\":2,\"name\":\"Al MEIS, il ritratto di un giovane Amedeo Modigliani\"}]},{\"@type\":\"WebSite\",\"@id\":\"https:\/\/www.shalom.it\/#website\",\"url\":\"https:\/\/www.shalom.it\/\",\"name\":\"Shalom\",\"description\":\"Il Magazine della comunit\u00e0 ebraica di Roma\",\"potentialAction\":[{\"@type\":\"SearchAction\",\"target\":{\"@type\":\"EntryPoint\",\"urlTemplate\":\"https:\/\/www.shalom.it\/?s={search_term_string}\"},\"query-input\":{\"@type\":\"PropertyValueSpecification\",\"valueRequired\":true,\"valueName\":\"search_term_string\"}}],\"inLanguage\":\"it-IT\"},{\"@type\":\"Person\",\"@id\":\"https:\/\/www.shalom.it\/#\/schema\/person\/d9f18de0c8e16f0e7113889b42fd88c0\",\"name\":\"Michelle Zarfati\",\"url\":\"https:\/\/www.shalom.it\/author\/michellezarfati\/\"}]}<\/script>\n<!-- \/ Yoast SEO plugin. -->","yoast_head_json":{"title":"Al MEIS, il ritratto di un giovane Amedeo Modigliani - Shalom","robots":{"index":"index","follow":"follow","max-snippet":"max-snippet:-1","max-image-preview":"max-image-preview:large","max-video-preview":"max-video-preview:-1"},"canonical":"https:\/\/www.shalom.it\/cultura\/al-meis-il-ritratto-di-un-giovane-amedeo-modigliani\/","og_locale":"it_IT","og_type":"article","og_title":"Al MEIS, il ritratto di un giovane Amedeo Modigliani - Shalom","og_description":"Esistono pochissimi ritratti di Amedeo Modigliani (1884-1920), l\u2019artista livornese che, con il suo stile inconfondibile e la sua esistenza inquieta, avrebbe cambiato per sempre il volto dell\u2019arte del Novecento. Tra questi, quello realizzato dalla compagna e pittrice Jeanne H\u00e9buterne e il celebre disegno a matita di Andr\u00e9 Derain. A questi si aggiunge ora un\u2019opera finora [&hellip;]","og_url":"https:\/\/www.shalom.it\/cultura\/al-meis-il-ritratto-di-un-giovane-amedeo-modigliani\/","og_site_name":"Shalom","article_published_time":"2026-09-01T14:38:21+00:00","og_image":[{"width":1400,"height":1503,"url":"https:\/\/www.shalom.it\/wp-content\/uploads\/2026\/09\/Amedeo-Modigliani-ritratto-da-Matilde-Levi-Viterbo.webp","type":"image\/webp"}],"author":"Michelle Zarfati","twitter_card":"summary_large_image","twitter_misc":{"Scritto da":"Michelle Zarfati","Tempo di lettura stimato":"6 minuti"},"schema":{"@context":"https:\/\/schema.org","@graph":[{"@type":"Article","@id":"https:\/\/www.shalom.it\/cultura\/al-meis-il-ritratto-di-un-giovane-amedeo-modigliani\/#article","isPartOf":{"@id":"https:\/\/www.shalom.it\/cultura\/al-meis-il-ritratto-di-un-giovane-amedeo-modigliani\/"},"author":{"name":"Michelle Zarfati","@id":"https:\/\/www.shalom.it\/#\/schema\/person\/d9f18de0c8e16f0e7113889b42fd88c0"},"headline":"Al MEIS, il ritratto di un giovane Amedeo Modigliani","datePublished":"2026-09-01T14:38:21+00:00","mainEntityOfPage":{"@id":"https:\/\/www.shalom.it\/cultura\/al-meis-il-ritratto-di-un-giovane-amedeo-modigliani\/"},"wordCount":997,"image":{"@id":"https:\/\/www.shalom.it\/cultura\/al-meis-il-ritratto-di-un-giovane-amedeo-modigliani\/#primaryimage"},"thumbnailUrl":"https:\/\/www.shalom.it\/wp-content\/uploads\/2026\/09\/Amedeo-Modigliani-ritratto-da-Matilde-Levi-Viterbo.webp","articleSection":["Cultura"],"inLanguage":"it-IT"},{"@type":"WebPage","@id":"https:\/\/www.shalom.it\/cultura\/al-meis-il-ritratto-di-un-giovane-amedeo-modigliani\/","url":"https:\/\/www.shalom.it\/cultura\/al-meis-il-ritratto-di-un-giovane-amedeo-modigliani\/","name":"Al MEIS, il ritratto di un giovane Amedeo Modigliani - Shalom","isPartOf":{"@id":"https:\/\/www.shalom.it\/#website"},"primaryImageOfPage":{"@id":"https:\/\/www.shalom.it\/cultura\/al-meis-il-ritratto-di-un-giovane-amedeo-modigliani\/#primaryimage"},"image":{"@id":"https:\/\/www.shalom.it\/cultura\/al-meis-il-ritratto-di-un-giovane-amedeo-modigliani\/#primaryimage"},"thumbnailUrl":"https:\/\/www.shalom.it\/wp-content\/uploads\/2026\/09\/Amedeo-Modigliani-ritratto-da-Matilde-Levi-Viterbo.webp","datePublished":"2026-09-01T14:38:21+00:00","author":{"@id":"https:\/\/www.shalom.it\/#\/schema\/person\/d9f18de0c8e16f0e7113889b42fd88c0"},"breadcrumb":{"@id":"https:\/\/www.shalom.it\/cultura\/al-meis-il-ritratto-di-un-giovane-amedeo-modigliani\/#breadcrumb"},"inLanguage":"it-IT","potentialAction":[{"@type":"ReadAction","target":["https:\/\/www.shalom.it\/cultura\/al-meis-il-ritratto-di-un-giovane-amedeo-modigliani\/"]}]},{"@type":"ImageObject","inLanguage":"it-IT","@id":"https:\/\/www.shalom.it\/cultura\/al-meis-il-ritratto-di-un-giovane-amedeo-modigliani\/#primaryimage","url":"https:\/\/www.shalom.it\/wp-content\/uploads\/2026\/09\/Amedeo-Modigliani-ritratto-da-Matilde-Levi-Viterbo.webp","contentUrl":"https:\/\/www.shalom.it\/wp-content\/uploads\/2026\/09\/Amedeo-Modigliani-ritratto-da-Matilde-Levi-Viterbo.webp","width":1400,"height":1503},{"@type":"BreadcrumbList","@id":"https:\/\/www.shalom.it\/cultura\/al-meis-il-ritratto-di-un-giovane-amedeo-modigliani\/#breadcrumb","itemListElement":[{"@type":"ListItem","position":1,"name":"Home","item":"https:\/\/www.shalom.it\/"},{"@type":"ListItem","position":2,"name":"Al MEIS, il ritratto di un giovane Amedeo Modigliani"}]},{"@type":"WebSite","@id":"https:\/\/www.shalom.it\/#website","url":"https:\/\/www.shalom.it\/","name":"Shalom","description":"Il Magazine della comunit\u00e0 ebraica di Roma","potentialAction":[{"@type":"SearchAction","target":{"@type":"EntryPoint","urlTemplate":"https:\/\/www.shalom.it\/?s={search_term_string}"},"query-input":{"@type":"PropertyValueSpecification","valueRequired":true,"valueName":"search_term_string"}}],"inLanguage":"it-IT"},{"@type":"Person","@id":"https:\/\/www.shalom.it\/#\/schema\/person\/d9f18de0c8e16f0e7113889b42fd88c0","name":"Michelle Zarfati","url":"https:\/\/www.shalom.it\/author\/michellezarfati\/"}]}},"jetpack_featured_media_url":"https:\/\/www.shalom.it\/wp-content\/uploads\/2026\/09\/Amedeo-Modigliani-ritratto-da-Matilde-Levi-Viterbo.webp","jetpack_sharing_enabled":true,"_links":{"self":[{"href":"https:\/\/www.shalom.it\/wp-json\/wp\/v2\/posts\/148443","targetHints":{"allow":["GET"]}}],"collection":[{"href":"https:\/\/www.shalom.it\/wp-json\/wp\/v2\/posts"}],"about":[{"href":"https:\/\/www.shalom.it\/wp-json\/wp\/v2\/types\/post"}],"author":[{"embeddable":true,"href":"https:\/\/www.shalom.it\/wp-json\/wp\/v2\/users\/89"}],"replies":[{"embeddable":true,"href":"https:\/\/www.shalom.it\/wp-json\/wp\/v2\/comments?post=148443"}],"version-history":[{"count":1,"href":"https:\/\/www.shalom.it\/wp-json\/wp\/v2\/posts\/148443\/revisions"}],"predecessor-version":[{"id":148445,"href":"https:\/\/www.shalom.it\/wp-json\/wp\/v2\/posts\/148443\/revisions\/148445"}],"wp:featuredmedia":[{"embeddable":true,"href":"https:\/\/www.shalom.it\/wp-json\/wp\/v2\/media\/148444"}],"wp:attachment":[{"href":"https:\/\/www.shalom.it\/wp-json\/wp\/v2\/media?parent=148443"}],"wp:term":[{"taxonomy":"category","embeddable":true,"href":"https:\/\/www.shalom.it\/wp-json\/wp\/v2\/categories?post=148443"},{"taxonomy":"post_tag","embeddable":true,"href":"https:\/\/www.shalom.it\/wp-json\/wp\/v2\/tags?post=148443"}],"curies":[{"name":"wp","href":"https:\/\/api.w.org\/{rel}","templated":true}]}}