{"id":148434,"date":"2026-09-01T13:23:18","date_gmt":"2026-09-01T11:23:18","guid":{"rendered":"https:\/\/www.shalom.it\/?p=148434"},"modified":"2026-09-01T13:36:00","modified_gmt":"2026-09-01T11:36:00","slug":"israele-e-iniziato-il-nuovo-anno-scolastico","status":"publish","type":"post","link":"https:\/\/www.shalom.it\/israele\/israele-e-iniziato-il-nuovo-anno-scolastico\/","title":{"rendered":"Israele: \u00e8 iniziato il nuovo anno scolastico"},"content":{"rendered":"<p style=\"text-align: justify;\">\u00c8 tornata a suonare la campanella nelle scuole israeliane. Circa 2,6 milioni di studenti hanno iniziato oggi il nuovo anno scolastico. Per 180 mila bambini \u00e8 il primo giorno in prima elementare, mentre circa 143 mila ragazzi affrontano l\u2019ultimo anno delle superiori.<br \/>\nIn tutto il Paese sono operative 27.757 istituzioni educative, tra scuole dell\u2019infanzia, primarie e secondarie. Sono circa 418 mila, pari al 16% del totale, gli studenti che hanno diritto a servizi di istruzione speciale, il 9% in pi\u00f9 rispetto allo scorso anno.<br \/>\nLa prima settimana sar\u00e0 dedicata non solo alla ripresa della routine, ma anche al rafforzamento del senso di appartenenza, delle relazioni sociali e della fiducia tra studenti e personale scolastico. Grande attenzione sar\u00e0 riservata all\u2019ascolto, alla resilienza e all\u2019individuazione dei bisogni degli alunni. Tra le priorit\u00e0 anche la prevenzione della violenza, dell\u2019emarginazione e del bullismo, dentro e fuori dalla scuola, compresi gli spazi digitali.<br \/>\nIl tema scelto per il nuovo anno \u00e8 \u201cFuturo, Patrimonio e Iniziativa\u201d, un percorso che unisce identit\u00e0 e patrimonio a leadership, responsabilit\u00e0 personale e impegno sociale. Sar\u00e0 inoltre ampliato il programma \u201cPercorsi del Patrimonio\u201d, rivolto anche al settore druso con attivit\u00e0 dedicate alla storia e all\u2019identit\u00e0 della comunit\u00e0.<br \/>\nTra le novit\u00e0, il divieto per gli studenti delle scuole medie di utilizzare il cellulare all\u2019interno degli istituti, anche durante gli intervalli. Debutta inoltre l\u2019educazione finanziaria, inizialmente per gli studenti del primo anno delle superiori, con l\u2019obiettivo di fornire strumenti pratici per una gestione finanziaria autonoma e preparare al mondo economico e al mercato del lavoro.<br \/>\nNel quadro della trasformazione del sistema educativo israeliano, il \u2018Programma 720\u2019 sar\u00e0 ampliato per introdurre forme di apprendimento sempre pi\u00f9 personalizzate e nuovi metodi nell&#8217;era dell&#8217;Intelligenza Artificiale. Oltre 12 mila insegnanti di inglese, scienze e tecnologia riceveranno una formazione specifica, mentre gli studenti seguiranno un percorso di 20 ore sull\u2019uso dell\u2019IA, il pensiero critico, la disinformazione e le questioni etiche. L\u2019intelligenza artificiale entrer\u00e0 anche negli esami di maturit\u00e0 di oltre dieci indirizzi scientifici e tecnologici. Ventisette istituti avvieranno inoltre percorsi dedicati alle scienze dell\u2019IA.<br \/>\nParticolarmente significativo il ritorno a scuola nelle comunit\u00e0 vicine a Gaza. Nell\u2019area del Consiglio regionale di Tekumah sono 22.233 gli studenti che tornano sui banchi, circa il 9% in pi\u00f9 rispetto alla vigilia del 7 ottobre. L\u2019aumento riflette il graduale rientro delle famiglie evacuate. Durante l\u2019estate sono tornati residenti a Kissufim, Chulit e Kfar Aza, mentre i giovani di Nir Am sono rientrati a Eshkol per studiare.<br \/>\nNel 2026 saranno investiti 364 milioni di NIS (104,2 milioni di euro) per rafforzare l\u2019istruzione nell\u2019area di Tekumah: 184 milioni di NIS (53 milioni di euro) per l\u2019istruzione, 103 milioni di NIS (circa 30 milioni di euro) per nuovi edifici scolastici e 54 milioni NIS (15,5 milioni di euro) per attivit\u00e0 extrascolastiche e programmi per giovani.<\/p>\n","protected":false},"excerpt":{"rendered":"<p>\u00c8 tornata a suonare la campanella nelle scuole israeliane. Circa 2,6 milioni di studenti hanno iniziato oggi il nuovo anno scolastico. Per 180 mila bambini \u00e8 il primo giorno in prima elementare, mentre circa 143 mila ragazzi affrontano l\u2019ultimo anno delle superiori. In tutto il Paese sono operative 27.757 istituzioni educative, tra scuole dell\u2019infanzia, primarie [&hellip;]<\/p>\n","protected":false},"author":3,"featured_media":148435,"comment_status":"closed","ping_status":"closed","sticky":false,"template":"","format":"standard","meta":{"_acf_changed":false,"_jetpack_memberships_contains_paid_content":false,"footnotes":""},"categories":[4],"tags":[],"class_list":["post-148434","post","type-post","status-publish","format-standard","has-post-thumbnail","hentry","category-israele"],"acf":[],"yoast_head":"<!-- This site is optimized with the Yoast SEO plugin v26.9 - https:\/\/yoast.com\/product\/yoast-seo-wordpress\/ -->\n<title>Israele: \u00e8 iniziato il nuovo anno scolastico - Shalom<\/title>\n<meta name=\"robots\" content=\"index, follow, max-snippet:-1, max-image-preview:large, max-video-preview:-1\" \/>\n<link rel=\"canonical\" href=\"https:\/\/www.shalom.it\/israele\/israele-e-iniziato-il-nuovo-anno-scolastico\/\" \/>\n<meta property=\"og:locale\" content=\"it_IT\" \/>\n<meta property=\"og:type\" content=\"article\" \/>\n<meta property=\"og:title\" content=\"Israele: \u00e8 iniziato il nuovo anno scolastico - Shalom\" \/>\n<meta property=\"og:description\" content=\"\u00c8 tornata a suonare la campanella nelle scuole israeliane. Circa 2,6 milioni di studenti hanno iniziato oggi il nuovo anno scolastico. Per 180 mila bambini \u00e8 il primo giorno in prima elementare, mentre circa 143 mila ragazzi affrontano l\u2019ultimo anno delle superiori. In tutto il Paese sono operative 27.757 istituzioni educative, tra scuole dell\u2019infanzia, primarie [&hellip;]\" \/>\n<meta property=\"og:url\" content=\"https:\/\/www.shalom.it\/israele\/israele-e-iniziato-il-nuovo-anno-scolastico\/\" \/>\n<meta property=\"og:site_name\" content=\"Shalom\" \/>\n<meta property=\"article:published_time\" content=\"2026-09-01T11:23:18+00:00\" \/>\n<meta property=\"article:modified_time\" content=\"2026-09-01T11:36:00+00:00\" \/>\n<meta property=\"og:image\" content=\"https:\/\/www.shalom.it\/wp-content\/uploads\/2026\/09\/Scuola-Israele.webp\" \/>\n\t<meta property=\"og:image:width\" content=\"1400\" \/>\n\t<meta property=\"og:image:height\" content=\"660\" \/>\n\t<meta property=\"og:image:type\" content=\"image\/webp\" \/>\n<meta name=\"author\" content=\"Redazione\" \/>\n<meta name=\"twitter:card\" content=\"summary_large_image\" \/>\n<meta name=\"twitter:label1\" content=\"Scritto da\" \/>\n\t<meta name=\"twitter:data1\" content=\"Redazione\" \/>\n\t<meta name=\"twitter:label2\" content=\"Tempo di lettura stimato\" \/>\n\t<meta name=\"twitter:data2\" content=\"3 minuti\" \/>\n<script type=\"application\/ld+json\" class=\"yoast-schema-graph\">{\"@context\":\"https:\/\/schema.org\",\"@graph\":[{\"@type\":\"Article\",\"@id\":\"https:\/\/www.shalom.it\/israele\/israele-e-iniziato-il-nuovo-anno-scolastico\/#article\",\"isPartOf\":{\"@id\":\"https:\/\/www.shalom.it\/israele\/israele-e-iniziato-il-nuovo-anno-scolastico\/\"},\"author\":{\"name\":\"Redazione\",\"@id\":\"https:\/\/www.shalom.it\/#\/schema\/person\/d6d60e821a49d2a420ffe01f7af79dd8\"},\"headline\":\"Israele: \u00e8 iniziato il nuovo anno scolastico\",\"datePublished\":\"2026-09-01T11:23:18+00:00\",\"dateModified\":\"2026-09-01T11:36:00+00:00\",\"mainEntityOfPage\":{\"@id\":\"https:\/\/www.shalom.it\/israele\/israele-e-iniziato-il-nuovo-anno-scolastico\/\"},\"wordCount\":461,\"image\":{\"@id\":\"https:\/\/www.shalom.it\/israele\/israele-e-iniziato-il-nuovo-anno-scolastico\/#primaryimage\"},\"thumbnailUrl\":\"https:\/\/www.shalom.it\/wp-content\/uploads\/2026\/09\/Scuola-Israele.webp\",\"articleSection\":[\"ISRAELE\"],\"inLanguage\":\"it-IT\"},{\"@type\":\"WebPage\",\"@id\":\"https:\/\/www.shalom.it\/israele\/israele-e-iniziato-il-nuovo-anno-scolastico\/\",\"url\":\"https:\/\/www.shalom.it\/israele\/israele-e-iniziato-il-nuovo-anno-scolastico\/\",\"name\":\"Israele: \u00e8 iniziato il nuovo anno scolastico - Shalom\",\"isPartOf\":{\"@id\":\"https:\/\/www.shalom.it\/#website\"},\"primaryImageOfPage\":{\"@id\":\"https:\/\/www.shalom.it\/israele\/israele-e-iniziato-il-nuovo-anno-scolastico\/#primaryimage\"},\"image\":{\"@id\":\"https:\/\/www.shalom.it\/israele\/israele-e-iniziato-il-nuovo-anno-scolastico\/#primaryimage\"},\"thumbnailUrl\":\"https:\/\/www.shalom.it\/wp-content\/uploads\/2026\/09\/Scuola-Israele.webp\",\"datePublished\":\"2026-09-01T11:23:18+00:00\",\"dateModified\":\"2026-09-01T11:36:00+00:00\",\"author\":{\"@id\":\"https:\/\/www.shalom.it\/#\/schema\/person\/d6d60e821a49d2a420ffe01f7af79dd8\"},\"breadcrumb\":{\"@id\":\"https:\/\/www.shalom.it\/israele\/israele-e-iniziato-il-nuovo-anno-scolastico\/#breadcrumb\"},\"inLanguage\":\"it-IT\",\"potentialAction\":[{\"@type\":\"ReadAction\",\"target\":[\"https:\/\/www.shalom.it\/israele\/israele-e-iniziato-il-nuovo-anno-scolastico\/\"]}]},{\"@type\":\"ImageObject\",\"inLanguage\":\"it-IT\",\"@id\":\"https:\/\/www.shalom.it\/israele\/israele-e-iniziato-il-nuovo-anno-scolastico\/#primaryimage\",\"url\":\"https:\/\/www.shalom.it\/wp-content\/uploads\/2026\/09\/Scuola-Israele.webp\",\"contentUrl\":\"https:\/\/www.shalom.it\/wp-content\/uploads\/2026\/09\/Scuola-Israele.webp\",\"width\":1400,\"height\":660},{\"@type\":\"BreadcrumbList\",\"@id\":\"https:\/\/www.shalom.it\/israele\/israele-e-iniziato-il-nuovo-anno-scolastico\/#breadcrumb\",\"itemListElement\":[{\"@type\":\"ListItem\",\"position\":1,\"name\":\"Home\",\"item\":\"https:\/\/www.shalom.it\/\"},{\"@type\":\"ListItem\",\"position\":2,\"name\":\"Israele: \u00e8 iniziato il nuovo anno scolastico\"}]},{\"@type\":\"WebSite\",\"@id\":\"https:\/\/www.shalom.it\/#website\",\"url\":\"https:\/\/www.shalom.it\/\",\"name\":\"Shalom\",\"description\":\"Il Magazine della comunit\u00e0 ebraica di Roma\",\"potentialAction\":[{\"@type\":\"SearchAction\",\"target\":{\"@type\":\"EntryPoint\",\"urlTemplate\":\"https:\/\/www.shalom.it\/?s={search_term_string}\"},\"query-input\":{\"@type\":\"PropertyValueSpecification\",\"valueRequired\":true,\"valueName\":\"search_term_string\"}}],\"inLanguage\":\"it-IT\"},{\"@type\":\"Person\",\"@id\":\"https:\/\/www.shalom.it\/#\/schema\/person\/d6d60e821a49d2a420ffe01f7af79dd8\",\"name\":\"Redazione\",\"url\":\"https:\/\/www.shalom.it\/author\/redazione\/\"}]}<\/script>\n<!-- \/ Yoast SEO plugin. -->","yoast_head_json":{"title":"Israele: \u00e8 iniziato il nuovo anno scolastico - Shalom","robots":{"index":"index","follow":"follow","max-snippet":"max-snippet:-1","max-image-preview":"max-image-preview:large","max-video-preview":"max-video-preview:-1"},"canonical":"https:\/\/www.shalom.it\/israele\/israele-e-iniziato-il-nuovo-anno-scolastico\/","og_locale":"it_IT","og_type":"article","og_title":"Israele: \u00e8 iniziato il nuovo anno scolastico - Shalom","og_description":"\u00c8 tornata a suonare la campanella nelle scuole israeliane. Circa 2,6 milioni di studenti hanno iniziato oggi il nuovo anno scolastico. Per 180 mila bambini \u00e8 il primo giorno in prima elementare, mentre circa 143 mila ragazzi affrontano l\u2019ultimo anno delle superiori. In tutto il Paese sono operative 27.757 istituzioni educative, tra scuole dell\u2019infanzia, primarie [&hellip;]","og_url":"https:\/\/www.shalom.it\/israele\/israele-e-iniziato-il-nuovo-anno-scolastico\/","og_site_name":"Shalom","article_published_time":"2026-09-01T11:23:18+00:00","article_modified_time":"2026-09-01T11:36:00+00:00","og_image":[{"width":1400,"height":660,"url":"https:\/\/www.shalom.it\/wp-content\/uploads\/2026\/09\/Scuola-Israele.webp","type":"image\/webp"}],"author":"Redazione","twitter_card":"summary_large_image","twitter_misc":{"Scritto da":"Redazione","Tempo di lettura stimato":"3 minuti"},"schema":{"@context":"https:\/\/schema.org","@graph":[{"@type":"Article","@id":"https:\/\/www.shalom.it\/israele\/israele-e-iniziato-il-nuovo-anno-scolastico\/#article","isPartOf":{"@id":"https:\/\/www.shalom.it\/israele\/israele-e-iniziato-il-nuovo-anno-scolastico\/"},"author":{"name":"Redazione","@id":"https:\/\/www.shalom.it\/#\/schema\/person\/d6d60e821a49d2a420ffe01f7af79dd8"},"headline":"Israele: \u00e8 iniziato il nuovo anno scolastico","datePublished":"2026-09-01T11:23:18+00:00","dateModified":"2026-09-01T11:36:00+00:00","mainEntityOfPage":{"@id":"https:\/\/www.shalom.it\/israele\/israele-e-iniziato-il-nuovo-anno-scolastico\/"},"wordCount":461,"image":{"@id":"https:\/\/www.shalom.it\/israele\/israele-e-iniziato-il-nuovo-anno-scolastico\/#primaryimage"},"thumbnailUrl":"https:\/\/www.shalom.it\/wp-content\/uploads\/2026\/09\/Scuola-Israele.webp","articleSection":["ISRAELE"],"inLanguage":"it-IT"},{"@type":"WebPage","@id":"https:\/\/www.shalom.it\/israele\/israele-e-iniziato-il-nuovo-anno-scolastico\/","url":"https:\/\/www.shalom.it\/israele\/israele-e-iniziato-il-nuovo-anno-scolastico\/","name":"Israele: \u00e8 iniziato il nuovo anno scolastico - Shalom","isPartOf":{"@id":"https:\/\/www.shalom.it\/#website"},"primaryImageOfPage":{"@id":"https:\/\/www.shalom.it\/israele\/israele-e-iniziato-il-nuovo-anno-scolastico\/#primaryimage"},"image":{"@id":"https:\/\/www.shalom.it\/israele\/israele-e-iniziato-il-nuovo-anno-scolastico\/#primaryimage"},"thumbnailUrl":"https:\/\/www.shalom.it\/wp-content\/uploads\/2026\/09\/Scuola-Israele.webp","datePublished":"2026-09-01T11:23:18+00:00","dateModified":"2026-09-01T11:36:00+00:00","author":{"@id":"https:\/\/www.shalom.it\/#\/schema\/person\/d6d60e821a49d2a420ffe01f7af79dd8"},"breadcrumb":{"@id":"https:\/\/www.shalom.it\/israele\/israele-e-iniziato-il-nuovo-anno-scolastico\/#breadcrumb"},"inLanguage":"it-IT","potentialAction":[{"@type":"ReadAction","target":["https:\/\/www.shalom.it\/israele\/israele-e-iniziato-il-nuovo-anno-scolastico\/"]}]},{"@type":"ImageObject","inLanguage":"it-IT","@id":"https:\/\/www.shalom.it\/israele\/israele-e-iniziato-il-nuovo-anno-scolastico\/#primaryimage","url":"https:\/\/www.shalom.it\/wp-content\/uploads\/2026\/09\/Scuola-Israele.webp","contentUrl":"https:\/\/www.shalom.it\/wp-content\/uploads\/2026\/09\/Scuola-Israele.webp","width":1400,"height":660},{"@type":"BreadcrumbList","@id":"https:\/\/www.shalom.it\/israele\/israele-e-iniziato-il-nuovo-anno-scolastico\/#breadcrumb","itemListElement":[{"@type":"ListItem","position":1,"name":"Home","item":"https:\/\/www.shalom.it\/"},{"@type":"ListItem","position":2,"name":"Israele: \u00e8 iniziato il nuovo anno scolastico"}]},{"@type":"WebSite","@id":"https:\/\/www.shalom.it\/#website","url":"https:\/\/www.shalom.it\/","name":"Shalom","description":"Il Magazine della comunit\u00e0 ebraica di Roma","potentialAction":[{"@type":"SearchAction","target":{"@type":"EntryPoint","urlTemplate":"https:\/\/www.shalom.it\/?s={search_term_string}"},"query-input":{"@type":"PropertyValueSpecification","valueRequired":true,"valueName":"search_term_string"}}],"inLanguage":"it-IT"},{"@type":"Person","@id":"https:\/\/www.shalom.it\/#\/schema\/person\/d6d60e821a49d2a420ffe01f7af79dd8","name":"Redazione","url":"https:\/\/www.shalom.it\/author\/redazione\/"}]}},"jetpack_featured_media_url":"https:\/\/www.shalom.it\/wp-content\/uploads\/2026\/09\/Scuola-Israele.webp","jetpack_sharing_enabled":true,"_links":{"self":[{"href":"https:\/\/www.shalom.it\/wp-json\/wp\/v2\/posts\/148434","targetHints":{"allow":["GET"]}}],"collection":[{"href":"https:\/\/www.shalom.it\/wp-json\/wp\/v2\/posts"}],"about":[{"href":"https:\/\/www.shalom.it\/wp-json\/wp\/v2\/types\/post"}],"author":[{"embeddable":true,"href":"https:\/\/www.shalom.it\/wp-json\/wp\/v2\/users\/3"}],"replies":[{"embeddable":true,"href":"https:\/\/www.shalom.it\/wp-json\/wp\/v2\/comments?post=148434"}],"version-history":[{"count":5,"href":"https:\/\/www.shalom.it\/wp-json\/wp\/v2\/posts\/148434\/revisions"}],"predecessor-version":[{"id":148442,"href":"https:\/\/www.shalom.it\/wp-json\/wp\/v2\/posts\/148434\/revisions\/148442"}],"wp:featuredmedia":[{"embeddable":true,"href":"https:\/\/www.shalom.it\/wp-json\/wp\/v2\/media\/148435"}],"wp:attachment":[{"href":"https:\/\/www.shalom.it\/wp-json\/wp\/v2\/media?parent=148434"}],"wp:term":[{"taxonomy":"category","embeddable":true,"href":"https:\/\/www.shalom.it\/wp-json\/wp\/v2\/categories?post=148434"},{"taxonomy":"post_tag","embeddable":true,"href":"https:\/\/www.shalom.it\/wp-json\/wp\/v2\/tags?post=148434"}],"curies":[{"name":"wp","href":"https:\/\/api.w.org\/{rel}","templated":true}]}}