{"id":148419,"date":"2026-09-01T08:14:44","date_gmt":"2026-09-01T06:14:44","guid":{"rendered":"https:\/\/www.shalom.it\/?p=148419"},"modified":"2026-09-01T08:26:16","modified_gmt":"2026-09-01T06:26:16","slug":"durban-25-anni-dopo-la-radice-dellantisemitismo-attuale","status":"publish","type":"post","link":"https:\/\/www.shalom.it\/israele\/durban-25-anni-dopo-la-radice-dellantisemitismo-attuale\/","title":{"rendered":"Durban, 25 anni dopo: la radice dell\u2019antisemitismo attuale"},"content":{"rendered":"<p><strong>La propaganda antisraeliana<\/strong><\/p>\n<p>La spaventosa diffusione dell\u2019odio per gli ebrei e per Israele dopo il 7 ottobre, con il successo mondiale della falsa propaganda sul \u201cgenocidio\u201d di Gaza, sulla \u201cfame\u201d che vi regnerebbe contro tutte le smentite, sulla rappresentazione di Israele come esercito che colpirebbe deliberatamente e indiscriminatamente i bambini palestinesi, hanno sorpreso molte persone di buona volont\u00e0 come se questo antisemitismo fosse sorto dal nulla, o piuttosto diffuso di nuovo improvvisamente come un fantasma uscito dalla bottiglia di cui era prigioniero. Ma le cose non stanno cos\u00ec. L\u2019odio antiebraico \u00e8 certamente esploso in concomitanza con il sanguinoso attacco di Hamas: bisogna ricordare che le prime manifestazioni contro il \u201cgenocidio\u201d si sono svolte in molte citt\u00e0 europee e americane gi\u00e0 pochi giorni dopo il 7 ottobre, prima ancora dell\u2019inizio della campagna militare di terra israeliana. Ma questo ha numerosi precedenti anche prossimi, ben pi\u00f9 recenti della propaganda nazista, per non parlare delle calunnie medievali, che pure l\u2019antisemitismo contemporaneo palesemente riproduce.<\/p>\n<p><strong>Durban 2001<\/strong><\/p>\n<p>L\u2019esempio pi\u00f9 vistoso \u00e8 la conferenza di Durban, di cui in questi giorni ricorre il venticinquesimo anniversario. Si tratta di una riunione internazionale, convocata sotto il nome pomposo di \u201cTerza Conferenza mondiale contro il razzismo, la discriminazione razziale, la xenofobia e l&#8217;intolleranza\u201d, organizzata dalle Nazioni Unite a Durban, in Sudafrica, dal 31 agosto al 7 settembre 2001. Il che accadde per un caso che d\u00e0 da pensare solo pochi giorni prima dell\u2019attacco all\u2019America dell\u201911 settembre. La conferenza, che in teoria doveva occuparsi di problemi molto generali di discriminazione, fra cui certamente ha da sempre un posto preminente l\u2019antisemitismo, si risolse in una ininterrotta manifestazione di odio per il popolo ebraico. Come ha scritto Fiamma Nirenstein che vi assistette come giornalista, fu \u201cla moderna Wannsee che ha programmato la distruzione contemporanea del popolo ebraico\u201d. Wannsee, per chi non lo ricordasse, \u00e8 il sobborgo di Berlino dove il 20 gennaio 1942 quindici alti funzionari nazisti si riunirono per stabilire le procedure e i metodi del genocidio degli ebrei.<\/p>\n<p><strong>Lo svolgimento della conferenza<\/strong><\/p>\n<p>Chiaramente Durban ebbe un carattere assai diverso da Wannsee: non segreto e organizzativo, ma pubblico e politico. L\u2019<em>Alta commissaria ONU per i diritti umani, <\/em>l\u2019irlandese Mary Robinson che organizz\u00f2 la conferenza, ebbe l\u2019idea di far arrivare nella citt\u00e0 sudafricana affacciata sull\u2019Oceano Indiano, oltre ai rappresentanti dei Paesi rappresentati all\u2019Onu, circa 3000 associazioni e Ong, che presero in mano la conferenza, sostituirono o eclissarono i dibattiti diplomatici con manifestazioni di piazza e soprattutto riuscirono a spostare il tema dell\u2019incontro focalizzandolo solo sui rapporti fra Israele e \u201cpopolo palestinese\u201d, anzi sulle colpe dello Stato ebraico nei confronti di quello, sostenendo univocamente la tesi oggi del tutto diffusa che \u201cil sionismo \u00e8 una forma di razzismo\u201d, che lo Stato di Israele non ha diritto di esistere perch\u00e9 ha \u201crubato le terre arabe\u201d, che lo Stato palestinese \u00e8 un \u201cdiritto inalienabile\u201d e dunque che \u00e8 necessario lottare per una \u201cPalestina libera dal fiume al mare\u201d, come si grida ancora oggi per le piazze di tutto il mondo. Il clima della conferenza era tale che non solo Israele, ma anche gli Usa, guidati allora dal moderato George W. Bush, scelsero di ritirarsi, e anche molti paesi europei (fra cui l\u2019Italia) decisero di non partecipare alla sua continuazione (Ginevra 2009). Il documento che usc\u00ec dalla conferenza (Dichiarazione e Programma d&#8217;azione di Durban) fu formulato in termini pi\u00f9 diplomatici e meno di piazza, ma sostanzialmente ne riprendeva i contenuti.<\/p>\n<p><strong>I precedenti<\/strong><\/p>\n<p>Ma anche Durban non usciva dal nulla. L\u2019Assemblea Generale dell\u2019Onu come molti dei suoi organi (UNESCO, UNRWA, commissione dei diritti umani) ha approvato letteralmente molte centinaia di documenti contro Israele e continua a farlo in maniera quasi automatica ogni anno. La mozione pi\u00f9 significativa fu quella numero 3379 del 10 novembre 1975 (poi revocata nel 1991) in cui si proclamava per la prima volta ufficialmente che il sionismo era una forma di razzismo. Essa, come tutte le altre \u00e8 il frutto di un\u2019alleanza quasi automatica di Paesi comunisti (e poi di alcune dittature postcomuniste come la Russia attuale), di Paesi arabi e terzomondisti, cui negli ultimi decenni si \u00e8 unita in parte anche l\u2019Europa. Anch\u2019essa oggi ritiene di avere il compito altamente morale di isolare Israele, in quanto Stato democratico e occidentale, e di schierarsi per la costruzione di uno Stato palestinese in teoria convivente con esso ma in pratica votato a distruggerlo e sostituirlo. Questo atteggiamento si \u00e8 poi riflesso in moltissimi episodi di antisionismo\/antisemitismo, fra cui quelli del 1982, quando Israele fu imputato unanimemente di una strage in cui i suoi soldati non avevano sparato neanche un colpo, quella compiuta dai cristiani maroniti del Libano tra il 16 e il\u00a018\u00a0settembre\u00a01982\u00a0a\u00a0Beirut, in\u00a0Libano, nel quartiere di Sabra e nel campo profughi di Shatila,\u00a0per vendicarsi di un attentato che aveva ucciso due giorni prima il loro leader e presidente eletto del Libano, Bashir Gemayel. Dato che l\u2019esercito israeliano in quel momento occupava Beirut, i media ignorarono la realt\u00e0 dei fatti e decisero che la responsabilit\u00e0 era di Israele. Ne usc\u00ec una campagna di stampa quasi altrettanto pesante di quella in corso oggi, con alcuni attentati, fra cui quello che il 9 ottobre dello stesso anno fece strage al Tempio maggiore di Roma, uccidendo il piccolo Stefano Gaj Tach\u00e9.<\/p>\n<p><strong>Quel che ci insegna Durban<\/strong><\/p>\n<p>Ripensare alla conferenza di Durban oggi ci aiuta a capire anche l\u2019ondata di antisemitismo attuale. Innanzitutto ci fa capire che vi \u00e8 una continuit\u00e0 e una dimensione internazionale nelle campagne contro Israele e gli ebrei che non si \u00e8 mai interrotta, anche se in certi momenti appare pi\u00f9 potente e in altri resta sottotraccia. Ma ci permette anche di individuare come queste campagne, che una volta si legavano alla religione (con l\u2019accusa di \u201cdeicidio\u201d) o al carattere \u201cantiquato\u201d e \u201cinsufficientemente illuminato\u201d del popolo ebraico, o al suo \u201cparassitismo economico\u201d o al suo \u201csovversivismo\u201d o infine alla \u201crazza inferiore\u201d, a partire da qualche decennio si ammantino di vesti \u201cumanitarie\u201d e dichiarino che gli ebrei non hanno diritto a uno stato o a un\u2019identit\u00e0 nazionale perch\u00e9 sono \u201coppressori\u201d, \u201ccolonialisti\u201d, \u201crazzisti\u201d e addirittura -con una atroce inversione che fu lanciata proprio a Durban- \u201cnazisti\u201d. \u00c8 questa concezione unilaterale e menzognera dei diritti umani, finanziata da immense campagne di stampa e di relazioni pubbliche, ci\u00f2 che ci troviamo ad affrontare oggi e a cui dovremo resistere anche in futuro.<\/p>\n<p><!-- Crediti per l'immagine della Conferenza di Durban 2001 --><\/p>\n<p style=\"font-size: 0.85em; color: #555; line-height: 1.4; margin-top: 6px;\">Foto: <a href=\"https:\/\/commons.wikimedia.org\/wiki\/File:Durban_2001_conference.jpg\" target=\"_blank\" rel=\"noopener noreferrer\">UN Photo \/ Wikimedia Commons<\/a> \/ Licenza: <a href=\"https:\/\/creativecommons.org\/licenses\/by-sa\/4.0\/deed.it\" target=\"_blank\" rel=\"noopener noreferrer\">CC BY-SA 4.0<\/a><\/p>\n","protected":false},"excerpt":{"rendered":"<p>La propaganda antisraeliana La spaventosa diffusione dell\u2019odio per gli ebrei e per Israele dopo il 7 ottobre, con il successo mondiale della falsa propaganda sul \u201cgenocidio\u201d di Gaza, sulla \u201cfame\u201d che vi regnerebbe contro tutte le smentite, sulla rappresentazione di Israele come esercito che colpirebbe deliberatamente e indiscriminatamente i bambini palestinesi, hanno sorpreso molte persone [&hellip;]<\/p>\n","protected":false},"author":3,"featured_media":148420,"comment_status":"closed","ping_status":"closed","sticky":false,"template":"","format":"standard","meta":{"_acf_changed":false,"_jetpack_memberships_contains_paid_content":false,"footnotes":""},"categories":[4,6],"tags":[],"class_list":["post-148419","post","type-post","status-publish","format-standard","has-post-thumbnail","hentry","category-israele","category-mondo"],"acf":[],"yoast_head":"<!-- This site is optimized with the Yoast SEO plugin v26.9 - https:\/\/yoast.com\/product\/yoast-seo-wordpress\/ -->\n<title>Durban, 25 anni dopo: la radice dell\u2019antisemitismo attuale - Shalom<\/title>\n<meta name=\"robots\" content=\"index, follow, max-snippet:-1, max-image-preview:large, max-video-preview:-1\" \/>\n<link rel=\"canonical\" href=\"https:\/\/www.shalom.it\/israele\/durban-25-anni-dopo-la-radice-dellantisemitismo-attuale\/\" \/>\n<meta property=\"og:locale\" content=\"it_IT\" \/>\n<meta property=\"og:type\" content=\"article\" \/>\n<meta property=\"og:title\" content=\"Durban, 25 anni dopo: la radice dell\u2019antisemitismo attuale - Shalom\" \/>\n<meta property=\"og:description\" content=\"La propaganda antisraeliana La spaventosa diffusione dell\u2019odio per gli ebrei e per Israele dopo il 7 ottobre, con il successo mondiale della falsa propaganda sul \u201cgenocidio\u201d di Gaza, sulla \u201cfame\u201d che vi regnerebbe contro tutte le smentite, sulla rappresentazione di Israele come esercito che colpirebbe deliberatamente e indiscriminatamente i bambini palestinesi, hanno sorpreso molte persone [&hellip;]\" \/>\n<meta property=\"og:url\" content=\"https:\/\/www.shalom.it\/israele\/durban-25-anni-dopo-la-radice-dellantisemitismo-attuale\/\" \/>\n<meta property=\"og:site_name\" content=\"Shalom\" \/>\n<meta property=\"article:published_time\" content=\"2026-09-01T06:14:44+00:00\" \/>\n<meta property=\"article:modified_time\" content=\"2026-09-01T06:26:16+00:00\" \/>\n<meta property=\"og:image\" content=\"https:\/\/www.shalom.it\/wp-content\/uploads\/2026\/09\/Durban_2001_conference.jpg\" \/>\n\t<meta property=\"og:image:width\" content=\"1638\" \/>\n\t<meta property=\"og:image:height\" content=\"630\" \/>\n\t<meta property=\"og:image:type\" content=\"image\/jpeg\" \/>\n<meta name=\"author\" content=\"Redazione\" \/>\n<meta name=\"twitter:card\" content=\"summary_large_image\" \/>\n<meta name=\"twitter:label1\" content=\"Scritto da\" \/>\n\t<meta name=\"twitter:data1\" content=\"Redazione\" \/>\n\t<meta name=\"twitter:label2\" content=\"Tempo di lettura stimato\" \/>\n\t<meta name=\"twitter:data2\" content=\"6 minuti\" \/>\n<script type=\"application\/ld+json\" class=\"yoast-schema-graph\">{\"@context\":\"https:\/\/schema.org\",\"@graph\":[{\"@type\":\"Article\",\"@id\":\"https:\/\/www.shalom.it\/israele\/durban-25-anni-dopo-la-radice-dellantisemitismo-attuale\/#article\",\"isPartOf\":{\"@id\":\"https:\/\/www.shalom.it\/israele\/durban-25-anni-dopo-la-radice-dellantisemitismo-attuale\/\"},\"author\":{\"name\":\"Redazione\",\"@id\":\"https:\/\/www.shalom.it\/#\/schema\/person\/d6d60e821a49d2a420ffe01f7af79dd8\"},\"headline\":\"Durban, 25 anni dopo: la radice dell\u2019antisemitismo attuale\",\"datePublished\":\"2026-09-01T06:14:44+00:00\",\"dateModified\":\"2026-09-01T06:26:16+00:00\",\"mainEntityOfPage\":{\"@id\":\"https:\/\/www.shalom.it\/israele\/durban-25-anni-dopo-la-radice-dellantisemitismo-attuale\/\"},\"wordCount\":1062,\"image\":{\"@id\":\"https:\/\/www.shalom.it\/israele\/durban-25-anni-dopo-la-radice-dellantisemitismo-attuale\/#primaryimage\"},\"thumbnailUrl\":\"https:\/\/www.shalom.it\/wp-content\/uploads\/2026\/09\/Durban_2001_conference.jpg\",\"articleSection\":[\"ISRAELE\",\"Mondo\"],\"inLanguage\":\"it-IT\"},{\"@type\":\"WebPage\",\"@id\":\"https:\/\/www.shalom.it\/israele\/durban-25-anni-dopo-la-radice-dellantisemitismo-attuale\/\",\"url\":\"https:\/\/www.shalom.it\/israele\/durban-25-anni-dopo-la-radice-dellantisemitismo-attuale\/\",\"name\":\"Durban, 25 anni dopo: la radice dell\u2019antisemitismo attuale - Shalom\",\"isPartOf\":{\"@id\":\"https:\/\/www.shalom.it\/#website\"},\"primaryImageOfPage\":{\"@id\":\"https:\/\/www.shalom.it\/israele\/durban-25-anni-dopo-la-radice-dellantisemitismo-attuale\/#primaryimage\"},\"image\":{\"@id\":\"https:\/\/www.shalom.it\/israele\/durban-25-anni-dopo-la-radice-dellantisemitismo-attuale\/#primaryimage\"},\"thumbnailUrl\":\"https:\/\/www.shalom.it\/wp-content\/uploads\/2026\/09\/Durban_2001_conference.jpg\",\"datePublished\":\"2026-09-01T06:14:44+00:00\",\"dateModified\":\"2026-09-01T06:26:16+00:00\",\"author\":{\"@id\":\"https:\/\/www.shalom.it\/#\/schema\/person\/d6d60e821a49d2a420ffe01f7af79dd8\"},\"breadcrumb\":{\"@id\":\"https:\/\/www.shalom.it\/israele\/durban-25-anni-dopo-la-radice-dellantisemitismo-attuale\/#breadcrumb\"},\"inLanguage\":\"it-IT\",\"potentialAction\":[{\"@type\":\"ReadAction\",\"target\":[\"https:\/\/www.shalom.it\/israele\/durban-25-anni-dopo-la-radice-dellantisemitismo-attuale\/\"]}]},{\"@type\":\"ImageObject\",\"inLanguage\":\"it-IT\",\"@id\":\"https:\/\/www.shalom.it\/israele\/durban-25-anni-dopo-la-radice-dellantisemitismo-attuale\/#primaryimage\",\"url\":\"https:\/\/www.shalom.it\/wp-content\/uploads\/2026\/09\/Durban_2001_conference.jpg\",\"contentUrl\":\"https:\/\/www.shalom.it\/wp-content\/uploads\/2026\/09\/Durban_2001_conference.jpg\",\"width\":1638,\"height\":630},{\"@type\":\"BreadcrumbList\",\"@id\":\"https:\/\/www.shalom.it\/israele\/durban-25-anni-dopo-la-radice-dellantisemitismo-attuale\/#breadcrumb\",\"itemListElement\":[{\"@type\":\"ListItem\",\"position\":1,\"name\":\"Home\",\"item\":\"https:\/\/www.shalom.it\/\"},{\"@type\":\"ListItem\",\"position\":2,\"name\":\"Durban, 25 anni dopo: la radice dell\u2019antisemitismo attuale\"}]},{\"@type\":\"WebSite\",\"@id\":\"https:\/\/www.shalom.it\/#website\",\"url\":\"https:\/\/www.shalom.it\/\",\"name\":\"Shalom\",\"description\":\"Il Magazine della comunit\u00e0 ebraica di Roma\",\"potentialAction\":[{\"@type\":\"SearchAction\",\"target\":{\"@type\":\"EntryPoint\",\"urlTemplate\":\"https:\/\/www.shalom.it\/?s={search_term_string}\"},\"query-input\":{\"@type\":\"PropertyValueSpecification\",\"valueRequired\":true,\"valueName\":\"search_term_string\"}}],\"inLanguage\":\"it-IT\"},{\"@type\":\"Person\",\"@id\":\"https:\/\/www.shalom.it\/#\/schema\/person\/d6d60e821a49d2a420ffe01f7af79dd8\",\"name\":\"Redazione\",\"url\":\"https:\/\/www.shalom.it\/author\/redazione\/\"}]}<\/script>\n<!-- \/ Yoast SEO plugin. -->","yoast_head_json":{"title":"Durban, 25 anni dopo: la radice dell\u2019antisemitismo attuale - Shalom","robots":{"index":"index","follow":"follow","max-snippet":"max-snippet:-1","max-image-preview":"max-image-preview:large","max-video-preview":"max-video-preview:-1"},"canonical":"https:\/\/www.shalom.it\/israele\/durban-25-anni-dopo-la-radice-dellantisemitismo-attuale\/","og_locale":"it_IT","og_type":"article","og_title":"Durban, 25 anni dopo: la radice dell\u2019antisemitismo attuale - Shalom","og_description":"La propaganda antisraeliana La spaventosa diffusione dell\u2019odio per gli ebrei e per Israele dopo il 7 ottobre, con il successo mondiale della falsa propaganda sul \u201cgenocidio\u201d di Gaza, sulla \u201cfame\u201d che vi regnerebbe contro tutte le smentite, sulla rappresentazione di Israele come esercito che colpirebbe deliberatamente e indiscriminatamente i bambini palestinesi, hanno sorpreso molte persone [&hellip;]","og_url":"https:\/\/www.shalom.it\/israele\/durban-25-anni-dopo-la-radice-dellantisemitismo-attuale\/","og_site_name":"Shalom","article_published_time":"2026-09-01T06:14:44+00:00","article_modified_time":"2026-09-01T06:26:16+00:00","og_image":[{"width":1638,"height":630,"url":"https:\/\/www.shalom.it\/wp-content\/uploads\/2026\/09\/Durban_2001_conference.jpg","type":"image\/jpeg"}],"author":"Redazione","twitter_card":"summary_large_image","twitter_misc":{"Scritto da":"Redazione","Tempo di lettura stimato":"6 minuti"},"schema":{"@context":"https:\/\/schema.org","@graph":[{"@type":"Article","@id":"https:\/\/www.shalom.it\/israele\/durban-25-anni-dopo-la-radice-dellantisemitismo-attuale\/#article","isPartOf":{"@id":"https:\/\/www.shalom.it\/israele\/durban-25-anni-dopo-la-radice-dellantisemitismo-attuale\/"},"author":{"name":"Redazione","@id":"https:\/\/www.shalom.it\/#\/schema\/person\/d6d60e821a49d2a420ffe01f7af79dd8"},"headline":"Durban, 25 anni dopo: la radice dell\u2019antisemitismo attuale","datePublished":"2026-09-01T06:14:44+00:00","dateModified":"2026-09-01T06:26:16+00:00","mainEntityOfPage":{"@id":"https:\/\/www.shalom.it\/israele\/durban-25-anni-dopo-la-radice-dellantisemitismo-attuale\/"},"wordCount":1062,"image":{"@id":"https:\/\/www.shalom.it\/israele\/durban-25-anni-dopo-la-radice-dellantisemitismo-attuale\/#primaryimage"},"thumbnailUrl":"https:\/\/www.shalom.it\/wp-content\/uploads\/2026\/09\/Durban_2001_conference.jpg","articleSection":["ISRAELE","Mondo"],"inLanguage":"it-IT"},{"@type":"WebPage","@id":"https:\/\/www.shalom.it\/israele\/durban-25-anni-dopo-la-radice-dellantisemitismo-attuale\/","url":"https:\/\/www.shalom.it\/israele\/durban-25-anni-dopo-la-radice-dellantisemitismo-attuale\/","name":"Durban, 25 anni dopo: la radice dell\u2019antisemitismo attuale - Shalom","isPartOf":{"@id":"https:\/\/www.shalom.it\/#website"},"primaryImageOfPage":{"@id":"https:\/\/www.shalom.it\/israele\/durban-25-anni-dopo-la-radice-dellantisemitismo-attuale\/#primaryimage"},"image":{"@id":"https:\/\/www.shalom.it\/israele\/durban-25-anni-dopo-la-radice-dellantisemitismo-attuale\/#primaryimage"},"thumbnailUrl":"https:\/\/www.shalom.it\/wp-content\/uploads\/2026\/09\/Durban_2001_conference.jpg","datePublished":"2026-09-01T06:14:44+00:00","dateModified":"2026-09-01T06:26:16+00:00","author":{"@id":"https:\/\/www.shalom.it\/#\/schema\/person\/d6d60e821a49d2a420ffe01f7af79dd8"},"breadcrumb":{"@id":"https:\/\/www.shalom.it\/israele\/durban-25-anni-dopo-la-radice-dellantisemitismo-attuale\/#breadcrumb"},"inLanguage":"it-IT","potentialAction":[{"@type":"ReadAction","target":["https:\/\/www.shalom.it\/israele\/durban-25-anni-dopo-la-radice-dellantisemitismo-attuale\/"]}]},{"@type":"ImageObject","inLanguage":"it-IT","@id":"https:\/\/www.shalom.it\/israele\/durban-25-anni-dopo-la-radice-dellantisemitismo-attuale\/#primaryimage","url":"https:\/\/www.shalom.it\/wp-content\/uploads\/2026\/09\/Durban_2001_conference.jpg","contentUrl":"https:\/\/www.shalom.it\/wp-content\/uploads\/2026\/09\/Durban_2001_conference.jpg","width":1638,"height":630},{"@type":"BreadcrumbList","@id":"https:\/\/www.shalom.it\/israele\/durban-25-anni-dopo-la-radice-dellantisemitismo-attuale\/#breadcrumb","itemListElement":[{"@type":"ListItem","position":1,"name":"Home","item":"https:\/\/www.shalom.it\/"},{"@type":"ListItem","position":2,"name":"Durban, 25 anni dopo: la radice dell\u2019antisemitismo attuale"}]},{"@type":"WebSite","@id":"https:\/\/www.shalom.it\/#website","url":"https:\/\/www.shalom.it\/","name":"Shalom","description":"Il Magazine della comunit\u00e0 ebraica di Roma","potentialAction":[{"@type":"SearchAction","target":{"@type":"EntryPoint","urlTemplate":"https:\/\/www.shalom.it\/?s={search_term_string}"},"query-input":{"@type":"PropertyValueSpecification","valueRequired":true,"valueName":"search_term_string"}}],"inLanguage":"it-IT"},{"@type":"Person","@id":"https:\/\/www.shalom.it\/#\/schema\/person\/d6d60e821a49d2a420ffe01f7af79dd8","name":"Redazione","url":"https:\/\/www.shalom.it\/author\/redazione\/"}]}},"jetpack_featured_media_url":"https:\/\/www.shalom.it\/wp-content\/uploads\/2026\/09\/Durban_2001_conference.jpg","jetpack_sharing_enabled":true,"_links":{"self":[{"href":"https:\/\/www.shalom.it\/wp-json\/wp\/v2\/posts\/148419","targetHints":{"allow":["GET"]}}],"collection":[{"href":"https:\/\/www.shalom.it\/wp-json\/wp\/v2\/posts"}],"about":[{"href":"https:\/\/www.shalom.it\/wp-json\/wp\/v2\/types\/post"}],"author":[{"embeddable":true,"href":"https:\/\/www.shalom.it\/wp-json\/wp\/v2\/users\/3"}],"replies":[{"embeddable":true,"href":"https:\/\/www.shalom.it\/wp-json\/wp\/v2\/comments?post=148419"}],"version-history":[{"count":3,"href":"https:\/\/www.shalom.it\/wp-json\/wp\/v2\/posts\/148419\/revisions"}],"predecessor-version":[{"id":148424,"href":"https:\/\/www.shalom.it\/wp-json\/wp\/v2\/posts\/148419\/revisions\/148424"}],"wp:featuredmedia":[{"embeddable":true,"href":"https:\/\/www.shalom.it\/wp-json\/wp\/v2\/media\/148420"}],"wp:attachment":[{"href":"https:\/\/www.shalom.it\/wp-json\/wp\/v2\/media?parent=148419"}],"wp:term":[{"taxonomy":"category","embeddable":true,"href":"https:\/\/www.shalom.it\/wp-json\/wp\/v2\/categories?post=148419"},{"taxonomy":"post_tag","embeddable":true,"href":"https:\/\/www.shalom.it\/wp-json\/wp\/v2\/tags?post=148419"}],"curies":[{"name":"wp","href":"https:\/\/api.w.org\/{rel}","templated":true}]}}