{"id":148407,"date":"2026-08-31T15:36:12","date_gmt":"2026-08-31T13:36:12","guid":{"rendered":"https:\/\/www.shalom.it\/?p=148407"},"modified":"2026-08-31T15:36:12","modified_gmt":"2026-08-31T13:36:12","slug":"eli-sharabi-guidera-la-commemorazione-del-7-ottobre","status":"publish","type":"post","link":"https:\/\/www.shalom.it\/israele\/eli-sharabi-guidera-la-commemorazione-del-7-ottobre\/","title":{"rendered":"Eli Sharabi guider\u00e0 la commemorazione del 7 ottobre"},"content":{"rendered":"<p>Sar\u00e0 Eli Sharabi, ex ostaggio di Hamas e sopravvissuto al massacro del 7 ottobre, a condurre quest\u2019anno la cerimonia nazionale per commemorare le vittime dell\u2019attacco. Sharabi sar\u00e0 affiancato dall\u2019attrice e comica Shani Cohen. La cerimonia si terr\u00e0 il 7 ottobre al Parco Hayarkon di Tel Aviv e sar\u00e0 organizzata per il terzo anno consecutivo dal movimento Kumu, che riunisce le famiglie delle vittime del 7 ottobre. L\u2019evento vedr\u00e0 la partecipazione di famiglie delle vittime, sopravvissuti e persone che sono state tenute in ostaggio a Gaza. La cerimonia sar\u00e0 trasmessa dalle principali emittenti televisive israeliane e internazionali, con proiezioni previste anche in diverse comunit\u00e0 all\u2019estero.<\/p>\n<p>Per Sharabi si tratta di un incarico dal forte significato personale. Originario del kibbutz Be\u2019eri, fu rapito il 7 ottobre 2023 e trascorse 491 giorni in prigionia nella Striscia di Gaza. Durante l\u2019attacco, sua moglie Lianne e le figlie Noya e Yahel furono uccise. Anche il fratello Yossi fu rapito e successivamente ucciso durante la prigionia. &#8220;Sto mantenendo la promessa che avevo fatto a mia moglie Lianne, alle mie figlie Noya e Yahel e al mio defunto fratello Yossi: non saranno mai dimenticati, cos\u00ec come non sar\u00e0 mai dimenticato ci\u00f2 che \u00e8 accaduto a loro e a noi&#8221;, ha detto Sharabi, secondo quanto riportato da Ynet.<\/p>\n<p>L\u2019ex ostaggio ha sottolineato l\u2019importanza di mantenere vivo il ricordo del 7 ottobre, avvertendo che il trascorrere del tempo non dovr\u00e0 attenuare la memoria di quella giornata. La cerimonia, ha spiegato, sar\u00e0 un momento difficile ed emotivamente intenso, ma anche un\u2019occasione per rendere omaggio alle persone uccise, alle famiglie colpite e all\u2019intera societ\u00e0 israeliana. Accanto a Sharabi ci sar\u00e0 Shani Cohen, che negli ultimi anni ha accompagnato diverse famiglie colpite dal lutto. L\u2019attrice ha definito il 7 ottobre un evento che ha lasciato un segno profondo nella societ\u00e0 israeliana e ha detto di essere orgogliosa di condividere la conduzione con una persona che, nonostante l\u2019esperienza della prigionia e la perdita della propria famiglia, ha scelto di andare avanti.<\/p>\n<p>Gli organizzatori hanno spiegato che l\u2019obiettivo \u00e8 realizzare una cerimonia nazionale, unificante e inclusiva, capace di rappresentare le diverse comunit\u00e0 e tutti i settori della societ\u00e0 israeliana colpiti dagli eventi del 7 ottobre. L\u2019iniziativa \u00e8 sostenuta anche attraverso una campagna di crowdfunding destinata a finanziare l\u2019evento, che nelle precedenti edizioni ha attirato decine di migliaia di persone. La scelta di Sharabi assume cos\u00ec un valore simbolico particolare: la voce di un sopravvissuto alla prigionia e di un uomo che ha perso la propria famiglia accompagner\u00e0 il Paese nel ricordo del giorno che ha segnato in modo traumatico la storia israeliana recente.<\/p>\n","protected":false},"excerpt":{"rendered":"<p>Sar\u00e0 Eli Sharabi, ex ostaggio di Hamas e sopravvissuto al massacro del 7 ottobre, a condurre quest\u2019anno la cerimonia nazionale per commemorare le vittime dell\u2019attacco. Sharabi sar\u00e0 affiancato dall\u2019attrice e comica Shani Cohen. La cerimonia si terr\u00e0 il 7 ottobre al Parco Hayarkon di Tel Aviv e sar\u00e0 organizzata per il terzo anno consecutivo dal [&hellip;]<\/p>\n","protected":false},"author":89,"featured_media":148408,"comment_status":"closed","ping_status":"closed","sticky":false,"template":"","format":"standard","meta":{"_acf_changed":false,"_jetpack_memberships_contains_paid_content":false,"footnotes":""},"categories":[4],"tags":[],"class_list":["post-148407","post","type-post","status-publish","format-standard","has-post-thumbnail","hentry","category-israele"],"acf":[],"yoast_head":"<!-- This site is optimized with the Yoast SEO plugin v26.9 - https:\/\/yoast.com\/product\/yoast-seo-wordpress\/ -->\n<title>Eli Sharabi guider\u00e0 la commemorazione del 7 ottobre - Shalom<\/title>\n<meta name=\"robots\" content=\"index, follow, max-snippet:-1, max-image-preview:large, max-video-preview:-1\" \/>\n<link rel=\"canonical\" href=\"https:\/\/www.shalom.it\/israele\/eli-sharabi-guidera-la-commemorazione-del-7-ottobre\/\" \/>\n<meta property=\"og:locale\" content=\"it_IT\" \/>\n<meta property=\"og:type\" content=\"article\" \/>\n<meta property=\"og:title\" content=\"Eli Sharabi guider\u00e0 la commemorazione del 7 ottobre - Shalom\" \/>\n<meta property=\"og:description\" content=\"Sar\u00e0 Eli Sharabi, ex ostaggio di Hamas e sopravvissuto al massacro del 7 ottobre, a condurre quest\u2019anno la cerimonia nazionale per commemorare le vittime dell\u2019attacco. Sharabi sar\u00e0 affiancato dall\u2019attrice e comica Shani Cohen. La cerimonia si terr\u00e0 il 7 ottobre al Parco Hayarkon di Tel Aviv e sar\u00e0 organizzata per il terzo anno consecutivo dal [&hellip;]\" \/>\n<meta property=\"og:url\" content=\"https:\/\/www.shalom.it\/israele\/eli-sharabi-guidera-la-commemorazione-del-7-ottobre\/\" \/>\n<meta property=\"og:site_name\" content=\"Shalom\" \/>\n<meta property=\"article:published_time\" content=\"2026-08-31T13:36:12+00:00\" \/>\n<meta property=\"og:image\" content=\"https:\/\/www.shalom.it\/wp-content\/uploads\/2026\/08\/eli_sharabi.jpg\" \/>\n\t<meta property=\"og:image:width\" content=\"840\" \/>\n\t<meta property=\"og:image:height\" content=\"630\" \/>\n\t<meta property=\"og:image:type\" content=\"image\/jpeg\" \/>\n<meta name=\"author\" content=\"Michelle Zarfati\" \/>\n<meta name=\"twitter:card\" content=\"summary_large_image\" \/>\n<meta name=\"twitter:label1\" content=\"Scritto da\" \/>\n\t<meta name=\"twitter:data1\" content=\"Michelle Zarfati\" \/>\n\t<meta name=\"twitter:label2\" content=\"Tempo di lettura stimato\" \/>\n\t<meta name=\"twitter:data2\" content=\"3 minuti\" \/>\n<script type=\"application\/ld+json\" class=\"yoast-schema-graph\">{\"@context\":\"https:\/\/schema.org\",\"@graph\":[{\"@type\":\"Article\",\"@id\":\"https:\/\/www.shalom.it\/israele\/eli-sharabi-guidera-la-commemorazione-del-7-ottobre\/#article\",\"isPartOf\":{\"@id\":\"https:\/\/www.shalom.it\/israele\/eli-sharabi-guidera-la-commemorazione-del-7-ottobre\/\"},\"author\":{\"name\":\"Michelle Zarfati\",\"@id\":\"https:\/\/www.shalom.it\/#\/schema\/person\/d9f18de0c8e16f0e7113889b42fd88c0\"},\"headline\":\"Eli Sharabi guider\u00e0 la commemorazione del 7 ottobre\",\"datePublished\":\"2026-08-31T13:36:12+00:00\",\"mainEntityOfPage\":{\"@id\":\"https:\/\/www.shalom.it\/israele\/eli-sharabi-guidera-la-commemorazione-del-7-ottobre\/\"},\"wordCount\":440,\"image\":{\"@id\":\"https:\/\/www.shalom.it\/israele\/eli-sharabi-guidera-la-commemorazione-del-7-ottobre\/#primaryimage\"},\"thumbnailUrl\":\"https:\/\/www.shalom.it\/wp-content\/uploads\/2026\/08\/eli_sharabi.jpg\",\"articleSection\":[\"ISRAELE\"],\"inLanguage\":\"it-IT\"},{\"@type\":\"WebPage\",\"@id\":\"https:\/\/www.shalom.it\/israele\/eli-sharabi-guidera-la-commemorazione-del-7-ottobre\/\",\"url\":\"https:\/\/www.shalom.it\/israele\/eli-sharabi-guidera-la-commemorazione-del-7-ottobre\/\",\"name\":\"Eli Sharabi guider\u00e0 la commemorazione del 7 ottobre - Shalom\",\"isPartOf\":{\"@id\":\"https:\/\/www.shalom.it\/#website\"},\"primaryImageOfPage\":{\"@id\":\"https:\/\/www.shalom.it\/israele\/eli-sharabi-guidera-la-commemorazione-del-7-ottobre\/#primaryimage\"},\"image\":{\"@id\":\"https:\/\/www.shalom.it\/israele\/eli-sharabi-guidera-la-commemorazione-del-7-ottobre\/#primaryimage\"},\"thumbnailUrl\":\"https:\/\/www.shalom.it\/wp-content\/uploads\/2026\/08\/eli_sharabi.jpg\",\"datePublished\":\"2026-08-31T13:36:12+00:00\",\"author\":{\"@id\":\"https:\/\/www.shalom.it\/#\/schema\/person\/d9f18de0c8e16f0e7113889b42fd88c0\"},\"breadcrumb\":{\"@id\":\"https:\/\/www.shalom.it\/israele\/eli-sharabi-guidera-la-commemorazione-del-7-ottobre\/#breadcrumb\"},\"inLanguage\":\"it-IT\",\"potentialAction\":[{\"@type\":\"ReadAction\",\"target\":[\"https:\/\/www.shalom.it\/israele\/eli-sharabi-guidera-la-commemorazione-del-7-ottobre\/\"]}]},{\"@type\":\"ImageObject\",\"inLanguage\":\"it-IT\",\"@id\":\"https:\/\/www.shalom.it\/israele\/eli-sharabi-guidera-la-commemorazione-del-7-ottobre\/#primaryimage\",\"url\":\"https:\/\/www.shalom.it\/wp-content\/uploads\/2026\/08\/eli_sharabi.jpg\",\"contentUrl\":\"https:\/\/www.shalom.it\/wp-content\/uploads\/2026\/08\/eli_sharabi.jpg\",\"width\":840,\"height\":630},{\"@type\":\"BreadcrumbList\",\"@id\":\"https:\/\/www.shalom.it\/israele\/eli-sharabi-guidera-la-commemorazione-del-7-ottobre\/#breadcrumb\",\"itemListElement\":[{\"@type\":\"ListItem\",\"position\":1,\"name\":\"Home\",\"item\":\"https:\/\/www.shalom.it\/\"},{\"@type\":\"ListItem\",\"position\":2,\"name\":\"Eli Sharabi guider\u00e0 la commemorazione del 7 ottobre\"}]},{\"@type\":\"WebSite\",\"@id\":\"https:\/\/www.shalom.it\/#website\",\"url\":\"https:\/\/www.shalom.it\/\",\"name\":\"Shalom\",\"description\":\"Il Magazine della comunit\u00e0 ebraica di Roma\",\"potentialAction\":[{\"@type\":\"SearchAction\",\"target\":{\"@type\":\"EntryPoint\",\"urlTemplate\":\"https:\/\/www.shalom.it\/?s={search_term_string}\"},\"query-input\":{\"@type\":\"PropertyValueSpecification\",\"valueRequired\":true,\"valueName\":\"search_term_string\"}}],\"inLanguage\":\"it-IT\"},{\"@type\":\"Person\",\"@id\":\"https:\/\/www.shalom.it\/#\/schema\/person\/d9f18de0c8e16f0e7113889b42fd88c0\",\"name\":\"Michelle Zarfati\",\"url\":\"https:\/\/www.shalom.it\/author\/michellezarfati\/\"}]}<\/script>\n<!-- \/ Yoast SEO plugin. -->","yoast_head_json":{"title":"Eli Sharabi guider\u00e0 la commemorazione del 7 ottobre - Shalom","robots":{"index":"index","follow":"follow","max-snippet":"max-snippet:-1","max-image-preview":"max-image-preview:large","max-video-preview":"max-video-preview:-1"},"canonical":"https:\/\/www.shalom.it\/israele\/eli-sharabi-guidera-la-commemorazione-del-7-ottobre\/","og_locale":"it_IT","og_type":"article","og_title":"Eli Sharabi guider\u00e0 la commemorazione del 7 ottobre - Shalom","og_description":"Sar\u00e0 Eli Sharabi, ex ostaggio di Hamas e sopravvissuto al massacro del 7 ottobre, a condurre quest\u2019anno la cerimonia nazionale per commemorare le vittime dell\u2019attacco. Sharabi sar\u00e0 affiancato dall\u2019attrice e comica Shani Cohen. La cerimonia si terr\u00e0 il 7 ottobre al Parco Hayarkon di Tel Aviv e sar\u00e0 organizzata per il terzo anno consecutivo dal [&hellip;]","og_url":"https:\/\/www.shalom.it\/israele\/eli-sharabi-guidera-la-commemorazione-del-7-ottobre\/","og_site_name":"Shalom","article_published_time":"2026-08-31T13:36:12+00:00","og_image":[{"width":840,"height":630,"url":"https:\/\/www.shalom.it\/wp-content\/uploads\/2026\/08\/eli_sharabi.jpg","type":"image\/jpeg"}],"author":"Michelle Zarfati","twitter_card":"summary_large_image","twitter_misc":{"Scritto da":"Michelle Zarfati","Tempo di lettura stimato":"3 minuti"},"schema":{"@context":"https:\/\/schema.org","@graph":[{"@type":"Article","@id":"https:\/\/www.shalom.it\/israele\/eli-sharabi-guidera-la-commemorazione-del-7-ottobre\/#article","isPartOf":{"@id":"https:\/\/www.shalom.it\/israele\/eli-sharabi-guidera-la-commemorazione-del-7-ottobre\/"},"author":{"name":"Michelle Zarfati","@id":"https:\/\/www.shalom.it\/#\/schema\/person\/d9f18de0c8e16f0e7113889b42fd88c0"},"headline":"Eli Sharabi guider\u00e0 la commemorazione del 7 ottobre","datePublished":"2026-08-31T13:36:12+00:00","mainEntityOfPage":{"@id":"https:\/\/www.shalom.it\/israele\/eli-sharabi-guidera-la-commemorazione-del-7-ottobre\/"},"wordCount":440,"image":{"@id":"https:\/\/www.shalom.it\/israele\/eli-sharabi-guidera-la-commemorazione-del-7-ottobre\/#primaryimage"},"thumbnailUrl":"https:\/\/www.shalom.it\/wp-content\/uploads\/2026\/08\/eli_sharabi.jpg","articleSection":["ISRAELE"],"inLanguage":"it-IT"},{"@type":"WebPage","@id":"https:\/\/www.shalom.it\/israele\/eli-sharabi-guidera-la-commemorazione-del-7-ottobre\/","url":"https:\/\/www.shalom.it\/israele\/eli-sharabi-guidera-la-commemorazione-del-7-ottobre\/","name":"Eli Sharabi guider\u00e0 la commemorazione del 7 ottobre - Shalom","isPartOf":{"@id":"https:\/\/www.shalom.it\/#website"},"primaryImageOfPage":{"@id":"https:\/\/www.shalom.it\/israele\/eli-sharabi-guidera-la-commemorazione-del-7-ottobre\/#primaryimage"},"image":{"@id":"https:\/\/www.shalom.it\/israele\/eli-sharabi-guidera-la-commemorazione-del-7-ottobre\/#primaryimage"},"thumbnailUrl":"https:\/\/www.shalom.it\/wp-content\/uploads\/2026\/08\/eli_sharabi.jpg","datePublished":"2026-08-31T13:36:12+00:00","author":{"@id":"https:\/\/www.shalom.it\/#\/schema\/person\/d9f18de0c8e16f0e7113889b42fd88c0"},"breadcrumb":{"@id":"https:\/\/www.shalom.it\/israele\/eli-sharabi-guidera-la-commemorazione-del-7-ottobre\/#breadcrumb"},"inLanguage":"it-IT","potentialAction":[{"@type":"ReadAction","target":["https:\/\/www.shalom.it\/israele\/eli-sharabi-guidera-la-commemorazione-del-7-ottobre\/"]}]},{"@type":"ImageObject","inLanguage":"it-IT","@id":"https:\/\/www.shalom.it\/israele\/eli-sharabi-guidera-la-commemorazione-del-7-ottobre\/#primaryimage","url":"https:\/\/www.shalom.it\/wp-content\/uploads\/2026\/08\/eli_sharabi.jpg","contentUrl":"https:\/\/www.shalom.it\/wp-content\/uploads\/2026\/08\/eli_sharabi.jpg","width":840,"height":630},{"@type":"BreadcrumbList","@id":"https:\/\/www.shalom.it\/israele\/eli-sharabi-guidera-la-commemorazione-del-7-ottobre\/#breadcrumb","itemListElement":[{"@type":"ListItem","position":1,"name":"Home","item":"https:\/\/www.shalom.it\/"},{"@type":"ListItem","position":2,"name":"Eli Sharabi guider\u00e0 la commemorazione del 7 ottobre"}]},{"@type":"WebSite","@id":"https:\/\/www.shalom.it\/#website","url":"https:\/\/www.shalom.it\/","name":"Shalom","description":"Il Magazine della comunit\u00e0 ebraica di Roma","potentialAction":[{"@type":"SearchAction","target":{"@type":"EntryPoint","urlTemplate":"https:\/\/www.shalom.it\/?s={search_term_string}"},"query-input":{"@type":"PropertyValueSpecification","valueRequired":true,"valueName":"search_term_string"}}],"inLanguage":"it-IT"},{"@type":"Person","@id":"https:\/\/www.shalom.it\/#\/schema\/person\/d9f18de0c8e16f0e7113889b42fd88c0","name":"Michelle Zarfati","url":"https:\/\/www.shalom.it\/author\/michellezarfati\/"}]}},"jetpack_featured_media_url":"https:\/\/www.shalom.it\/wp-content\/uploads\/2026\/08\/eli_sharabi.jpg","jetpack_sharing_enabled":true,"_links":{"self":[{"href":"https:\/\/www.shalom.it\/wp-json\/wp\/v2\/posts\/148407","targetHints":{"allow":["GET"]}}],"collection":[{"href":"https:\/\/www.shalom.it\/wp-json\/wp\/v2\/posts"}],"about":[{"href":"https:\/\/www.shalom.it\/wp-json\/wp\/v2\/types\/post"}],"author":[{"embeddable":true,"href":"https:\/\/www.shalom.it\/wp-json\/wp\/v2\/users\/89"}],"replies":[{"embeddable":true,"href":"https:\/\/www.shalom.it\/wp-json\/wp\/v2\/comments?post=148407"}],"version-history":[{"count":1,"href":"https:\/\/www.shalom.it\/wp-json\/wp\/v2\/posts\/148407\/revisions"}],"predecessor-version":[{"id":148409,"href":"https:\/\/www.shalom.it\/wp-json\/wp\/v2\/posts\/148407\/revisions\/148409"}],"wp:featuredmedia":[{"embeddable":true,"href":"https:\/\/www.shalom.it\/wp-json\/wp\/v2\/media\/148408"}],"wp:attachment":[{"href":"https:\/\/www.shalom.it\/wp-json\/wp\/v2\/media?parent=148407"}],"wp:term":[{"taxonomy":"category","embeddable":true,"href":"https:\/\/www.shalom.it\/wp-json\/wp\/v2\/categories?post=148407"},{"taxonomy":"post_tag","embeddable":true,"href":"https:\/\/www.shalom.it\/wp-json\/wp\/v2\/tags?post=148407"}],"curies":[{"name":"wp","href":"https:\/\/api.w.org\/{rel}","templated":true}]}}