{"id":148395,"date":"2026-08-31T00:04:54","date_gmt":"2026-08-30T22:04:54","guid":{"rendered":"https:\/\/www.shalom.it\/?p=148395"},"modified":"2026-08-30T16:16:49","modified_gmt":"2026-08-30T14:16:49","slug":"gli-ebrei-e-la-scienza-una-storia-secolare","status":"publish","type":"post","link":"https:\/\/www.shalom.it\/cultura\/gli-ebrei-e-la-scienza-una-storia-secolare\/","title":{"rendered":"Gli ebrei e la Scienza, una storia secolare"},"content":{"rendered":"<p class=\"p1\">Il popolo ebraico rappresenta circa lo 0,2% della popolazione mondiale: su oltre 8 miliardi di persone, gli ebrei sono circa 16 milioni. Eppure, nonostante la ridotta consistenza numerica, la presenza ebraica ai vertici della ricerca scientifica \u00e8 stata storicamente molto significativa. Una quota rilevante dei premi Nobel \u2014 e, pi\u00f9 in particolare, di quelli assegnati nelle discipline scientifiche \u2014 \u00e8 stata infatti attribuita a studiosi ebrei. Un dato che ha spesso suscitato domande sulle ragioni di una simile concentrazione di eccellenze, in ambiti dove il talento viene valutato con criteri estremamente selettivi.<\/p>\n<p class=\"p1\">L\u2019idea che ci\u00f2 possa dipendere da fattori genetici non trova solide basi razionali. Le differenze tra gruppi umani, infatti, non possono essere spiegate attraverso il concetto di \u201crazza\u201d, e le capacit\u00e0 intellettuali non sono distribuite secondo categorie etniche rigide. Piuttosto, come provo a mostrare in un mio recente saggio (\u2018Gli ebrei e la cultura\u2019), l\u2019elevata presenza di scienziati ebrei sembra essere il risultato di fattori culturali: un ambiente che per secoli ha attribuito un valore straordinario alla riflessione e alla ricerca della conoscenza.<\/p>\n<p class=\"p1\">Nella tradizione ebraica lo studio ha sempre avuto un ruolo centrale. Gi\u00e0 molti secoli prima di Ges\u00f9, avvicinarsi personalmente ai testi sacri rappresentava un elemento fondamentale della vita (religiosa e poi inevitabilmente culturale). Le sinagoghe non sono soltanto luoghi di preghiera, ma anche spazi di apprendimento. In un mondo antico caratterizzato da un analfabetismo molto diffuso, ci\u00f2 costituiva un elemento profondamente innovativo.<\/p>\n<p class=\"p1\">A questo si aggiunge un aspetto determinante: la grande importanza attribuita al dubbio, alle domande e quindi alla discussione. La cultura ebraica ha spesso incoraggiato il confronto tra interpretazioni diverse, anche su questioni fondamentali. La tradizione del dibattito nasce dalla convinzione che la comprensione passi attraverso l\u2019analisi, il confronto e l\u2019esercizio della ragione. Il filosofo Abraham Joshua Heschel definiva il giudaismo una tradizione caratterizzata da \u201c<i>una passione per la ricerca razionale della verit\u00e0<\/i>\u201d. E un proverbio yiddish recita: \u201c<i>Si dovrebbe vivere se non altro per soddisfare la propria curiosit\u00e0<\/i>\u201d. E queste attitudini presentano sorprendenti punti di contatto con il metodo scientifico moderno, che non si fonda su una autorit\u00e0 indiscutibile che stabilisce la Verit\u00e0, ma sulla capacit\u00e0 di mettere continuamente &#8211; e con passione! &#8211; alla prova ipotesi e teorie.<\/p>\n<p class=\"p1\">La scienza ha infatti progressivamente abbandonato l\u2019idea di una conoscenza assoluta e immutabile. Dalla fisica moderna fino all\u2019intelligenza artificiale pi\u00f9 recente, l\u2019incertezza, la probabilit\u00e0 e l\u2019aggiornamento continuo delle ipotesi sono diventati elementi fondamentali per descrivere il mondo. La verit\u00e0 scientifica \u00e8 un processo mai concluso: una costruzione che si corregge attraverso l\u2019osservazione, il dubbio, il confronto. Lo stesso <b>Albert Einstein<\/b>, in una lettera ad un amico, scrisse che &#8220;<i>l&#8217;obbedienza cieca all&#8217;autorit\u00e0 \u00e8 il pi\u00f9 grande nemico della verit\u00e0<\/i>&#8220;.<\/p>\n<p class=\"p1\">Si racconta spesso che una delle parole chiave della Torah sia legata all\u2019idea del \u201ccercare\u201d. Al di l\u00e0 della precisione linguistica di questa interpretazione, il concetto esprime bene un atteggiamento profondamente radicato: il sapere come percorso, non come possesso definitivo.<span class=\"Apple-converted-space\">\u00a0<\/span><\/p>\n<p class=\"p1\">Forse anche da qui nasce il celebre detto secondo cui \u201c<i>due ebrei, tre opinioni<\/i>\u201d: una battuta che richiama una caratteristica culturale, cio\u00e8 la tendenza a discutere per cercare spiegazioni pi\u00f9 profonde.<span class=\"Apple-converted-space\">\u00a0<\/span><\/p>\n<p class=\"p1\">Nell\u2019ebraismo troviamo dispute perfino con Dio, del resto. Nel momento pi\u00f9 drammatico della crocifissione, finanche Ges\u00f9 \u2014 ebreo come Maria, Giuseppe e tutti gli apostoli \u2014 pronuncia parole che un vero cristiano non potrebbe mai neppure concepire: \u201c<i>Dio mio, Dio mio, perch\u00e9 mi hai abbandonato<\/i>?\u201d.<span class=\"Apple-converted-space\">\u00a0<\/span><\/p>\n<p class=\"p1\">\u00c8 proprio questo culto dello studio e del confronto quindi ad aver creato un terreno culturale particolarmente favorevole allo sviluppo di un vero e proprio amore per la scienza. Non <span class=\"s1\">un \u201ctalento innato\u201d segnatamente diffuso tra gli ebrei (predisposizione comunque presente nel singolo studioso che ottiene un Nobel!<\/span>) dunque, ma una storia secolare di trasporto verso la corretta conoscenza.<\/p>\n<p>Foto tratta dalla copertina del libro &#8220;Gli ebrei e la cultura&#8221;\u00a0di\u00a0<span class=\"il\">Paolo Agnoli<\/span>, Gruppo Albatros Il Filo<\/p>\n","protected":false},"excerpt":{"rendered":"<p>Il popolo ebraico rappresenta circa lo 0,2% della popolazione mondiale: su oltre 8 miliardi di persone, gli ebrei sono circa 16 milioni. Eppure, nonostante la ridotta consistenza numerica, la presenza ebraica ai vertici della ricerca scientifica \u00e8 stata storicamente molto significativa. Una quota rilevante dei premi Nobel \u2014 e, pi\u00f9 in particolare, di quelli assegnati [&hellip;]<\/p>\n","protected":false},"author":3,"featured_media":148401,"comment_status":"closed","ping_status":"closed","sticky":false,"template":"","format":"standard","meta":{"_acf_changed":false,"_jetpack_memberships_contains_paid_content":false,"footnotes":""},"categories":[7],"tags":[],"class_list":["post-148395","post","type-post","status-publish","format-standard","has-post-thumbnail","hentry","category-cultura"],"acf":[],"yoast_head":"<!-- This site is optimized with the Yoast SEO plugin v26.9 - https:\/\/yoast.com\/product\/yoast-seo-wordpress\/ -->\n<title>Gli ebrei e la Scienza, una storia secolare - Shalom<\/title>\n<meta name=\"robots\" content=\"index, follow, max-snippet:-1, max-image-preview:large, max-video-preview:-1\" \/>\n<link rel=\"canonical\" href=\"https:\/\/www.shalom.it\/cultura\/gli-ebrei-e-la-scienza-una-storia-secolare\/\" \/>\n<meta property=\"og:locale\" content=\"it_IT\" \/>\n<meta property=\"og:type\" content=\"article\" \/>\n<meta property=\"og:title\" content=\"Gli ebrei e la Scienza, una storia secolare - Shalom\" \/>\n<meta property=\"og:description\" content=\"Il popolo ebraico rappresenta circa lo 0,2% della popolazione mondiale: su oltre 8 miliardi di persone, gli ebrei sono circa 16 milioni. Eppure, nonostante la ridotta consistenza numerica, la presenza ebraica ai vertici della ricerca scientifica \u00e8 stata storicamente molto significativa. Una quota rilevante dei premi Nobel \u2014 e, pi\u00f9 in particolare, di quelli assegnati [&hellip;]\" \/>\n<meta property=\"og:url\" content=\"https:\/\/www.shalom.it\/cultura\/gli-ebrei-e-la-scienza-una-storia-secolare\/\" \/>\n<meta property=\"og:site_name\" content=\"Shalom\" \/>\n<meta property=\"article:published_time\" content=\"2026-08-30T22:04:54+00:00\" \/>\n<meta property=\"og:image\" content=\"https:\/\/www.shalom.it\/wp-content\/uploads\/2026\/08\/Gli-ebrei-e-la-cultura_-di-Paolo-Agnoli.png\" \/>\n\t<meta property=\"og:image:width\" content=\"1400\" \/>\n\t<meta property=\"og:image:height\" content=\"600\" \/>\n\t<meta property=\"og:image:type\" content=\"image\/png\" \/>\n<meta name=\"author\" content=\"Redazione\" \/>\n<meta name=\"twitter:card\" content=\"summary_large_image\" \/>\n<meta name=\"twitter:label1\" content=\"Scritto da\" \/>\n\t<meta name=\"twitter:data1\" content=\"Redazione\" \/>\n\t<meta name=\"twitter:label2\" content=\"Tempo di lettura stimato\" \/>\n\t<meta name=\"twitter:data2\" content=\"4 minuti\" \/>\n<script type=\"application\/ld+json\" class=\"yoast-schema-graph\">{\"@context\":\"https:\/\/schema.org\",\"@graph\":[{\"@type\":\"Article\",\"@id\":\"https:\/\/www.shalom.it\/cultura\/gli-ebrei-e-la-scienza-una-storia-secolare\/#article\",\"isPartOf\":{\"@id\":\"https:\/\/www.shalom.it\/cultura\/gli-ebrei-e-la-scienza-una-storia-secolare\/\"},\"author\":{\"name\":\"Redazione\",\"@id\":\"https:\/\/www.shalom.it\/#\/schema\/person\/d6d60e821a49d2a420ffe01f7af79dd8\"},\"headline\":\"Gli ebrei e la Scienza, una storia secolare\",\"datePublished\":\"2026-08-30T22:04:54+00:00\",\"mainEntityOfPage\":{\"@id\":\"https:\/\/www.shalom.it\/cultura\/gli-ebrei-e-la-scienza-una-storia-secolare\/\"},\"wordCount\":647,\"image\":{\"@id\":\"https:\/\/www.shalom.it\/cultura\/gli-ebrei-e-la-scienza-una-storia-secolare\/#primaryimage\"},\"thumbnailUrl\":\"https:\/\/www.shalom.it\/wp-content\/uploads\/2026\/08\/Gli-ebrei-e-la-cultura_-di-Paolo-Agnoli.png\",\"articleSection\":[\"Cultura\"],\"inLanguage\":\"it-IT\"},{\"@type\":\"WebPage\",\"@id\":\"https:\/\/www.shalom.it\/cultura\/gli-ebrei-e-la-scienza-una-storia-secolare\/\",\"url\":\"https:\/\/www.shalom.it\/cultura\/gli-ebrei-e-la-scienza-una-storia-secolare\/\",\"name\":\"Gli ebrei e la Scienza, una storia secolare - Shalom\",\"isPartOf\":{\"@id\":\"https:\/\/www.shalom.it\/#website\"},\"primaryImageOfPage\":{\"@id\":\"https:\/\/www.shalom.it\/cultura\/gli-ebrei-e-la-scienza-una-storia-secolare\/#primaryimage\"},\"image\":{\"@id\":\"https:\/\/www.shalom.it\/cultura\/gli-ebrei-e-la-scienza-una-storia-secolare\/#primaryimage\"},\"thumbnailUrl\":\"https:\/\/www.shalom.it\/wp-content\/uploads\/2026\/08\/Gli-ebrei-e-la-cultura_-di-Paolo-Agnoli.png\",\"datePublished\":\"2026-08-30T22:04:54+00:00\",\"author\":{\"@id\":\"https:\/\/www.shalom.it\/#\/schema\/person\/d6d60e821a49d2a420ffe01f7af79dd8\"},\"breadcrumb\":{\"@id\":\"https:\/\/www.shalom.it\/cultura\/gli-ebrei-e-la-scienza-una-storia-secolare\/#breadcrumb\"},\"inLanguage\":\"it-IT\",\"potentialAction\":[{\"@type\":\"ReadAction\",\"target\":[\"https:\/\/www.shalom.it\/cultura\/gli-ebrei-e-la-scienza-una-storia-secolare\/\"]}]},{\"@type\":\"ImageObject\",\"inLanguage\":\"it-IT\",\"@id\":\"https:\/\/www.shalom.it\/cultura\/gli-ebrei-e-la-scienza-una-storia-secolare\/#primaryimage\",\"url\":\"https:\/\/www.shalom.it\/wp-content\/uploads\/2026\/08\/Gli-ebrei-e-la-cultura_-di-Paolo-Agnoli.png\",\"contentUrl\":\"https:\/\/www.shalom.it\/wp-content\/uploads\/2026\/08\/Gli-ebrei-e-la-cultura_-di-Paolo-Agnoli.png\",\"width\":1400,\"height\":600},{\"@type\":\"BreadcrumbList\",\"@id\":\"https:\/\/www.shalom.it\/cultura\/gli-ebrei-e-la-scienza-una-storia-secolare\/#breadcrumb\",\"itemListElement\":[{\"@type\":\"ListItem\",\"position\":1,\"name\":\"Home\",\"item\":\"https:\/\/www.shalom.it\/\"},{\"@type\":\"ListItem\",\"position\":2,\"name\":\"Gli ebrei e la Scienza, una storia secolare\"}]},{\"@type\":\"WebSite\",\"@id\":\"https:\/\/www.shalom.it\/#website\",\"url\":\"https:\/\/www.shalom.it\/\",\"name\":\"Shalom\",\"description\":\"Il Magazine della comunit\u00e0 ebraica di Roma\",\"potentialAction\":[{\"@type\":\"SearchAction\",\"target\":{\"@type\":\"EntryPoint\",\"urlTemplate\":\"https:\/\/www.shalom.it\/?s={search_term_string}\"},\"query-input\":{\"@type\":\"PropertyValueSpecification\",\"valueRequired\":true,\"valueName\":\"search_term_string\"}}],\"inLanguage\":\"it-IT\"},{\"@type\":\"Person\",\"@id\":\"https:\/\/www.shalom.it\/#\/schema\/person\/d6d60e821a49d2a420ffe01f7af79dd8\",\"name\":\"Redazione\",\"url\":\"https:\/\/www.shalom.it\/author\/redazione\/\"}]}<\/script>\n<!-- \/ Yoast SEO plugin. -->","yoast_head_json":{"title":"Gli ebrei e la Scienza, una storia secolare - Shalom","robots":{"index":"index","follow":"follow","max-snippet":"max-snippet:-1","max-image-preview":"max-image-preview:large","max-video-preview":"max-video-preview:-1"},"canonical":"https:\/\/www.shalom.it\/cultura\/gli-ebrei-e-la-scienza-una-storia-secolare\/","og_locale":"it_IT","og_type":"article","og_title":"Gli ebrei e la Scienza, una storia secolare - Shalom","og_description":"Il popolo ebraico rappresenta circa lo 0,2% della popolazione mondiale: su oltre 8 miliardi di persone, gli ebrei sono circa 16 milioni. Eppure, nonostante la ridotta consistenza numerica, la presenza ebraica ai vertici della ricerca scientifica \u00e8 stata storicamente molto significativa. Una quota rilevante dei premi Nobel \u2014 e, pi\u00f9 in particolare, di quelli assegnati [&hellip;]","og_url":"https:\/\/www.shalom.it\/cultura\/gli-ebrei-e-la-scienza-una-storia-secolare\/","og_site_name":"Shalom","article_published_time":"2026-08-30T22:04:54+00:00","og_image":[{"width":1400,"height":600,"url":"https:\/\/www.shalom.it\/wp-content\/uploads\/2026\/08\/Gli-ebrei-e-la-cultura_-di-Paolo-Agnoli.png","type":"image\/png"}],"author":"Redazione","twitter_card":"summary_large_image","twitter_misc":{"Scritto da":"Redazione","Tempo di lettura stimato":"4 minuti"},"schema":{"@context":"https:\/\/schema.org","@graph":[{"@type":"Article","@id":"https:\/\/www.shalom.it\/cultura\/gli-ebrei-e-la-scienza-una-storia-secolare\/#article","isPartOf":{"@id":"https:\/\/www.shalom.it\/cultura\/gli-ebrei-e-la-scienza-una-storia-secolare\/"},"author":{"name":"Redazione","@id":"https:\/\/www.shalom.it\/#\/schema\/person\/d6d60e821a49d2a420ffe01f7af79dd8"},"headline":"Gli ebrei e la Scienza, una storia secolare","datePublished":"2026-08-30T22:04:54+00:00","mainEntityOfPage":{"@id":"https:\/\/www.shalom.it\/cultura\/gli-ebrei-e-la-scienza-una-storia-secolare\/"},"wordCount":647,"image":{"@id":"https:\/\/www.shalom.it\/cultura\/gli-ebrei-e-la-scienza-una-storia-secolare\/#primaryimage"},"thumbnailUrl":"https:\/\/www.shalom.it\/wp-content\/uploads\/2026\/08\/Gli-ebrei-e-la-cultura_-di-Paolo-Agnoli.png","articleSection":["Cultura"],"inLanguage":"it-IT"},{"@type":"WebPage","@id":"https:\/\/www.shalom.it\/cultura\/gli-ebrei-e-la-scienza-una-storia-secolare\/","url":"https:\/\/www.shalom.it\/cultura\/gli-ebrei-e-la-scienza-una-storia-secolare\/","name":"Gli ebrei e la Scienza, una storia secolare - Shalom","isPartOf":{"@id":"https:\/\/www.shalom.it\/#website"},"primaryImageOfPage":{"@id":"https:\/\/www.shalom.it\/cultura\/gli-ebrei-e-la-scienza-una-storia-secolare\/#primaryimage"},"image":{"@id":"https:\/\/www.shalom.it\/cultura\/gli-ebrei-e-la-scienza-una-storia-secolare\/#primaryimage"},"thumbnailUrl":"https:\/\/www.shalom.it\/wp-content\/uploads\/2026\/08\/Gli-ebrei-e-la-cultura_-di-Paolo-Agnoli.png","datePublished":"2026-08-30T22:04:54+00:00","author":{"@id":"https:\/\/www.shalom.it\/#\/schema\/person\/d6d60e821a49d2a420ffe01f7af79dd8"},"breadcrumb":{"@id":"https:\/\/www.shalom.it\/cultura\/gli-ebrei-e-la-scienza-una-storia-secolare\/#breadcrumb"},"inLanguage":"it-IT","potentialAction":[{"@type":"ReadAction","target":["https:\/\/www.shalom.it\/cultura\/gli-ebrei-e-la-scienza-una-storia-secolare\/"]}]},{"@type":"ImageObject","inLanguage":"it-IT","@id":"https:\/\/www.shalom.it\/cultura\/gli-ebrei-e-la-scienza-una-storia-secolare\/#primaryimage","url":"https:\/\/www.shalom.it\/wp-content\/uploads\/2026\/08\/Gli-ebrei-e-la-cultura_-di-Paolo-Agnoli.png","contentUrl":"https:\/\/www.shalom.it\/wp-content\/uploads\/2026\/08\/Gli-ebrei-e-la-cultura_-di-Paolo-Agnoli.png","width":1400,"height":600},{"@type":"BreadcrumbList","@id":"https:\/\/www.shalom.it\/cultura\/gli-ebrei-e-la-scienza-una-storia-secolare\/#breadcrumb","itemListElement":[{"@type":"ListItem","position":1,"name":"Home","item":"https:\/\/www.shalom.it\/"},{"@type":"ListItem","position":2,"name":"Gli ebrei e la Scienza, una storia secolare"}]},{"@type":"WebSite","@id":"https:\/\/www.shalom.it\/#website","url":"https:\/\/www.shalom.it\/","name":"Shalom","description":"Il Magazine della comunit\u00e0 ebraica di Roma","potentialAction":[{"@type":"SearchAction","target":{"@type":"EntryPoint","urlTemplate":"https:\/\/www.shalom.it\/?s={search_term_string}"},"query-input":{"@type":"PropertyValueSpecification","valueRequired":true,"valueName":"search_term_string"}}],"inLanguage":"it-IT"},{"@type":"Person","@id":"https:\/\/www.shalom.it\/#\/schema\/person\/d6d60e821a49d2a420ffe01f7af79dd8","name":"Redazione","url":"https:\/\/www.shalom.it\/author\/redazione\/"}]}},"jetpack_featured_media_url":"https:\/\/www.shalom.it\/wp-content\/uploads\/2026\/08\/Gli-ebrei-e-la-cultura_-di-Paolo-Agnoli.png","jetpack_sharing_enabled":true,"_links":{"self":[{"href":"https:\/\/www.shalom.it\/wp-json\/wp\/v2\/posts\/148395","targetHints":{"allow":["GET"]}}],"collection":[{"href":"https:\/\/www.shalom.it\/wp-json\/wp\/v2\/posts"}],"about":[{"href":"https:\/\/www.shalom.it\/wp-json\/wp\/v2\/types\/post"}],"author":[{"embeddable":true,"href":"https:\/\/www.shalom.it\/wp-json\/wp\/v2\/users\/3"}],"replies":[{"embeddable":true,"href":"https:\/\/www.shalom.it\/wp-json\/wp\/v2\/comments?post=148395"}],"version-history":[{"count":3,"href":"https:\/\/www.shalom.it\/wp-json\/wp\/v2\/posts\/148395\/revisions"}],"predecessor-version":[{"id":148400,"href":"https:\/\/www.shalom.it\/wp-json\/wp\/v2\/posts\/148395\/revisions\/148400"}],"wp:featuredmedia":[{"embeddable":true,"href":"https:\/\/www.shalom.it\/wp-json\/wp\/v2\/media\/148401"}],"wp:attachment":[{"href":"https:\/\/www.shalom.it\/wp-json\/wp\/v2\/media?parent=148395"}],"wp:term":[{"taxonomy":"category","embeddable":true,"href":"https:\/\/www.shalom.it\/wp-json\/wp\/v2\/categories?post=148395"},{"taxonomy":"post_tag","embeddable":true,"href":"https:\/\/www.shalom.it\/wp-json\/wp\/v2\/tags?post=148395"}],"curies":[{"name":"wp","href":"https:\/\/api.w.org\/{rel}","templated":true}]}}