{"id":148391,"date":"2026-08-31T00:01:57","date_gmt":"2026-08-30T22:01:57","guid":{"rendered":"https:\/\/www.shalom.it\/?p=148391"},"modified":"2026-08-30T16:03:02","modified_gmt":"2026-08-30T14:03:02","slug":"eyal-ostrinsky-kkl-jnf-al-fianco-di-israele-e-delle-comunita-ebraiche-nel-mondo","status":"publish","type":"post","link":"https:\/\/www.shalom.it\/israele\/eyal-ostrinsky-kkl-jnf-al-fianco-di-israele-e-delle-comunita-ebraiche-nel-mondo\/","title":{"rendered":"Eyal Ostrinsky: \u201cKKL-JNF al fianco di Israele e delle comunit\u00e0 ebraiche nel mondo\u201d"},"content":{"rendered":"<p class=\"p1\">Eyal Ostrinsky ha assunto il 1\u00b0 gennaio 2026 l\u2019incarico di Presidente del <i>Keren Kayemeth LeIsrael-Jewish National Fund. <\/i>\u00c8<i> <\/i>il sedicesimo a ricoprire la carica, nonch\u00e9 il pi\u00f9 giovane, nella storia della fondazione KKL-JNF dal 1901. Nei suoi primi mesi da Presidente, Ostrinsky ha gi\u00e0 dimostrato un approccio immediato e pratico. Ha raccontato a <i>Shalom <\/i>i progetti ambientali della fondazione, il sostegno alle comunit\u00e0 colpite dalla guerra e l\u2019impegno nel rafforzare il legame con gli ebrei in tutto il mondo.<span class=\"Apple-converted-space\">\u00a0<\/span><\/p>\n<p class=\"p1\"><b>Qual \u00e8, secondo lei, il legame pi\u00f9 forte tra l\u2019ambiente e il sionismo? Pensa che gli israeliani e gli ebrei della diaspora lo vivano in modo diverso?<\/b><\/p>\n<p class=\"p1\">Per me questo \u00e8 un legame molto concreto. La storica missione sionista del KKL-JNF ha sempre collegato il popolo ebraico alla Terra di Israele attraverso lo sviluppo del territorio e il rafforzamento del Paese. Questo legame pu\u00f2 essere vissuto diversamente in Israele e nelle comunit\u00e0 ebraiche all\u2019estero, ma il KKL-JNF appartiene al popolo ebraico, non solo a Israele. Oggi possiamo vedere molto chiaramente la missione sionista nelle aree che hanno pi\u00f9 bisogno di noi: il rafforzamento delle comunit\u00e0 e la promozione dello sviluppo a lungo termine in Galilea, nel Negev, nell\u2019Arava, nella zona circostante Gaza, nelle regioni di confine settentrionali e nel Golan sono per noi obiettivi centrali. Allo stesso tempo, desideriamo che gli ebrei di tutto il mondo rinnovino e approfondiscano il loro legame con Israele attraverso iniziative quali la piantumazione di alberi e la partecipazione a progetti qui sul luogo.<\/p>\n<p class=\"p1\"><b>Dopo il 7 ottobre, Israele ha subito gravi distruzioni e perdite. Come procede la ricostruzione del territorio?<\/b><\/p>\n<p class=\"p1\">Dal 7 ottobre, il KKL-JNF ha investito ingenti risorse nella ricostruzione delle comunit\u00e0 devastate dall\u2019attacco di Hamas e nel ripristino delle comunit\u00e0 del nord che hanno subito mesi di attacchi da parte di Hezbollah. Siamo stati al loro fianco durante e dopo la guerra con la protezione e l\u2019assistenza di emergenza, e continuiamo ancora oggi. Abbiamo stanziato 75 milioni di NIS [<i>shekel israeliani, ndr<\/i>] per la ricostruzione del kibbutz Nir Oz, 30 milioni di NIS per il kibbutz Manara e 115 milioni di NIS per le comunit\u00e0 lungo la frontiera settentrionale di Israele. Abbiamo inoltre sostenuto la realizzazione di alloggi temporanei per i residenti del kibbutz Kfar Aza e il loro ritorno a casa. Pi\u00f9 recentemente, il Consiglio di Amministrazione del KKL-JNF ha approvato un piano di circa 859 milioni di NIS per il nord di Israele, che copre lo sviluppo ambientale, l\u2019edilizia abitativa e lo sviluppo comunitario, l\u2019istruzione e la cultura. L\u2019obiettivo non \u00e8 solo quello di rispondere alle necessit\u00e0 immediate, ma gettare le basi per una crescita e uno sviluppo a lungo termine in tutta la regione che possa garantire un futuro migliore, sicuro e solido.<\/p>\n<figure id=\"attachment_148393\" aria-describedby=\"caption-attachment-148393\" style=\"width: 800px\" class=\"wp-caption aligncenter\"><img loading=\"lazy\" decoding=\"async\" class=\"wp-image-148393 size-full\" src=\"https:\/\/www.shalom.it\/wp-content\/uploads\/2026\/08\/kkl-gruppo.webp\" alt=\"\" width=\"800\" height=\"600\" srcset=\"https:\/\/www.shalom.it\/wp-content\/uploads\/2026\/08\/kkl-gruppo.webp 800w, https:\/\/www.shalom.it\/wp-content\/uploads\/2026\/08\/kkl-gruppo-300x225.webp 300w, https:\/\/www.shalom.it\/wp-content\/uploads\/2026\/08\/kkl-gruppo-768x576.webp 768w\" sizes=\"auto, (max-width: 800px) 100vw, 800px\" \/><figcaption id=\"caption-attachment-148393\" class=\"wp-caption-text\">Photo credit: Noa Azar<\/figcaption><\/figure>\n<p class=\"p1\"><b>Cosa si pu\u00f2 fare per proteggere il territorio da futuri attacchi?<span class=\"Apple-converted-space\">\u00a0<\/span><\/b><\/p>\n<p class=\"p1\">La guerra ha rafforzato l\u2019importanza della resilienza; \u00e8 necessario che il KKL-JNF si concentri sulle aree in cui ha un ruolo e competenze ben definiti. Le nostre priorit\u00e0 principali includono la silvicoltura, le infrastrutture idriche, l\u2019agricoltura, lo sviluppo del territorio e il recupero e lo sviluppo delle comunit\u00e0 nel nord e nel sud. Stiamo lavorando per espandere le aree boschive e la piantumazione di alberi, affrontare il fenomeno della moria degli alberi accelerata dai cambiamenti climatici, investire in nuovi bacini idrici e in infrastrutture idriche a sostegno dell\u2019agricoltura, ripristinare i corsi d\u2019acqua e sostenere lo sviluppo dei terreni agricoli.<\/p>\n<p class=\"p1\"><b>La guerra ha cambiato le linee guida per la tutela ambientale?<span class=\"Apple-converted-space\">\u00a0<\/span><\/b><\/p>\n<p class=\"p1\">La guerra ha reso ancora pi\u00f9 urgente la necessit\u00e0 di decisioni rapide, risposte concrete e investimenti a lungo termine in questi settori fondamentali. Eventuali modifiche specifiche alle linee guida ambientali professionali dovrebbero essere affrontate dai professionisti di competenza.<\/p>\n<p class=\"p1\"><b>Il KKL-JNF si \u00e8 sempre impegnato nel legame tra ebrei in diaspora e Israele. In che modo le comunit\u00e0 ebraiche possono rispondere all\u2019ascesa dell\u2019antisemitismo?<span class=\"Apple-converted-space\">\u00a0<\/span><\/b><\/p>\n<p class=\"p1\">Credo che il rapporto tra Israele e le comunit\u00e0 ebraiche di tutto il mondo debba essere bidirezionale. Non dovrebbe basarsi solo sulle donazioni e sul sostegno degli ebrei di tutto il mondo a Israele. Israele \u00e8 lo Stato e la patria del popolo ebraico, e oggi dobbiamo stare al fianco delle comunit\u00e0 ebraiche di tutto il mondo e aiutarle ad affrontare le sfide di oggi. Ecco perch\u00e9 stiamo ampliando l\u2019operato del KKL-JNF con le comunit\u00e0 ebraiche all\u2019estero. Abbiamo raddoppiato il nostro budget operativo annuale per la lotta all\u2019antisemitismo e lo sviluppo della leadership ebraica nei campus universitari, portandolo da 3 milioni a 6 milioni di NIS, e stiamo investendo ulteriormente nella sicurezza ebraica, nella resilienza delle comunit\u00e0 e nella preparazione alle emergenze. Vogliamo inoltre rafforzare l\u2019educazione e la leadership ebraica e sionista in tutte le comunit\u00e0 ebraiche. Oltre a rispondere all\u2019antisemitismo, dobbiamo anche approfondire il legame tra gli ebrei di tutto il mondo e Israele. La \u201cBlue Box\u201d \u00e8 un simbolo intramontabile del nostro patrimonio sionista comune, e oggi vogliamo rinnovare quel legame incoraggiando gli ebrei di tutto il mondo a piantare alberi e a partecipare a progetti che rafforzino il loro legame con Israele. Il nostro lavoro nelle foreste israeliane mira anche a rendere questi spazi pi\u00f9 accessibili e accoglienti per il pubblico, con sentieri, aree picnic, punti panoramici e strutture per i visitatori. Rafforzare il legame diretto delle persone con la terra e con i paesaggi naturali di Israele \u00e8 una parte importante della missione del KKL-JNF, insieme al nostro impegno nell\u2019educazione sionista e nel rafforzamento delle comunit\u00e0 ebraiche in tutto il mondo.<\/p>\n<p>Foto credit copertina: Reuven Kopitchinski<\/p>\n","protected":false},"excerpt":{"rendered":"<p>Il nuovo Presidente del Keren Kayemeth LeIsrael-Jewish National Fund racconta a Shalom i progetti per il nord e il sud di Israele, la ricostruzione delle comunit\u00e0 colpite dalla guerra e il ruolo della diaspora nella lotta all\u2019antisemitismo.<\/p>\n","protected":false},"author":3,"featured_media":148392,"comment_status":"closed","ping_status":"closed","sticky":false,"template":"","format":"standard","meta":{"_acf_changed":false,"_jetpack_memberships_contains_paid_content":false,"footnotes":""},"categories":[4],"tags":[],"class_list":["post-148391","post","type-post","status-publish","format-standard","has-post-thumbnail","hentry","category-israele"],"acf":[],"yoast_head":"<!-- This site is optimized with the Yoast SEO plugin v26.9 - https:\/\/yoast.com\/product\/yoast-seo-wordpress\/ -->\n<title>Eyal Ostrinsky: \u201cKKL-JNF al fianco di Israele e delle comunit\u00e0 ebraiche nel mondo\u201d - Shalom<\/title>\n<meta name=\"robots\" content=\"index, follow, max-snippet:-1, max-image-preview:large, max-video-preview:-1\" \/>\n<link rel=\"canonical\" href=\"https:\/\/www.shalom.it\/israele\/eyal-ostrinsky-kkl-jnf-al-fianco-di-israele-e-delle-comunita-ebraiche-nel-mondo\/\" \/>\n<meta property=\"og:locale\" content=\"it_IT\" \/>\n<meta property=\"og:type\" content=\"article\" \/>\n<meta property=\"og:title\" content=\"Eyal Ostrinsky: \u201cKKL-JNF al fianco di Israele e delle comunit\u00e0 ebraiche nel mondo\u201d - Shalom\" \/>\n<meta property=\"og:description\" content=\"Il nuovo Presidente del Keren Kayemeth LeIsrael-Jewish National Fund racconta a Shalom i progetti per il nord e il sud di Israele, la ricostruzione delle comunit\u00e0 colpite dalla guerra e il ruolo della diaspora nella lotta all\u2019antisemitismo.\" \/>\n<meta property=\"og:url\" content=\"https:\/\/www.shalom.it\/israele\/eyal-ostrinsky-kkl-jnf-al-fianco-di-israele-e-delle-comunita-ebraiche-nel-mondo\/\" \/>\n<meta property=\"og:site_name\" content=\"Shalom\" \/>\n<meta property=\"article:published_time\" content=\"2026-08-30T22:01:57+00:00\" \/>\n<meta property=\"og:image\" content=\"https:\/\/www.shalom.it\/wp-content\/uploads\/2026\/08\/Eyal-Ostrinsky.webp\" \/>\n\t<meta property=\"og:image:width\" content=\"1400\" \/>\n\t<meta property=\"og:image:height\" content=\"933\" \/>\n\t<meta property=\"og:image:type\" content=\"image\/webp\" \/>\n<meta name=\"author\" content=\"Redazione\" \/>\n<meta name=\"twitter:card\" content=\"summary_large_image\" \/>\n<meta name=\"twitter:label1\" content=\"Scritto da\" \/>\n\t<meta name=\"twitter:data1\" content=\"Redazione\" \/>\n\t<meta name=\"twitter:label2\" content=\"Tempo di lettura stimato\" \/>\n\t<meta name=\"twitter:data2\" content=\"6 minuti\" \/>\n<script type=\"application\/ld+json\" class=\"yoast-schema-graph\">{\"@context\":\"https:\/\/schema.org\",\"@graph\":[{\"@type\":\"Article\",\"@id\":\"https:\/\/www.shalom.it\/israele\/eyal-ostrinsky-kkl-jnf-al-fianco-di-israele-e-delle-comunita-ebraiche-nel-mondo\/#article\",\"isPartOf\":{\"@id\":\"https:\/\/www.shalom.it\/israele\/eyal-ostrinsky-kkl-jnf-al-fianco-di-israele-e-delle-comunita-ebraiche-nel-mondo\/\"},\"author\":{\"name\":\"Redazione\",\"@id\":\"https:\/\/www.shalom.it\/#\/schema\/person\/d6d60e821a49d2a420ffe01f7af79dd8\"},\"headline\":\"Eyal Ostrinsky: \u201cKKL-JNF al fianco di Israele e delle comunit\u00e0 ebraiche nel mondo\u201d\",\"datePublished\":\"2026-08-30T22:01:57+00:00\",\"mainEntityOfPage\":{\"@id\":\"https:\/\/www.shalom.it\/israele\/eyal-ostrinsky-kkl-jnf-al-fianco-di-israele-e-delle-comunita-ebraiche-nel-mondo\/\"},\"wordCount\":932,\"image\":{\"@id\":\"https:\/\/www.shalom.it\/israele\/eyal-ostrinsky-kkl-jnf-al-fianco-di-israele-e-delle-comunita-ebraiche-nel-mondo\/#primaryimage\"},\"thumbnailUrl\":\"https:\/\/www.shalom.it\/wp-content\/uploads\/2026\/08\/Eyal-Ostrinsky.webp\",\"articleSection\":[\"ISRAELE\"],\"inLanguage\":\"it-IT\"},{\"@type\":\"WebPage\",\"@id\":\"https:\/\/www.shalom.it\/israele\/eyal-ostrinsky-kkl-jnf-al-fianco-di-israele-e-delle-comunita-ebraiche-nel-mondo\/\",\"url\":\"https:\/\/www.shalom.it\/israele\/eyal-ostrinsky-kkl-jnf-al-fianco-di-israele-e-delle-comunita-ebraiche-nel-mondo\/\",\"name\":\"Eyal Ostrinsky: \u201cKKL-JNF al fianco di Israele e delle comunit\u00e0 ebraiche nel mondo\u201d - Shalom\",\"isPartOf\":{\"@id\":\"https:\/\/www.shalom.it\/#website\"},\"primaryImageOfPage\":{\"@id\":\"https:\/\/www.shalom.it\/israele\/eyal-ostrinsky-kkl-jnf-al-fianco-di-israele-e-delle-comunita-ebraiche-nel-mondo\/#primaryimage\"},\"image\":{\"@id\":\"https:\/\/www.shalom.it\/israele\/eyal-ostrinsky-kkl-jnf-al-fianco-di-israele-e-delle-comunita-ebraiche-nel-mondo\/#primaryimage\"},\"thumbnailUrl\":\"https:\/\/www.shalom.it\/wp-content\/uploads\/2026\/08\/Eyal-Ostrinsky.webp\",\"datePublished\":\"2026-08-30T22:01:57+00:00\",\"author\":{\"@id\":\"https:\/\/www.shalom.it\/#\/schema\/person\/d6d60e821a49d2a420ffe01f7af79dd8\"},\"breadcrumb\":{\"@id\":\"https:\/\/www.shalom.it\/israele\/eyal-ostrinsky-kkl-jnf-al-fianco-di-israele-e-delle-comunita-ebraiche-nel-mondo\/#breadcrumb\"},\"inLanguage\":\"it-IT\",\"potentialAction\":[{\"@type\":\"ReadAction\",\"target\":[\"https:\/\/www.shalom.it\/israele\/eyal-ostrinsky-kkl-jnf-al-fianco-di-israele-e-delle-comunita-ebraiche-nel-mondo\/\"]}]},{\"@type\":\"ImageObject\",\"inLanguage\":\"it-IT\",\"@id\":\"https:\/\/www.shalom.it\/israele\/eyal-ostrinsky-kkl-jnf-al-fianco-di-israele-e-delle-comunita-ebraiche-nel-mondo\/#primaryimage\",\"url\":\"https:\/\/www.shalom.it\/wp-content\/uploads\/2026\/08\/Eyal-Ostrinsky.webp\",\"contentUrl\":\"https:\/\/www.shalom.it\/wp-content\/uploads\/2026\/08\/Eyal-Ostrinsky.webp\",\"width\":1400,\"height\":933},{\"@type\":\"BreadcrumbList\",\"@id\":\"https:\/\/www.shalom.it\/israele\/eyal-ostrinsky-kkl-jnf-al-fianco-di-israele-e-delle-comunita-ebraiche-nel-mondo\/#breadcrumb\",\"itemListElement\":[{\"@type\":\"ListItem\",\"position\":1,\"name\":\"Home\",\"item\":\"https:\/\/www.shalom.it\/\"},{\"@type\":\"ListItem\",\"position\":2,\"name\":\"Eyal Ostrinsky: \u201cKKL-JNF al fianco di Israele e delle comunit\u00e0 ebraiche nel mondo\u201d\"}]},{\"@type\":\"WebSite\",\"@id\":\"https:\/\/www.shalom.it\/#website\",\"url\":\"https:\/\/www.shalom.it\/\",\"name\":\"Shalom\",\"description\":\"Il Magazine della comunit\u00e0 ebraica di Roma\",\"potentialAction\":[{\"@type\":\"SearchAction\",\"target\":{\"@type\":\"EntryPoint\",\"urlTemplate\":\"https:\/\/www.shalom.it\/?s={search_term_string}\"},\"query-input\":{\"@type\":\"PropertyValueSpecification\",\"valueRequired\":true,\"valueName\":\"search_term_string\"}}],\"inLanguage\":\"it-IT\"},{\"@type\":\"Person\",\"@id\":\"https:\/\/www.shalom.it\/#\/schema\/person\/d6d60e821a49d2a420ffe01f7af79dd8\",\"name\":\"Redazione\",\"url\":\"https:\/\/www.shalom.it\/author\/redazione\/\"}]}<\/script>\n<!-- \/ Yoast SEO plugin. -->","yoast_head_json":{"title":"Eyal Ostrinsky: \u201cKKL-JNF al fianco di Israele e delle comunit\u00e0 ebraiche nel mondo\u201d - Shalom","robots":{"index":"index","follow":"follow","max-snippet":"max-snippet:-1","max-image-preview":"max-image-preview:large","max-video-preview":"max-video-preview:-1"},"canonical":"https:\/\/www.shalom.it\/israele\/eyal-ostrinsky-kkl-jnf-al-fianco-di-israele-e-delle-comunita-ebraiche-nel-mondo\/","og_locale":"it_IT","og_type":"article","og_title":"Eyal Ostrinsky: \u201cKKL-JNF al fianco di Israele e delle comunit\u00e0 ebraiche nel mondo\u201d - Shalom","og_description":"Il nuovo Presidente del Keren Kayemeth LeIsrael-Jewish National Fund racconta a Shalom i progetti per il nord e il sud di Israele, la ricostruzione delle comunit\u00e0 colpite dalla guerra e il ruolo della diaspora nella lotta all\u2019antisemitismo.","og_url":"https:\/\/www.shalom.it\/israele\/eyal-ostrinsky-kkl-jnf-al-fianco-di-israele-e-delle-comunita-ebraiche-nel-mondo\/","og_site_name":"Shalom","article_published_time":"2026-08-30T22:01:57+00:00","og_image":[{"width":1400,"height":933,"url":"https:\/\/www.shalom.it\/wp-content\/uploads\/2026\/08\/Eyal-Ostrinsky.webp","type":"image\/webp"}],"author":"Redazione","twitter_card":"summary_large_image","twitter_misc":{"Scritto da":"Redazione","Tempo di lettura stimato":"6 minuti"},"schema":{"@context":"https:\/\/schema.org","@graph":[{"@type":"Article","@id":"https:\/\/www.shalom.it\/israele\/eyal-ostrinsky-kkl-jnf-al-fianco-di-israele-e-delle-comunita-ebraiche-nel-mondo\/#article","isPartOf":{"@id":"https:\/\/www.shalom.it\/israele\/eyal-ostrinsky-kkl-jnf-al-fianco-di-israele-e-delle-comunita-ebraiche-nel-mondo\/"},"author":{"name":"Redazione","@id":"https:\/\/www.shalom.it\/#\/schema\/person\/d6d60e821a49d2a420ffe01f7af79dd8"},"headline":"Eyal Ostrinsky: \u201cKKL-JNF al fianco di Israele e delle comunit\u00e0 ebraiche nel mondo\u201d","datePublished":"2026-08-30T22:01:57+00:00","mainEntityOfPage":{"@id":"https:\/\/www.shalom.it\/israele\/eyal-ostrinsky-kkl-jnf-al-fianco-di-israele-e-delle-comunita-ebraiche-nel-mondo\/"},"wordCount":932,"image":{"@id":"https:\/\/www.shalom.it\/israele\/eyal-ostrinsky-kkl-jnf-al-fianco-di-israele-e-delle-comunita-ebraiche-nel-mondo\/#primaryimage"},"thumbnailUrl":"https:\/\/www.shalom.it\/wp-content\/uploads\/2026\/08\/Eyal-Ostrinsky.webp","articleSection":["ISRAELE"],"inLanguage":"it-IT"},{"@type":"WebPage","@id":"https:\/\/www.shalom.it\/israele\/eyal-ostrinsky-kkl-jnf-al-fianco-di-israele-e-delle-comunita-ebraiche-nel-mondo\/","url":"https:\/\/www.shalom.it\/israele\/eyal-ostrinsky-kkl-jnf-al-fianco-di-israele-e-delle-comunita-ebraiche-nel-mondo\/","name":"Eyal Ostrinsky: \u201cKKL-JNF al fianco di Israele e delle comunit\u00e0 ebraiche nel mondo\u201d - Shalom","isPartOf":{"@id":"https:\/\/www.shalom.it\/#website"},"primaryImageOfPage":{"@id":"https:\/\/www.shalom.it\/israele\/eyal-ostrinsky-kkl-jnf-al-fianco-di-israele-e-delle-comunita-ebraiche-nel-mondo\/#primaryimage"},"image":{"@id":"https:\/\/www.shalom.it\/israele\/eyal-ostrinsky-kkl-jnf-al-fianco-di-israele-e-delle-comunita-ebraiche-nel-mondo\/#primaryimage"},"thumbnailUrl":"https:\/\/www.shalom.it\/wp-content\/uploads\/2026\/08\/Eyal-Ostrinsky.webp","datePublished":"2026-08-30T22:01:57+00:00","author":{"@id":"https:\/\/www.shalom.it\/#\/schema\/person\/d6d60e821a49d2a420ffe01f7af79dd8"},"breadcrumb":{"@id":"https:\/\/www.shalom.it\/israele\/eyal-ostrinsky-kkl-jnf-al-fianco-di-israele-e-delle-comunita-ebraiche-nel-mondo\/#breadcrumb"},"inLanguage":"it-IT","potentialAction":[{"@type":"ReadAction","target":["https:\/\/www.shalom.it\/israele\/eyal-ostrinsky-kkl-jnf-al-fianco-di-israele-e-delle-comunita-ebraiche-nel-mondo\/"]}]},{"@type":"ImageObject","inLanguage":"it-IT","@id":"https:\/\/www.shalom.it\/israele\/eyal-ostrinsky-kkl-jnf-al-fianco-di-israele-e-delle-comunita-ebraiche-nel-mondo\/#primaryimage","url":"https:\/\/www.shalom.it\/wp-content\/uploads\/2026\/08\/Eyal-Ostrinsky.webp","contentUrl":"https:\/\/www.shalom.it\/wp-content\/uploads\/2026\/08\/Eyal-Ostrinsky.webp","width":1400,"height":933},{"@type":"BreadcrumbList","@id":"https:\/\/www.shalom.it\/israele\/eyal-ostrinsky-kkl-jnf-al-fianco-di-israele-e-delle-comunita-ebraiche-nel-mondo\/#breadcrumb","itemListElement":[{"@type":"ListItem","position":1,"name":"Home","item":"https:\/\/www.shalom.it\/"},{"@type":"ListItem","position":2,"name":"Eyal Ostrinsky: \u201cKKL-JNF al fianco di Israele e delle comunit\u00e0 ebraiche nel mondo\u201d"}]},{"@type":"WebSite","@id":"https:\/\/www.shalom.it\/#website","url":"https:\/\/www.shalom.it\/","name":"Shalom","description":"Il Magazine della comunit\u00e0 ebraica di Roma","potentialAction":[{"@type":"SearchAction","target":{"@type":"EntryPoint","urlTemplate":"https:\/\/www.shalom.it\/?s={search_term_string}"},"query-input":{"@type":"PropertyValueSpecification","valueRequired":true,"valueName":"search_term_string"}}],"inLanguage":"it-IT"},{"@type":"Person","@id":"https:\/\/www.shalom.it\/#\/schema\/person\/d6d60e821a49d2a420ffe01f7af79dd8","name":"Redazione","url":"https:\/\/www.shalom.it\/author\/redazione\/"}]}},"jetpack_featured_media_url":"https:\/\/www.shalom.it\/wp-content\/uploads\/2026\/08\/Eyal-Ostrinsky.webp","jetpack_sharing_enabled":true,"_links":{"self":[{"href":"https:\/\/www.shalom.it\/wp-json\/wp\/v2\/posts\/148391","targetHints":{"allow":["GET"]}}],"collection":[{"href":"https:\/\/www.shalom.it\/wp-json\/wp\/v2\/posts"}],"about":[{"href":"https:\/\/www.shalom.it\/wp-json\/wp\/v2\/types\/post"}],"author":[{"embeddable":true,"href":"https:\/\/www.shalom.it\/wp-json\/wp\/v2\/users\/3"}],"replies":[{"embeddable":true,"href":"https:\/\/www.shalom.it\/wp-json\/wp\/v2\/comments?post=148391"}],"version-history":[{"count":1,"href":"https:\/\/www.shalom.it\/wp-json\/wp\/v2\/posts\/148391\/revisions"}],"predecessor-version":[{"id":148394,"href":"https:\/\/www.shalom.it\/wp-json\/wp\/v2\/posts\/148391\/revisions\/148394"}],"wp:featuredmedia":[{"embeddable":true,"href":"https:\/\/www.shalom.it\/wp-json\/wp\/v2\/media\/148392"}],"wp:attachment":[{"href":"https:\/\/www.shalom.it\/wp-json\/wp\/v2\/media?parent=148391"}],"wp:term":[{"taxonomy":"category","embeddable":true,"href":"https:\/\/www.shalom.it\/wp-json\/wp\/v2\/categories?post=148391"},{"taxonomy":"post_tag","embeddable":true,"href":"https:\/\/www.shalom.it\/wp-json\/wp\/v2\/tags?post=148391"}],"curies":[{"name":"wp","href":"https:\/\/api.w.org\/{rel}","templated":true}]}}