{"id":148154,"date":"2026-08-11T15:20:57","date_gmt":"2026-08-11T13:20:57","guid":{"rendered":"https:\/\/www.shalom.it\/?p=148154"},"modified":"2026-08-11T20:08:24","modified_gmt":"2026-08-11T18:08:24","slug":"turista-ebreo-aggredito-due-volte-nel-centro-di-roma","status":"publish","type":"post","link":"https:\/\/www.shalom.it\/news\/turista-ebreo-aggredito-due-volte-nel-centro-di-roma\/","title":{"rendered":"Turista ebreo aggredito due volte nel centro di Roma"},"content":{"rendered":"<p class=\"p1\">Un turista francese di 22 anni, di religione ebraica, \u00e8 stato aggredito per due volte nel centro di Roma mentre indossava la kippah. Gli episodi sono avvenuti il 7 e l\u20198 agosto.<\/p>\n<p class=\"p1\">La prima aggressione si \u00e8 verificata in piazza Cairoli, dove il giovane sarebbe stato colpito al volto con dello spray urticante. Il giorno successivo, in largo di Torre Argentina, \u00e8 stato invece accerchiato da quattro persone e colpito con calci e pugni. Secondo quanto riferito dal ragazzo ai carabinieri, durante entrambe le aggressioni sarebbero stati urlati slogan \u00abFree Palestine\u00bb.<\/p>\n<p class=\"p1\">l 22enne ha presentato denuncia alla stazione dei carabinieri di piazza Farnese. I militari hanno individuato e denunciato un cittadino algerino di 31 anni, senza fissa dimora e con precedenti, accusato in concorso con altre persone di percosse e di propaganda e istigazione a delinquere per motivi di discriminazione razziale, etnica e religiosa. Sono in corso le indagini per identificare gli altri tre componenti del gruppo.<\/p>\n<p class=\"p1\">&#8220;Anche per le strade di Roma purtroppo \u00e8 arrivata la caccia all&#8217;uomo, la caccia all&#8217;ebreo. Speriamo, da italiani, di non dover assistere a una reazione di crescente indifferenza da parte dell\u2019opinione pubblica&#8221;. Cos\u00ec il Presidente della Comunit\u00e0 Ebraica di Roma, Victor Fadlun, commentando l\u2019ultima aggressione a un turista francese ebreo a Roma.<\/p>\n<p>Anche la Presidente dell&#8217;Unione delle Comunit\u00e0 Ebraiche Italiane Livia Ottolenghi \u00e8 intervenuta esprimendo nel suo messaggio solidariet\u00e0 e vicinanza al giovane turista ebreo aggredito a Roma. &#8220;Un episodio gravissimo, che dimostra, ancora una volta, come l\u2019antisemitismo sia ormai sempre pi\u00f9 diffuso e che, alimentato dalle parole d\u2019odio, arrivi a manifestarsi anche attraverso aggressioni e violenze contro le persone&#8221; ha commentato nel suo post la Presidente UCEI, ringraziando poi le Forze dell\u2019Ordine per il tempestivo intervento e sottolineando come emerga con ancora maggiore evidenza l\u2019importanza di strumenti efficaci di prevenzione e contrasto dell\u2019antisemitismo. &#8220;Il DDL oggi all\u2019esame del Parlamento rappresenta un passo necessario per riconoscere e combattere un fenomeno che non pu\u00f2 essere pi\u00f9 n\u00e9 sottovalutato n\u00e9 tollerato&#8221; ha concluso Ottolenghi.<\/p>\n","protected":false},"excerpt":{"rendered":"<p>Un turista francese di 22 anni, di religione ebraica, \u00e8 stato aggredito per due volte nel centro di Roma mentre indossava la kippah. Gli episodi sono avvenuti il 7 e l\u20198 agosto. La prima aggressione si \u00e8 verificata in piazza Cairoli, dove il giovane sarebbe stato colpito al volto con dello spray urticante. Il giorno [&hellip;]<\/p>\n","protected":false},"author":3,"featured_media":135855,"comment_status":"closed","ping_status":"closed","sticky":false,"template":"","format":"standard","meta":{"_acf_changed":false,"_jetpack_memberships_contains_paid_content":false,"footnotes":""},"categories":[13],"tags":[],"class_list":["post-148154","post","type-post","status-publish","format-standard","has-post-thumbnail","hentry","category-news"],"acf":[],"yoast_head":"<!-- This site is optimized with the Yoast SEO plugin v26.9 - https:\/\/yoast.com\/product\/yoast-seo-wordpress\/ -->\n<title>Turista ebreo aggredito due volte nel centro di Roma - Shalom<\/title>\n<meta name=\"robots\" content=\"index, follow, max-snippet:-1, max-image-preview:large, max-video-preview:-1\" \/>\n<link rel=\"canonical\" href=\"https:\/\/www.shalom.it\/news\/turista-ebreo-aggredito-due-volte-nel-centro-di-roma\/\" \/>\n<meta property=\"og:locale\" content=\"it_IT\" \/>\n<meta property=\"og:type\" content=\"article\" \/>\n<meta property=\"og:title\" content=\"Turista ebreo aggredito due volte nel centro di Roma - Shalom\" \/>\n<meta property=\"og:description\" content=\"Un turista francese di 22 anni, di religione ebraica, \u00e8 stato aggredito per due volte nel centro di Roma mentre indossava la kippah. Gli episodi sono avvenuti il 7 e l\u20198 agosto. La prima aggressione si \u00e8 verificata in piazza Cairoli, dove il giovane sarebbe stato colpito al volto con dello spray urticante. Il giorno [&hellip;]\" \/>\n<meta property=\"og:url\" content=\"https:\/\/www.shalom.it\/news\/turista-ebreo-aggredito-due-volte-nel-centro-di-roma\/\" \/>\n<meta property=\"og:site_name\" content=\"Shalom\" \/>\n<meta property=\"article:published_time\" content=\"2026-08-11T13:20:57+00:00\" \/>\n<meta property=\"article:modified_time\" content=\"2026-08-11T18:08:24+00:00\" \/>\n<meta property=\"og:image\" content=\"https:\/\/www.shalom.it\/wp-content\/uploads\/2026\/06\/kippa.jpeg\" \/>\n\t<meta property=\"og:image:width\" content=\"1024\" \/>\n\t<meta property=\"og:image:height\" content=\"630\" \/>\n\t<meta property=\"og:image:type\" content=\"image\/jpeg\" \/>\n<meta name=\"author\" content=\"Redazione\" \/>\n<meta name=\"twitter:card\" content=\"summary_large_image\" \/>\n<meta name=\"twitter:label1\" content=\"Scritto da\" \/>\n\t<meta name=\"twitter:data1\" content=\"Redazione\" \/>\n\t<meta name=\"twitter:label2\" content=\"Tempo di lettura stimato\" \/>\n\t<meta name=\"twitter:data2\" content=\"2 minuti\" \/>\n<script type=\"application\/ld+json\" class=\"yoast-schema-graph\">{\"@context\":\"https:\/\/schema.org\",\"@graph\":[{\"@type\":\"Article\",\"@id\":\"https:\/\/www.shalom.it\/news\/turista-ebreo-aggredito-due-volte-nel-centro-di-roma\/#article\",\"isPartOf\":{\"@id\":\"https:\/\/www.shalom.it\/news\/turista-ebreo-aggredito-due-volte-nel-centro-di-roma\/\"},\"author\":{\"name\":\"Redazione\",\"@id\":\"https:\/\/www.shalom.it\/#\/schema\/person\/d6d60e821a49d2a420ffe01f7af79dd8\"},\"headline\":\"Turista ebreo aggredito due volte nel centro di Roma\",\"datePublished\":\"2026-08-11T13:20:57+00:00\",\"dateModified\":\"2026-08-11T18:08:24+00:00\",\"mainEntityOfPage\":{\"@id\":\"https:\/\/www.shalom.it\/news\/turista-ebreo-aggredito-due-volte-nel-centro-di-roma\/\"},\"wordCount\":341,\"image\":{\"@id\":\"https:\/\/www.shalom.it\/news\/turista-ebreo-aggredito-due-volte-nel-centro-di-roma\/#primaryimage\"},\"thumbnailUrl\":\"https:\/\/www.shalom.it\/wp-content\/uploads\/2026\/06\/kippa.jpeg\",\"articleSection\":[\"NEWS\"],\"inLanguage\":\"it-IT\"},{\"@type\":\"WebPage\",\"@id\":\"https:\/\/www.shalom.it\/news\/turista-ebreo-aggredito-due-volte-nel-centro-di-roma\/\",\"url\":\"https:\/\/www.shalom.it\/news\/turista-ebreo-aggredito-due-volte-nel-centro-di-roma\/\",\"name\":\"Turista ebreo aggredito due volte nel centro di Roma - Shalom\",\"isPartOf\":{\"@id\":\"https:\/\/www.shalom.it\/#website\"},\"primaryImageOfPage\":{\"@id\":\"https:\/\/www.shalom.it\/news\/turista-ebreo-aggredito-due-volte-nel-centro-di-roma\/#primaryimage\"},\"image\":{\"@id\":\"https:\/\/www.shalom.it\/news\/turista-ebreo-aggredito-due-volte-nel-centro-di-roma\/#primaryimage\"},\"thumbnailUrl\":\"https:\/\/www.shalom.it\/wp-content\/uploads\/2026\/06\/kippa.jpeg\",\"datePublished\":\"2026-08-11T13:20:57+00:00\",\"dateModified\":\"2026-08-11T18:08:24+00:00\",\"author\":{\"@id\":\"https:\/\/www.shalom.it\/#\/schema\/person\/d6d60e821a49d2a420ffe01f7af79dd8\"},\"breadcrumb\":{\"@id\":\"https:\/\/www.shalom.it\/news\/turista-ebreo-aggredito-due-volte-nel-centro-di-roma\/#breadcrumb\"},\"inLanguage\":\"it-IT\",\"potentialAction\":[{\"@type\":\"ReadAction\",\"target\":[\"https:\/\/www.shalom.it\/news\/turista-ebreo-aggredito-due-volte-nel-centro-di-roma\/\"]}]},{\"@type\":\"ImageObject\",\"inLanguage\":\"it-IT\",\"@id\":\"https:\/\/www.shalom.it\/news\/turista-ebreo-aggredito-due-volte-nel-centro-di-roma\/#primaryimage\",\"url\":\"https:\/\/www.shalom.it\/wp-content\/uploads\/2026\/06\/kippa.jpeg\",\"contentUrl\":\"https:\/\/www.shalom.it\/wp-content\/uploads\/2026\/06\/kippa.jpeg\",\"width\":1024,\"height\":630},{\"@type\":\"BreadcrumbList\",\"@id\":\"https:\/\/www.shalom.it\/news\/turista-ebreo-aggredito-due-volte-nel-centro-di-roma\/#breadcrumb\",\"itemListElement\":[{\"@type\":\"ListItem\",\"position\":1,\"name\":\"Home\",\"item\":\"https:\/\/www.shalom.it\/\"},{\"@type\":\"ListItem\",\"position\":2,\"name\":\"Turista ebreo aggredito due volte nel centro di Roma\"}]},{\"@type\":\"WebSite\",\"@id\":\"https:\/\/www.shalom.it\/#website\",\"url\":\"https:\/\/www.shalom.it\/\",\"name\":\"Shalom\",\"description\":\"Il Magazine della comunit\u00e0 ebraica di Roma\",\"potentialAction\":[{\"@type\":\"SearchAction\",\"target\":{\"@type\":\"EntryPoint\",\"urlTemplate\":\"https:\/\/www.shalom.it\/?s={search_term_string}\"},\"query-input\":{\"@type\":\"PropertyValueSpecification\",\"valueRequired\":true,\"valueName\":\"search_term_string\"}}],\"inLanguage\":\"it-IT\"},{\"@type\":\"Person\",\"@id\":\"https:\/\/www.shalom.it\/#\/schema\/person\/d6d60e821a49d2a420ffe01f7af79dd8\",\"name\":\"Redazione\",\"url\":\"https:\/\/www.shalom.it\/author\/redazione\/\"}]}<\/script>\n<!-- \/ Yoast SEO plugin. -->","yoast_head_json":{"title":"Turista ebreo aggredito due volte nel centro di Roma - Shalom","robots":{"index":"index","follow":"follow","max-snippet":"max-snippet:-1","max-image-preview":"max-image-preview:large","max-video-preview":"max-video-preview:-1"},"canonical":"https:\/\/www.shalom.it\/news\/turista-ebreo-aggredito-due-volte-nel-centro-di-roma\/","og_locale":"it_IT","og_type":"article","og_title":"Turista ebreo aggredito due volte nel centro di Roma - Shalom","og_description":"Un turista francese di 22 anni, di religione ebraica, \u00e8 stato aggredito per due volte nel centro di Roma mentre indossava la kippah. Gli episodi sono avvenuti il 7 e l\u20198 agosto. La prima aggressione si \u00e8 verificata in piazza Cairoli, dove il giovane sarebbe stato colpito al volto con dello spray urticante. Il giorno [&hellip;]","og_url":"https:\/\/www.shalom.it\/news\/turista-ebreo-aggredito-due-volte-nel-centro-di-roma\/","og_site_name":"Shalom","article_published_time":"2026-08-11T13:20:57+00:00","article_modified_time":"2026-08-11T18:08:24+00:00","og_image":[{"width":1024,"height":630,"url":"https:\/\/www.shalom.it\/wp-content\/uploads\/2026\/06\/kippa.jpeg","type":"image\/jpeg"}],"author":"Redazione","twitter_card":"summary_large_image","twitter_misc":{"Scritto da":"Redazione","Tempo di lettura stimato":"2 minuti"},"schema":{"@context":"https:\/\/schema.org","@graph":[{"@type":"Article","@id":"https:\/\/www.shalom.it\/news\/turista-ebreo-aggredito-due-volte-nel-centro-di-roma\/#article","isPartOf":{"@id":"https:\/\/www.shalom.it\/news\/turista-ebreo-aggredito-due-volte-nel-centro-di-roma\/"},"author":{"name":"Redazione","@id":"https:\/\/www.shalom.it\/#\/schema\/person\/d6d60e821a49d2a420ffe01f7af79dd8"},"headline":"Turista ebreo aggredito due volte nel centro di Roma","datePublished":"2026-08-11T13:20:57+00:00","dateModified":"2026-08-11T18:08:24+00:00","mainEntityOfPage":{"@id":"https:\/\/www.shalom.it\/news\/turista-ebreo-aggredito-due-volte-nel-centro-di-roma\/"},"wordCount":341,"image":{"@id":"https:\/\/www.shalom.it\/news\/turista-ebreo-aggredito-due-volte-nel-centro-di-roma\/#primaryimage"},"thumbnailUrl":"https:\/\/www.shalom.it\/wp-content\/uploads\/2026\/06\/kippa.jpeg","articleSection":["NEWS"],"inLanguage":"it-IT"},{"@type":"WebPage","@id":"https:\/\/www.shalom.it\/news\/turista-ebreo-aggredito-due-volte-nel-centro-di-roma\/","url":"https:\/\/www.shalom.it\/news\/turista-ebreo-aggredito-due-volte-nel-centro-di-roma\/","name":"Turista ebreo aggredito due volte nel centro di Roma - Shalom","isPartOf":{"@id":"https:\/\/www.shalom.it\/#website"},"primaryImageOfPage":{"@id":"https:\/\/www.shalom.it\/news\/turista-ebreo-aggredito-due-volte-nel-centro-di-roma\/#primaryimage"},"image":{"@id":"https:\/\/www.shalom.it\/news\/turista-ebreo-aggredito-due-volte-nel-centro-di-roma\/#primaryimage"},"thumbnailUrl":"https:\/\/www.shalom.it\/wp-content\/uploads\/2026\/06\/kippa.jpeg","datePublished":"2026-08-11T13:20:57+00:00","dateModified":"2026-08-11T18:08:24+00:00","author":{"@id":"https:\/\/www.shalom.it\/#\/schema\/person\/d6d60e821a49d2a420ffe01f7af79dd8"},"breadcrumb":{"@id":"https:\/\/www.shalom.it\/news\/turista-ebreo-aggredito-due-volte-nel-centro-di-roma\/#breadcrumb"},"inLanguage":"it-IT","potentialAction":[{"@type":"ReadAction","target":["https:\/\/www.shalom.it\/news\/turista-ebreo-aggredito-due-volte-nel-centro-di-roma\/"]}]},{"@type":"ImageObject","inLanguage":"it-IT","@id":"https:\/\/www.shalom.it\/news\/turista-ebreo-aggredito-due-volte-nel-centro-di-roma\/#primaryimage","url":"https:\/\/www.shalom.it\/wp-content\/uploads\/2026\/06\/kippa.jpeg","contentUrl":"https:\/\/www.shalom.it\/wp-content\/uploads\/2026\/06\/kippa.jpeg","width":1024,"height":630},{"@type":"BreadcrumbList","@id":"https:\/\/www.shalom.it\/news\/turista-ebreo-aggredito-due-volte-nel-centro-di-roma\/#breadcrumb","itemListElement":[{"@type":"ListItem","position":1,"name":"Home","item":"https:\/\/www.shalom.it\/"},{"@type":"ListItem","position":2,"name":"Turista ebreo aggredito due volte nel centro di Roma"}]},{"@type":"WebSite","@id":"https:\/\/www.shalom.it\/#website","url":"https:\/\/www.shalom.it\/","name":"Shalom","description":"Il Magazine della comunit\u00e0 ebraica di Roma","potentialAction":[{"@type":"SearchAction","target":{"@type":"EntryPoint","urlTemplate":"https:\/\/www.shalom.it\/?s={search_term_string}"},"query-input":{"@type":"PropertyValueSpecification","valueRequired":true,"valueName":"search_term_string"}}],"inLanguage":"it-IT"},{"@type":"Person","@id":"https:\/\/www.shalom.it\/#\/schema\/person\/d6d60e821a49d2a420ffe01f7af79dd8","name":"Redazione","url":"https:\/\/www.shalom.it\/author\/redazione\/"}]}},"jetpack_featured_media_url":"https:\/\/www.shalom.it\/wp-content\/uploads\/2026\/06\/kippa.jpeg","jetpack_sharing_enabled":true,"_links":{"self":[{"href":"https:\/\/www.shalom.it\/wp-json\/wp\/v2\/posts\/148154","targetHints":{"allow":["GET"]}}],"collection":[{"href":"https:\/\/www.shalom.it\/wp-json\/wp\/v2\/posts"}],"about":[{"href":"https:\/\/www.shalom.it\/wp-json\/wp\/v2\/types\/post"}],"author":[{"embeddable":true,"href":"https:\/\/www.shalom.it\/wp-json\/wp\/v2\/users\/3"}],"replies":[{"embeddable":true,"href":"https:\/\/www.shalom.it\/wp-json\/wp\/v2\/comments?post=148154"}],"version-history":[{"count":5,"href":"https:\/\/www.shalom.it\/wp-json\/wp\/v2\/posts\/148154\/revisions"}],"predecessor-version":[{"id":148162,"href":"https:\/\/www.shalom.it\/wp-json\/wp\/v2\/posts\/148154\/revisions\/148162"}],"wp:featuredmedia":[{"embeddable":true,"href":"https:\/\/www.shalom.it\/wp-json\/wp\/v2\/media\/135855"}],"wp:attachment":[{"href":"https:\/\/www.shalom.it\/wp-json\/wp\/v2\/media?parent=148154"}],"wp:term":[{"taxonomy":"category","embeddable":true,"href":"https:\/\/www.shalom.it\/wp-json\/wp\/v2\/categories?post=148154"},{"taxonomy":"post_tag","embeddable":true,"href":"https:\/\/www.shalom.it\/wp-json\/wp\/v2\/tags?post=148154"}],"curies":[{"name":"wp","href":"https:\/\/api.w.org\/{rel}","templated":true}]}}