{"id":13191,"date":"2020-04-08T00:00:00","date_gmt":"2020-04-07T22:00:00","guid":{"rendered":"https:\/\/www.shalom.it\/senza-categoria\/significati-e-spiegazioni-della-festa-di-pa-sach-b809851\/"},"modified":"2024-05-31T00:24:01","modified_gmt":"2024-05-30T22:24:01","slug":"significati-e-spiegazioni-della-festa-di-pa-sach-b809851","status":"publish","type":"post","link":"https:\/\/www.shalom.it\/italia\/significati-e-spiegazioni-della-festa-di-pa-sach-b809851\/","title":{"rendered":"Significati e spiegazioni della festa di P\u00e8sach"},"content":{"rendered":"<p class=\"p1\" style=\"margin-bottom: 0px; font-stretch: normal; line-height: normal;\"><span class=\"s2\" style=\"-webkit-text-size-adjust: 100%;\">Nel&nbsp;<\/span><span class=\"s1\" style=\"-webkit-text-size-adjust: 100%;\">Mishn\u00e8 Tor\u00e0&nbsp;<\/span><span class=\"s2\" style=\"-webkit-text-size-adjust: 100%;\">(<\/span><span class=\"s1\" style=\"-webkit-text-size-adjust: 100%;\">Hilkh\u00f2t Zeman\u00ecm<\/span><span class=\"s2\" style=\"-webkit-text-size-adjust: 100%;\">, 7:1) Il<\/span><span class=\"s3\" style=\"-webkit-text-size-adjust: 100%;\">&nbsp;Maimonide<\/span><span class=\"s2\" style=\"-webkit-text-size-adjust: 100%;\">&nbsp;(Cordova, 1138-1204, Il Cairo) scrive: \u201c\u00c8 una&nbsp;<\/span><span class=\"s1\" style=\"-webkit-text-size-adjust: 100%;\">mitzv\u00e0&nbsp;<\/span><span class=\"s2\" style=\"-webkit-text-size-adjust: 100%;\">prescrittiva della Tor\u00e0 raccontare i miracoli e i portenti che furono fatti ai nostri antenati in Egitto nella notte del 15 di&nbsp;<\/span><span class=\"s1\" style=\"-webkit-text-size-adjust: 100%;\">Niss\u00e0n<\/span><span class=\"s2\" style=\"-webkit-text-size-adjust: 100%;\">, come \u00e8 detto: \u201cRicorda questo giorno nel quale siete usciti dall\u2019Egitto\u201d (<\/span><span class=\"s1\" style=\"-webkit-text-size-adjust: 100%;\">Shem\u00f2t<\/span><span class=\"s2\" style=\"-webkit-text-size-adjust: 100%;\">, 13:3) cosi come \u00e8 detto \u00abRicorda il giorno del sabato\u00bb (<\/span><span class=\"s1\" style=\"-webkit-text-size-adjust: 100%;\">Shem\u00f2t,&nbsp;<\/span><span class=\"s2\" style=\"-webkit-text-size-adjust: 100%;\">20:8). E da dove sappiamo che si tratta della notte del 15 di&nbsp;<\/span><span class=\"s1\" style=\"-webkit-text-size-adjust: 100%;\">Niss\u00e0n<\/span><span class=\"s2\" style=\"-webkit-text-size-adjust: 100%;\">? Lo sappiamo da dove viene insegnato: \u00abE lo racconterai a tuo figlio in quel giorno dicendo proprio per questo&#8230;\u00bb(<\/span><span class=\"s1\" style=\"-webkit-text-size-adjust: 100%;\">Shem\u00f2t<\/span><span class=\"s2\" style=\"-webkit-text-size-adjust: 100%;\">, 13:8) che significa [la sera] quando hai davanti a te la&nbsp;<\/span><span class=\"s1\" style=\"-webkit-text-size-adjust: 100%;\">matz\u00e0<\/span><span class=\"s2\" style=\"-webkit-text-size-adjust: 100%;\">&nbsp;(pane azzimo) e il&nbsp;<\/span><span class=\"s1\" style=\"-webkit-text-size-adjust: 100%;\">mar\u00f2r&nbsp;<\/span><span class=\"s2\" style=\"-webkit-text-size-adjust: 100%;\">(erba amara). E si [\u00e8 obbligati a raccontare i miracoli di&nbsp;<\/span><span class=\"s1\" style=\"-webkit-text-size-adjust: 100%;\">P\u00e8sach<\/span><span class=\"s2\" style=\"-webkit-text-size-adjust: 100%;\">] anche se non si hanno figli. Anche i grandi&nbsp;<\/span><span class=\"s1\" style=\"-webkit-text-size-adjust: 100%;\">chakham\u00ecm&nbsp;<\/span><span class=\"s2\" style=\"-webkit-text-size-adjust: 100%;\">(sapienti) sono obbligati a raccontare dell\u2019uscita dall\u2019Egitto ed \u00e8 cosa lodevole prolungarsi a raccontare quello che avvenne\u201d. &nbsp;<\/span><\/p>\n<p class=\"p1\" style=\"margin-bottom: 0px; font-stretch: normal; line-height: normal;\"><span class=\"s2\">Molti commentatori chiedono per quale motivo il Maimonide scrive che la&nbsp;<\/span><span class=\"s1\">mitzv\u00e0<\/span><span class=\"s2\">&nbsp;di ricordare il giorno dell\u2019uscita dall\u2019Egitto \u00e8 simile a quella di ricordare il giorno del sabato. Infatti ci sono altri passi nella Tor\u00e0 che appaiono pi\u00f9 appropriati per insegnare l\u2019obbligo di raccontare dell\u2019uscita dall\u2019Egitto durante la notte del&nbsp;<\/span><span class=\"s1\">s\u00e8der&nbsp;<\/span><span class=\"s2\">di&nbsp;<\/span><span class=\"s1\">P\u00e8sach<\/span><span class=\"s2\">.<\/span><\/p>\n<p class=\"p1\" style=\"margin-bottom: 0px; font-stretch: normal; line-height: normal;\"><span class=\"s2\">Inoltre, dalla&nbsp;<\/span><span class=\"s1\">Mishn\u00e0<\/span><span class=\"s2\">&nbsp;(<\/span><span class=\"s1\">Berakh\u00f2t,<\/span><span class=\"s2\">1:5) impariamo che vi \u00e8 l\u2019obbligo di ricordare l\u2019uscita dall\u2019Egitto \u201cOgni giorno della tua vita\u201d (<\/span><span class=\"s1\">Devar\u00ecm,<\/span><span class=\"s2\">&nbsp;16:3). Infatti nella lettura quotidiana dello&nbsp;<\/span><span class=\"s1\">Shem\u00e0\u2019<\/span><span class=\"s2\">, recitiamo il passo sulla&nbsp;<\/span><span class=\"s1\">mitzv\u00e0<\/span><span class=\"s2\">&nbsp;&nbsp;degli<\/span><span class=\"s1\">tzitz\u00ect<\/span><span class=\"s2\">&nbsp;dove \u00e8 scritto \u201cIo sono l\u2019Eterno vostro Dio che ti ha fatto uscire dalla terra d\u2019Egitto\u201d (<\/span><span class=\"s1\">Bemidb\u00e0r<\/span><span class=\"s2\">, 15:37-41). Perch\u00e9 non si soddisfa la&nbsp;<\/span><span class=\"s1\">mitzv\u00e0&nbsp;<\/span><span class=\"s2\">recitando lo<\/span><span class=\"s1\">&nbsp;Shem\u00e0\u2019<\/span><span class=\"s2\">&nbsp;e si deve leggere la&nbsp;<\/span><span class=\"s1\">Haggad\u00e0<\/span><span class=\"s2\">?<\/span><\/p>\n<p class=\"p1\" style=\"margin-bottom: 0px; font-stretch: normal; line-height: normal;\"><span class=\"s3\">R. Asher Weiss&nbsp;<\/span><span class=\"s2\">(Brooklyn, 1953-) di Gerusalemme in una lezione online del 30 marzo ha spiegato che vi sono tre differenze tra la&nbsp;<\/span><span class=\"s1\">mitzv\u00e0<\/span><span class=\"s2\">&nbsp;quotidiana di ricordare l\u2019uscita dall\u2019Egitto e quella di raccontare dell\u2019uscita dall\u2019Egitto la notte di&nbsp;<\/span><span class=\"s1\">P\u00e8sach<\/span><span class=\"s2\">: 1) La&nbsp;<\/span><span class=\"s1\">mitzv\u00e0<\/span><span class=\"s2\">&nbsp;di ogni giorno \u00e8 di<\/span><span class=\"s1\">&nbsp;ricordare<\/span><span class=\"s2\">&nbsp;l\u2019uscita dall\u2019Egitto. Nella notte di&nbsp;<\/span><span class=\"s1\">P\u00e8sach&nbsp;<\/span><span class=\"s2\">la&nbsp;<\/span><span class=\"s1\">mitzv\u00e0 &nbsp;<\/span><span class=\"s2\">non \u00e8 di ricordare ma di&nbsp;<\/span><span class=\"s1\">raccontare<\/span><span class=\"s2\">&nbsp;i miracoli che l\u2019Eterno ha fatto per farci uscire dall\u2019Egitto sottolineando che non ci siamo liberati in modo naturale.<\/span><span class=\"s1\">&nbsp;<\/span><span class=\"s2\">2) La&nbsp;<\/span><span class=\"s1\">mitzv\u00e0&nbsp;<\/span><span class=\"s2\">di ricordare l\u2019uscita dall\u2019Egitto ricorre ogni giorno, mentre durante il s\u00e8der di P\u00e8sach bisogna raccontare che in questo giorno del 15 di Niss\u00e0n siamo usciti dall\u2019Egitto. In modo simile \u00e8 mitzv\u00e0 ricordare lo Shabb\u00e0t come \u00e8 scritto \u201cRicorda il giorno del sabato\u201d. E di&nbsp;<\/span><span class=\"s1\">Shabb\u00e0t<\/span><span class=\"s2\">&nbsp;quando facciamo il&nbsp;<\/span><span class=\"s1\">kidd\u00f9sh<\/span><span class=\"s2\">&nbsp;\u00e8&nbsp;<\/span><span class=\"s1\">mitzv\u00e0&nbsp;<\/span><span class=\"s2\">dire che questo \u00e8&nbsp;<\/span><span class=\"s1\">Shabb\u00e0t<\/span><span class=\"s2\">&nbsp;perch\u00e9 in questo giorno l\u2019Eterno ha cessato l\u2019opera della creazione. 3) Per ricordare \u00e8 sufficiente recitare il passo dell\u2019uscita dall\u2019Egitto e non \u00e8 necessario farlo a voce alta. Durante il&nbsp;<\/span><span class=\"s1\">s\u00e8der&nbsp;<\/span><span class=\"s2\">di&nbsp;<\/span><span class=\"s1\">P\u00e8sach<\/span><span class=\"s2\">&nbsp;bisogna invece raccontare dell\u2019uscita dall\u2019Egitto e bisogna farlo in modo che chi parla senta quello che dice anche se fa il&nbsp;<\/span><span class=\"s1\">s\u00e8der<\/span><span class=\"s2\">&nbsp;di&nbsp;<\/span><span class=\"s1\">P\u00e8sach&nbsp;<\/span><span class=\"s2\">da solo.<\/span><\/p>\n<p class=\"p1\" style=\"margin-bottom: 0px; font-stretch: normal; line-height: normal;\"><span class=\"s2\">R. Weiss ha aggiunto che l\u2019obbligo di recitare lo&nbsp;<\/span><span class=\"s1\">Shem\u00e0\u2019&nbsp;<\/span><span class=\"s2\">ogni giorno con il passo nel quale si ricorda l\u2019uscita dall\u2019Egitto fa parte della<\/span><span class=\"s1\">&nbsp;mitzv\u00e0<\/span><span class=\"s2\">&nbsp;di \u201csottomettersi al regno del cielo\u201d, cio\u00e8 di riconoscere la presenza divina. Leggendo questo passo non si soddisfa l\u2019obbligo del racconto dell\u2019uscita dall\u2019Egitto.<\/span><\/p>\n<p class=\"p1\" style=\"margin-bottom: 0px; font-stretch: normal; line-height: normal;\"><span class=\"s2\">La<\/span><span class=\"s1\">&nbsp;mitzv\u00e0&nbsp;<\/span><span class=\"s2\">di raccontare i \u201cI miracoli e i portenti\u201d dell\u2019Eterno per fare uscire il nostro popolo dall\u2019Egitto assomiglia a quella di ringraziare l\u2019Eterno per i miracoli dei quali beneficiamo nella nostra vita quotidiana, come quelli menzionati nei&nbsp;<\/span><span class=\"s1\">Tehill\u00ecm<\/span><span class=\"s2\">&nbsp;(Salmi, 107) dove l\u2019obbligo di ringraziare \u00e8 menzionato riguardo a coloro che sono guariti da una malattia, ai marinai, ai carovanieri e a coloro che sono stati liberati dalla prigione. La festa di ringraziamento che costoro facevano e nella quale raccontavano del bene che l\u2019Eterno aveva fatto loro, era un ringraziamento individuale. Nella sera di&nbsp;<\/span><span class=\"s1\">P\u00e8sach<\/span><span class=\"s2\">&nbsp;il ringraziamento e il racconto dei miracoli \u00e8 invece collettivo di tutto Israele per la liberazione del popolo dalla schiavit\u00f9 d\u2019Egitto.<\/span><\/p>\n<p class=\"p1\" style=\"margin-bottom: 0px; font-stretch: normal; line-height: normal;\"><span class=\"s2\">Quando esisteva il&nbsp;<\/span><span class=\"s1\">Bet Ha-Mikd\u00e0sh&nbsp;<\/span><span class=\"s2\">vi era la&nbsp;<\/span><span class=\"s1\">mitzv\u00e0<\/span><span class=\"s2\">&nbsp;di portare un agnello come sacrificio e di consumarlo a Gerusalemme durante la sera del&nbsp;<\/span><span class=\"s1\">s\u00e8der&nbsp;<\/span><span class=\"s2\">di&nbsp;<\/span><span class=\"s1\">P\u00e8sach<\/span><span class=\"s2\">&nbsp;insieme con la&nbsp;<\/span><span class=\"s1\">matz\u00e0<\/span><span class=\"s2\">&nbsp;e il&nbsp;<\/span><span class=\"s1\">mar\u00f2r<\/span><span class=\"s2\">. Al giorno d\u2019oggi durante il&nbsp;<\/span><span class=\"s1\">s\u00e8der<\/span><span class=\"s2\">&nbsp;di&nbsp;<\/span><span class=\"s1\">P\u00e8sach&nbsp;<\/span><span class=\"s2\">abbiamo &nbsp;le&nbsp;<\/span><span class=\"s1\">mitzv\u00f2t&nbsp;<\/span><span class=\"s2\">di mangiare<\/span><span class=\"s1\">&nbsp;matz\u00e0<\/span><span class=\"s2\">&nbsp;e&nbsp;<\/span><span class=\"s1\">mar\u00f2r<\/span><span class=\"s2\">&nbsp;&nbsp;e quella di raccontare dei miracoli dell\u2019uscita dall\u2019Egitto, leggendo il testo della&nbsp;<\/span><span class=\"s1\">haggad\u00e0. &nbsp;<\/span><span class=\"s2\">Non avendo il&nbsp;<\/span><span class=\"s1\">Bet Ha-Mikd\u00e0sh<\/span><span class=\"s2\">, non abbiamo pi\u00f9 la&nbsp;<\/span><span class=\"s1\">mitzv\u00e0<\/span><span class=\"s2\">&nbsp;di portare l\u2019agnello. &nbsp;<\/span><\/p>\n<p class=\"p1\" style=\"margin-bottom: 0px; font-stretch: normal; line-height: normal;\"><span class=\"s2\">Il&nbsp;<\/span><span class=\"s3\">Maimonide&nbsp;<\/span><span class=\"s2\">nella Guida dei Perplessi, offre delle spiegazioni ai motivi della&nbsp;<\/span><span class=\"s1\">mitzv\u00e0<\/span><span class=\"s2\">&nbsp;del<\/span><span class=\"s1\">&nbsp;korb\u00e0n p\u00e8sach,<\/span><span class=\"s2\">&nbsp;in un capitolo (III:46) nel quale tratta dei sacrifici. &nbsp;Egli scrive che gli egiziani adoravano il segno zodiacale dell\u2019ariete e pertanto proibivano la macellazione degli ovini e aborrivano i pastori. Inoltre vi erano alcune sette che adoravano le capre e quindi ne proibivano la macellazione e la maggior parte degli idolatri proibiva la macellazione dei bovini \u201ccome fanno gli indiani fino ai nostri giorni\u201d. Pertanto al fine di eliminare le tracce di queste errate opinioni la Tor\u00e0 ci ha ordinato di offrire solo sacrifici di queste tre specie di quadrupedi. Cos\u00ec un\u2019azione considerata [dagli idolatri] un atto di estrema disobbedienza [un sacrilegio], divenne per noi un modo per avvicinarsi a Dio e per chiedere perdono per i nostri peccati. &nbsp;<\/span><\/p>\n<p class=\"p1\" style=\"margin-bottom: 0px; font-stretch: normal; line-height: normal;\"><span class=\"s2\">Prima dell\u2019uscita dall\u2019Egitto ci fu data la&nbsp;<\/span><span class=\"s1\">mitzv\u00e0<\/span><span class=\"s2\">&nbsp;di fare la&nbsp;<\/span><span class=\"s1\">shechit\u00e0<\/span><span class=\"s2\">&nbsp;all\u2019agnello di&nbsp;<\/span><span class=\"s1\">P\u00e8sach&nbsp;<\/span><span class=\"s2\">e di aspergere &nbsp;il suo sangue al di fuori delle porte per rendere manifesto il nostro rigetto di queste opinioni &nbsp;e per diffondere l\u2019opinione che un\u2019azione considerata distruttiva dagli egiziani, era invece un atto che salva dalla distruzione. Per questo \u00e8 scritto nella Tor\u00e0: \u201cQuando l\u2019Eterno passer\u00e0 per colpire gli egiziani scorgendo il sangue sull\u2019architrave e sui due stipiti, passer\u00e0 oltre la porta e non permetter\u00e0 al flagellatore di entrare nelle vostre case per colpire\u201d (<\/span><span class=\"s1\">Shem\u00f2t<\/span><span class=\"s2\">, 12:23).<\/span><\/p>\n<p class=\"p1\" style=\"margin-bottom: 0px; font-stretch: normal; line-height: normal;\"><span class=\"s2\">La&nbsp;<\/span><span class=\"s1\">mishn\u00e0<\/span><span class=\"s2\">&nbsp;nel trattato&nbsp;<\/span><span class=\"s1\">Zevach\u00ecm&nbsp;<\/span><span class=\"s2\">(5:6) insegna che il&nbsp;<\/span><span class=\"s1\">Korb\u00e0n P\u00e8sach&nbsp;<\/span><span class=\"s2\">non va mangiato altro che di notte e fino a mezzanotte, e solo dalle persone in determinato numero, che si erano prenotate prima, ed arrostito esclusivamente sul fuoco.<\/span><\/p>\n<p class=\"p1\" style=\"margin-bottom: 0px; font-stretch: normal; line-height: normal;\"><span class=\"s2\">Il Maimonide nella Guida dei Perplessi afferma che l\u2019agnello di&nbsp;<\/span><span class=\"s1\">P\u00e8sach<\/span><span class=\"s2\">&nbsp;doveva essere consumato solo arrostito allo spiedo, in una sola casa e senza romperne le ossa. Questo perch\u00e9 come si mangiava pane azzimo per affrettarsi, cos\u00ec pure l\u2019arrostimento dell\u2019agnello era dovuto alla fretta, come \u00e8 scritto \u201cLo mangerete in fretta\u201d (<\/span><span class=\"s1\">Shem\u00f2t<\/span><span class=\"s2\">, 12:11). &nbsp;La fretta non permetteva di perdere tempo per rompere le ossa o per mandare parti di esse da una casa all\u2019altra e attendere che il messaggero ritornasse. La fretta era necessaria per impedire che qualcuno si attardasse e uscisse dall\u2019Egitto da solo esponendosi ai pericoli. Queste circostanze furono cos\u00ec perpetuate per commemorare l\u2019evento cos\u00ec come avvenne. Per questo nella Tor\u00e0 \u00e8 scritto \u201cE osserverete questo decreto al tempo stabilito di anno in anno\u201d (<\/span><span class=\"s1\">Shem\u00f2t<\/span><span class=\"s2\">, 13:10). La&nbsp;<\/span><span class=\"s1\">mitzv\u00e0&nbsp;<\/span><span class=\"s2\">che l\u2019agnello di&nbsp;<\/span><span class=\"s1\">P\u00e8sach&nbsp;<\/span><span class=\"s2\">potesse essere consumato solo da coloro che si erano prenotati &nbsp;per fare parte del gruppo aveva lo scopo di far s\u00ec che ci si occupasse della cosa fin dall\u2019inizio e di impedire di dipendere da altri.<\/span><\/p>\n<p class=\"p1\" style=\"margin-bottom: 0px; font-stretch: normal; line-height: normal;\"><span class=\"s2\">Nel&nbsp;<\/span><span class=\"s1\">Mishn\u00e8 Tor\u00e0&nbsp;<\/span><span class=\"s2\">il Maimonide aggiunge che per soddisfare l\u2019obbligo di raccontare durante la sera del&nbsp;<\/span><span class=\"s1\">s\u00e8der<\/span><span class=\"s2\">bisogna leggere i passi che trattano del&nbsp;<\/span><span class=\"s1\">Korb\u00e0n P\u00e8sach<\/span><span class=\"s2\">, della&nbsp;<\/span><span class=\"s1\">matz\u00e0&nbsp;<\/span><span class=\"s2\">e del&nbsp;<\/span><span class=\"s1\">mar\u00f2r<\/span><span class=\"s2\">. &nbsp;E inoltre in ogni generazione \u00e8 nostro obbligo mostrare come se noi stessi fossimo usciti ora dalla schiavit\u00f9 d\u2019Egitto. Pertanto bisogna mangiare come fanno gli uomini liberi e bere quattro bicchieri di vino.<\/span><\/p>\n<p class=\"p1\" style=\"margin-bottom: 0px; font-stretch: normal; line-height: normal;\"><span class=\"s3\">R. Ya\u2019akov ben Asher&nbsp;<\/span><span class=\"s2\">( Colonia, 1269-1343, Toledo) nel suo commento&nbsp;<\/span><span class=\"s1\">Ba\u2019al Hatur\u00ecm &nbsp;<\/span><span class=\"s2\">alla Tor\u00e0 riferendosi al versetto \u201cE mangeranno la carne in questa notte, arrostito al fuoco, e lo mangerete con<\/span><span class=\"s1\">&nbsp;matz\u00e0<\/span><span class=\"s2\">&nbsp;e&nbsp;<\/span><span class=\"s1\">mar\u00f2r<\/span><span class=\"s2\">\u201d (<\/span><span class=\"s1\">Shem\u00f2t<\/span><span class=\"s2\">, 12:8) scrive: \u201cLa parola&nbsp;<\/span><span class=\"s1\">mangeranno &nbsp;<\/span><span class=\"s2\">appare quattro volte nel&nbsp;<\/span><span class=\"s1\">Tan\u00e0kh<\/span><span class=\"s2\">. Due volte riguardo a&nbsp;<\/span><span class=\"s1\">P\u00e8sach<\/span><span class=\"s2\">&nbsp;(qui e in Bemidb\u00e0r, 9:11) e una terza volta riguardo ad Aharon, (<\/span><span class=\"s1\">Vaykr\u00e0<\/span><span class=\"s2\">, 8:31-33) per il sacrificio portato in occasione dell\u2019investitura dei&nbsp;<\/span><span class=\"s1\">kohan\u00ecm<\/span><span class=\"s2\">&nbsp;durante l\u2019inaugurazione del&nbsp;<\/span><span class=\"s1\">Mishk\u00e0n.&nbsp;<\/span><span class=\"s2\">In quell\u2019occasione &nbsp;fu detto loro \u00abArahon e i suoi figli lo mangeranno\u00bb e anche di \u00abnon uscire\u00bb per una settimana dal&nbsp;<\/span><span class=\"s1\">Mishk\u00e0n<\/span><span class=\"s2\">. &nbsp;Prima dell\u2019uscita dall\u2019Egitto fu detto agli israeliti di \u00abnon uscire\u00bb dalle proprie case (<\/span><span class=\"s1\">Shem\u00f2t<\/span><span class=\"s2\">, 12:22). La quarta volta che l\u2019espressione&nbsp;<\/span><span class=\"s1\">mangeranno<\/span><span class=\"s2\">&nbsp;appare nel&nbsp;<\/span><span class=\"s1\">Tan\u00e0kh<\/span><span class=\"s2\">&nbsp;\u00e8 nel profeta&nbsp;<\/span><span class=\"s1\">Yesha\u2019y\u00e0&nbsp;<\/span><span class=\"s2\">(Isaia, 62:8-12) che tratta della redenzione finale del popolo d\u2019Israele, dove \u00e8 scritto:<\/span><\/p>\n<p class=\"p1\" style=\"margin-bottom: 0px; font-stretch: normal; line-height: normal;\"><span class=\"s2\">&nbsp;<\/span><\/p>\n<p class=\"p2\" style=\"margin-bottom: 0px; margin-left: 36px; font-stretch: normal; line-height: normal;\"><span class=\"s2\">L\u2019Eterno l\u2019ha giurato per la sua destra e pel suo braccio potente: Io non dar\u00f2 mai pi\u00f9 il tuo frumento per cibo ai tuoi nemici; e i figli dello straniero non berranno pi\u00f9 il tuo vino, frutto delle tue fatiche; ma quelli che avranno raccolto il frumento lo&nbsp;<\/span><span class=\"s1\">mangeranno&nbsp;<\/span><span class=\"s2\">e loderanno l\u2019Eterno, e quelli che avranno vendemmiato berranno il vino nei cortili del mio santuario. Passate, passate per le porte! Preparate la via per il popolo! Acconciate, acconciate la strada, toglietene le pietre, alzate una bandiera dinanzi ai popoli! Ecco, l\u2019Eterno proclama fino agli estremi confini della terra: \u201cDite alla figliuola di Sion: Ecco, la tua salvezza giunge; ecco egli ha seco il suo salario, e la sua retribuzione lo precede\u201d. Quelli saranno chiamati \u201cIl popolo santo\u201d, \u201cI redenti dell\u2019Eterno\u201d, e tu sarai chiamata \u201cRicercata\u201d, \u201cLa citt\u00e0 non abbandonata\u201d.<\/span><\/p>\n<p class=\"p1\" style=\"margin-bottom: 0px; font-stretch: normal; line-height: normal;\"><span class=\"s2\">&nbsp;<\/span><\/p>\n<p class=\"p1\" style=\"margin-bottom: 0px; font-stretch: normal; line-height: normal;\"><span class=\"s2\">R. Ya\u2019akov ben Asher conclude: \u201cQuesto stabilisce un parallelismo tra la &nbsp;redenzione finale e quella di&nbsp;<\/span><span class=\"s1\">P\u00e8sach<\/span><span class=\"s2\">\u201d. Cosi come a&nbsp;<\/span><span class=\"s1\">P\u00e8sach<\/span><span class=\"s2\">&nbsp;in Egitto gli israeliti rimasero chiusi in casa, anche nella redenzione finale il popolo d\u2019Israele sar\u00e0 chiuso in casa! &nbsp;<\/span><\/p>\n<p class=\"p1\" style=\"margin-bottom: 0px; font-stretch: normal; line-height: normal;\"><span class=\"s2\">Auguriamoci che questo<\/span><span class=\"s1\">&nbsp;P\u00e8sach&nbsp;<\/span><span class=\"s2\">quando saremo costretti a rimanere in casa a causa del virus sia l\u2019occasione per la redenzione del popolo d\u2019Israele.<\/span><\/p>\n<p class=\"p1\" style=\"margin-bottom: 0px; font-stretch: normal; line-height: normal;\"><span class=\"s2\">&nbsp;<\/span><\/p>\n","protected":false},"excerpt":{"rendered":"<p>Nel&nbsp;Mishn\u00e8 Tor\u00e0&nbsp;(Hilkh\u00f2t Zeman\u00ecm, 7:1) Il&nbsp;Maimonide&nbsp;(Cordova, 1138-1204, Il Cairo) scrive: \u201c\u00c8 una&nbsp;mitzv\u00e0&nbsp;prescrittiva della Tor\u00e0 raccontare i miracoli e i portenti che furono fatti ai nostri antenati in Egitto nella notte del 15 di&nbsp;Niss\u00e0n, come \u00e8 detto: \u201cRicorda questo giorno nel quale siete usciti dall\u2019Egitto\u201d (Shem\u00f2t, 13:3) cosi come \u00e8 detto \u00abRicorda il giorno del sabato\u00bb (Shem\u00f2t,&nbsp;20:8). [&hellip;]<\/p>\n","protected":false},"author":39,"featured_media":13192,"comment_status":"open","ping_status":"open","sticky":false,"template":"","format":"standard","meta":{"_acf_changed":false,"_jetpack_memberships_contains_paid_content":false,"footnotes":""},"categories":[3],"tags":[],"class_list":["post-13191","post","type-post","status-publish","format-standard","has-post-thumbnail","hentry","category-italia"],"acf":[],"yoast_head":"<!-- This site is optimized with the Yoast SEO plugin v26.9 - https:\/\/yoast.com\/product\/yoast-seo-wordpress\/ -->\n<title>Significati e spiegazioni della festa di P\u00e8sach - Shalom<\/title>\n<meta name=\"robots\" content=\"index, follow, max-snippet:-1, max-image-preview:large, max-video-preview:-1\" \/>\n<link rel=\"canonical\" href=\"https:\/\/www.shalom.it\/italia\/significati-e-spiegazioni-della-festa-di-pa-sach-b809851\/\" \/>\n<meta property=\"og:locale\" content=\"it_IT\" \/>\n<meta property=\"og:type\" content=\"article\" \/>\n<meta property=\"og:title\" content=\"Significati e spiegazioni della festa di P\u00e8sach - Shalom\" \/>\n<meta property=\"og:description\" content=\"Nel&nbsp;Mishn\u00e8 Tor\u00e0&nbsp;(Hilkh\u00f2t Zeman\u00ecm, 7:1) Il&nbsp;Maimonide&nbsp;(Cordova, 1138-1204, Il Cairo) scrive: \u201c\u00c8 una&nbsp;mitzv\u00e0&nbsp;prescrittiva della Tor\u00e0 raccontare i miracoli e i portenti che furono fatti ai nostri antenati in Egitto nella notte del 15 di&nbsp;Niss\u00e0n, come \u00e8 detto: \u201cRicorda questo giorno nel quale siete usciti dall\u2019Egitto\u201d (Shem\u00f2t, 13:3) cosi come \u00e8 detto \u00abRicorda il giorno del sabato\u00bb (Shem\u00f2t,&nbsp;20:8). [&hellip;]\" \/>\n<meta property=\"og:url\" content=\"https:\/\/www.shalom.it\/italia\/significati-e-spiegazioni-della-festa-di-pa-sach-b809851\/\" \/>\n<meta property=\"og:site_name\" content=\"Shalom\" \/>\n<meta property=\"article:published_time\" content=\"2020-04-07T22:00:00+00:00\" \/>\n<meta property=\"article:modified_time\" content=\"2024-05-30T22:24:01+00:00\" \/>\n<meta property=\"og:image\" content=\"https:\/\/www.shalom.it\/wp-content\/uploads\/2021\/08\/338671B7-C070-4B5A-9F04-55347618AF68.jpeg\" \/>\n\t<meta property=\"og:image:width\" content=\"2048\" \/>\n\t<meta property=\"og:image:height\" content=\"1365\" \/>\n\t<meta property=\"og:image:type\" content=\"image\/jpeg\" \/>\n<meta name=\"author\" content=\"donatogrosser\" \/>\n<meta name=\"twitter:card\" content=\"summary_large_image\" \/>\n<meta name=\"twitter:label1\" content=\"Scritto da\" \/>\n\t<meta name=\"twitter:data1\" content=\"donatogrosser\" \/>\n\t<meta name=\"twitter:label2\" content=\"Tempo di lettura stimato\" \/>\n\t<meta name=\"twitter:data2\" content=\"9 minuti\" \/>\n<script type=\"application\/ld+json\" class=\"yoast-schema-graph\">{\"@context\":\"https:\/\/schema.org\",\"@graph\":[{\"@type\":\"Article\",\"@id\":\"https:\/\/www.shalom.it\/italia\/significati-e-spiegazioni-della-festa-di-pa-sach-b809851\/#article\",\"isPartOf\":{\"@id\":\"https:\/\/www.shalom.it\/italia\/significati-e-spiegazioni-della-festa-di-pa-sach-b809851\/\"},\"author\":{\"name\":\"donatogrosser\",\"@id\":\"https:\/\/www.shalom.it\/#\/schema\/person\/c71ef3000eb80798cdee319b0e8126de\"},\"headline\":\"Significati e spiegazioni della festa di P\u00e8sach\",\"datePublished\":\"2020-04-07T22:00:00+00:00\",\"dateModified\":\"2024-05-30T22:24:01+00:00\",\"mainEntityOfPage\":{\"@id\":\"https:\/\/www.shalom.it\/italia\/significati-e-spiegazioni-della-festa-di-pa-sach-b809851\/\"},\"wordCount\":1851,\"commentCount\":0,\"image\":{\"@id\":\"https:\/\/www.shalom.it\/italia\/significati-e-spiegazioni-della-festa-di-pa-sach-b809851\/#primaryimage\"},\"thumbnailUrl\":\"https:\/\/www.shalom.it\/wp-content\/uploads\/2021\/08\/338671B7-C070-4B5A-9F04-55347618AF68.jpeg\",\"articleSection\":[\"ITALIA\"],\"inLanguage\":\"it-IT\"},{\"@type\":\"WebPage\",\"@id\":\"https:\/\/www.shalom.it\/italia\/significati-e-spiegazioni-della-festa-di-pa-sach-b809851\/\",\"url\":\"https:\/\/www.shalom.it\/italia\/significati-e-spiegazioni-della-festa-di-pa-sach-b809851\/\",\"name\":\"Significati e spiegazioni della festa di P\u00e8sach - Shalom\",\"isPartOf\":{\"@id\":\"https:\/\/www.shalom.it\/#website\"},\"primaryImageOfPage\":{\"@id\":\"https:\/\/www.shalom.it\/italia\/significati-e-spiegazioni-della-festa-di-pa-sach-b809851\/#primaryimage\"},\"image\":{\"@id\":\"https:\/\/www.shalom.it\/italia\/significati-e-spiegazioni-della-festa-di-pa-sach-b809851\/#primaryimage\"},\"thumbnailUrl\":\"https:\/\/www.shalom.it\/wp-content\/uploads\/2021\/08\/338671B7-C070-4B5A-9F04-55347618AF68.jpeg\",\"datePublished\":\"2020-04-07T22:00:00+00:00\",\"dateModified\":\"2024-05-30T22:24:01+00:00\",\"author\":{\"@id\":\"https:\/\/www.shalom.it\/#\/schema\/person\/c71ef3000eb80798cdee319b0e8126de\"},\"breadcrumb\":{\"@id\":\"https:\/\/www.shalom.it\/italia\/significati-e-spiegazioni-della-festa-di-pa-sach-b809851\/#breadcrumb\"},\"inLanguage\":\"it-IT\",\"potentialAction\":[{\"@type\":\"ReadAction\",\"target\":[\"https:\/\/www.shalom.it\/italia\/significati-e-spiegazioni-della-festa-di-pa-sach-b809851\/\"]}]},{\"@type\":\"ImageObject\",\"inLanguage\":\"it-IT\",\"@id\":\"https:\/\/www.shalom.it\/italia\/significati-e-spiegazioni-della-festa-di-pa-sach-b809851\/#primaryimage\",\"url\":\"https:\/\/www.shalom.it\/wp-content\/uploads\/2021\/08\/338671B7-C070-4B5A-9F04-55347618AF68.jpeg\",\"contentUrl\":\"https:\/\/www.shalom.it\/wp-content\/uploads\/2021\/08\/338671B7-C070-4B5A-9F04-55347618AF68.jpeg\",\"width\":2048,\"height\":1365},{\"@type\":\"BreadcrumbList\",\"@id\":\"https:\/\/www.shalom.it\/italia\/significati-e-spiegazioni-della-festa-di-pa-sach-b809851\/#breadcrumb\",\"itemListElement\":[{\"@type\":\"ListItem\",\"position\":1,\"name\":\"Home\",\"item\":\"https:\/\/www.shalom.it\/\"},{\"@type\":\"ListItem\",\"position\":2,\"name\":\"Significati e spiegazioni della festa di P\u00e8sach\"}]},{\"@type\":\"WebSite\",\"@id\":\"https:\/\/www.shalom.it\/#website\",\"url\":\"https:\/\/www.shalom.it\/\",\"name\":\"Shalom\",\"description\":\"Il Magazine della comunit\u00e0 ebraica di Roma\",\"potentialAction\":[{\"@type\":\"SearchAction\",\"target\":{\"@type\":\"EntryPoint\",\"urlTemplate\":\"https:\/\/www.shalom.it\/?s={search_term_string}\"},\"query-input\":{\"@type\":\"PropertyValueSpecification\",\"valueRequired\":true,\"valueName\":\"search_term_string\"}}],\"inLanguage\":\"it-IT\"},{\"@type\":\"Person\",\"@id\":\"https:\/\/www.shalom.it\/#\/schema\/person\/c71ef3000eb80798cdee319b0e8126de\",\"name\":\"donatogrosser\",\"url\":\"https:\/\/www.shalom.it\/author\/donatogrosser\/\"}]}<\/script>\n<!-- \/ Yoast SEO plugin. -->","yoast_head_json":{"title":"Significati e spiegazioni della festa di P\u00e8sach - Shalom","robots":{"index":"index","follow":"follow","max-snippet":"max-snippet:-1","max-image-preview":"max-image-preview:large","max-video-preview":"max-video-preview:-1"},"canonical":"https:\/\/www.shalom.it\/italia\/significati-e-spiegazioni-della-festa-di-pa-sach-b809851\/","og_locale":"it_IT","og_type":"article","og_title":"Significati e spiegazioni della festa di P\u00e8sach - Shalom","og_description":"Nel&nbsp;Mishn\u00e8 Tor\u00e0&nbsp;(Hilkh\u00f2t Zeman\u00ecm, 7:1) Il&nbsp;Maimonide&nbsp;(Cordova, 1138-1204, Il Cairo) scrive: \u201c\u00c8 una&nbsp;mitzv\u00e0&nbsp;prescrittiva della Tor\u00e0 raccontare i miracoli e i portenti che furono fatti ai nostri antenati in Egitto nella notte del 15 di&nbsp;Niss\u00e0n, come \u00e8 detto: \u201cRicorda questo giorno nel quale siete usciti dall\u2019Egitto\u201d (Shem\u00f2t, 13:3) cosi come \u00e8 detto \u00abRicorda il giorno del sabato\u00bb (Shem\u00f2t,&nbsp;20:8). [&hellip;]","og_url":"https:\/\/www.shalom.it\/italia\/significati-e-spiegazioni-della-festa-di-pa-sach-b809851\/","og_site_name":"Shalom","article_published_time":"2020-04-07T22:00:00+00:00","article_modified_time":"2024-05-30T22:24:01+00:00","og_image":[{"width":2048,"height":1365,"url":"https:\/\/www.shalom.it\/wp-content\/uploads\/2021\/08\/338671B7-C070-4B5A-9F04-55347618AF68.jpeg","type":"image\/jpeg"}],"author":"donatogrosser","twitter_card":"summary_large_image","twitter_misc":{"Scritto da":"donatogrosser","Tempo di lettura stimato":"9 minuti"},"schema":{"@context":"https:\/\/schema.org","@graph":[{"@type":"Article","@id":"https:\/\/www.shalom.it\/italia\/significati-e-spiegazioni-della-festa-di-pa-sach-b809851\/#article","isPartOf":{"@id":"https:\/\/www.shalom.it\/italia\/significati-e-spiegazioni-della-festa-di-pa-sach-b809851\/"},"author":{"name":"donatogrosser","@id":"https:\/\/www.shalom.it\/#\/schema\/person\/c71ef3000eb80798cdee319b0e8126de"},"headline":"Significati e spiegazioni della festa di P\u00e8sach","datePublished":"2020-04-07T22:00:00+00:00","dateModified":"2024-05-30T22:24:01+00:00","mainEntityOfPage":{"@id":"https:\/\/www.shalom.it\/italia\/significati-e-spiegazioni-della-festa-di-pa-sach-b809851\/"},"wordCount":1851,"commentCount":0,"image":{"@id":"https:\/\/www.shalom.it\/italia\/significati-e-spiegazioni-della-festa-di-pa-sach-b809851\/#primaryimage"},"thumbnailUrl":"https:\/\/www.shalom.it\/wp-content\/uploads\/2021\/08\/338671B7-C070-4B5A-9F04-55347618AF68.jpeg","articleSection":["ITALIA"],"inLanguage":"it-IT"},{"@type":"WebPage","@id":"https:\/\/www.shalom.it\/italia\/significati-e-spiegazioni-della-festa-di-pa-sach-b809851\/","url":"https:\/\/www.shalom.it\/italia\/significati-e-spiegazioni-della-festa-di-pa-sach-b809851\/","name":"Significati e spiegazioni della festa di P\u00e8sach - Shalom","isPartOf":{"@id":"https:\/\/www.shalom.it\/#website"},"primaryImageOfPage":{"@id":"https:\/\/www.shalom.it\/italia\/significati-e-spiegazioni-della-festa-di-pa-sach-b809851\/#primaryimage"},"image":{"@id":"https:\/\/www.shalom.it\/italia\/significati-e-spiegazioni-della-festa-di-pa-sach-b809851\/#primaryimage"},"thumbnailUrl":"https:\/\/www.shalom.it\/wp-content\/uploads\/2021\/08\/338671B7-C070-4B5A-9F04-55347618AF68.jpeg","datePublished":"2020-04-07T22:00:00+00:00","dateModified":"2024-05-30T22:24:01+00:00","author":{"@id":"https:\/\/www.shalom.it\/#\/schema\/person\/c71ef3000eb80798cdee319b0e8126de"},"breadcrumb":{"@id":"https:\/\/www.shalom.it\/italia\/significati-e-spiegazioni-della-festa-di-pa-sach-b809851\/#breadcrumb"},"inLanguage":"it-IT","potentialAction":[{"@type":"ReadAction","target":["https:\/\/www.shalom.it\/italia\/significati-e-spiegazioni-della-festa-di-pa-sach-b809851\/"]}]},{"@type":"ImageObject","inLanguage":"it-IT","@id":"https:\/\/www.shalom.it\/italia\/significati-e-spiegazioni-della-festa-di-pa-sach-b809851\/#primaryimage","url":"https:\/\/www.shalom.it\/wp-content\/uploads\/2021\/08\/338671B7-C070-4B5A-9F04-55347618AF68.jpeg","contentUrl":"https:\/\/www.shalom.it\/wp-content\/uploads\/2021\/08\/338671B7-C070-4B5A-9F04-55347618AF68.jpeg","width":2048,"height":1365},{"@type":"BreadcrumbList","@id":"https:\/\/www.shalom.it\/italia\/significati-e-spiegazioni-della-festa-di-pa-sach-b809851\/#breadcrumb","itemListElement":[{"@type":"ListItem","position":1,"name":"Home","item":"https:\/\/www.shalom.it\/"},{"@type":"ListItem","position":2,"name":"Significati e spiegazioni della festa di P\u00e8sach"}]},{"@type":"WebSite","@id":"https:\/\/www.shalom.it\/#website","url":"https:\/\/www.shalom.it\/","name":"Shalom","description":"Il Magazine della comunit\u00e0 ebraica di Roma","potentialAction":[{"@type":"SearchAction","target":{"@type":"EntryPoint","urlTemplate":"https:\/\/www.shalom.it\/?s={search_term_string}"},"query-input":{"@type":"PropertyValueSpecification","valueRequired":true,"valueName":"search_term_string"}}],"inLanguage":"it-IT"},{"@type":"Person","@id":"https:\/\/www.shalom.it\/#\/schema\/person\/c71ef3000eb80798cdee319b0e8126de","name":"donatogrosser","url":"https:\/\/www.shalom.it\/author\/donatogrosser\/"}]}},"jetpack_featured_media_url":"https:\/\/www.shalom.it\/wp-content\/uploads\/2021\/08\/338671B7-C070-4B5A-9F04-55347618AF68.jpeg","jetpack_sharing_enabled":true,"_links":{"self":[{"href":"https:\/\/www.shalom.it\/wp-json\/wp\/v2\/posts\/13191","targetHints":{"allow":["GET"]}}],"collection":[{"href":"https:\/\/www.shalom.it\/wp-json\/wp\/v2\/posts"}],"about":[{"href":"https:\/\/www.shalom.it\/wp-json\/wp\/v2\/types\/post"}],"author":[{"embeddable":true,"href":"https:\/\/www.shalom.it\/wp-json\/wp\/v2\/users\/39"}],"replies":[{"embeddable":true,"href":"https:\/\/www.shalom.it\/wp-json\/wp\/v2\/comments?post=13191"}],"version-history":[{"count":1,"href":"https:\/\/www.shalom.it\/wp-json\/wp\/v2\/posts\/13191\/revisions"}],"predecessor-version":[{"id":26936,"href":"https:\/\/www.shalom.it\/wp-json\/wp\/v2\/posts\/13191\/revisions\/26936"}],"wp:featuredmedia":[{"embeddable":true,"href":"https:\/\/www.shalom.it\/wp-json\/wp\/v2\/media\/13192"}],"wp:attachment":[{"href":"https:\/\/www.shalom.it\/wp-json\/wp\/v2\/media?parent=13191"}],"wp:term":[{"taxonomy":"category","embeddable":true,"href":"https:\/\/www.shalom.it\/wp-json\/wp\/v2\/categories?post=13191"},{"taxonomy":"post_tag","embeddable":true,"href":"https:\/\/www.shalom.it\/wp-json\/wp\/v2\/tags?post=13191"}],"curies":[{"name":"wp","href":"https:\/\/api.w.org\/{rel}","templated":true}]}}