{"id":126989,"date":"2026-05-01T18:32:25","date_gmt":"2026-05-01T16:32:25","guid":{"rendered":"https:\/\/www.shalom.it\/?p=126989"},"modified":"2026-05-01T18:32:25","modified_gmt":"2026-05-01T16:32:25","slug":"accoltellamento-a-londra-arrestato-laggressore","status":"publish","type":"post","link":"https:\/\/www.shalom.it\/europa\/accoltellamento-a-londra-arrestato-laggressore\/","title":{"rendered":"Accoltellamento a Londra, arrestato l\u2019aggressore"},"content":{"rendered":"<p>\u00c8 stato formalmente incriminato per tentato omicidio l\u2019uomo responsabile dell\u2019aggressione con coltello contro due cittadini ebrei avvenuta nei giorni scorsi nel quartiere di Golders Green, nel nord della capitale britannica, area nota per la forte presenza della comunit\u00e0 ebraica.<\/p>\n<p>Il sospetto, identificato come Essa Suleiman, 45 anni, cittadino britannico nato in Somalia, deve rispondere di due capi d\u2019accusa per tentato omicidio e possesso di arma da taglio. Le accuse rientrano in un\u2019indagine condotta dall\u2019antiterrorismo britannico, che ha classificato l\u2019episodio come un atto di matrice terroristica.<\/p>\n<p>L\u2019attacco \u00e8 avvenuto il 29 aprile, quando l\u2019uomo ha accoltellato due uomini ebrei ortodossi, riconoscibili per il loro abbigliamento religioso. Le vittime, di 34 e 76 anni, sono state colpite in modo grave ma non mortale: il pi\u00f9 giovane \u00e8 gi\u00e0 stato dimesso dall\u2019ospedale, mentre l\u2019anziano resta ricoverato in condizioni stabili.<\/p>\n<p>Secondo quanto ricostruito dagli investigatori, l\u2019aggressore avrebbe agito deliberatamente contro persone chiaramente identificabili come ebree, rafforzando l\u2019ipotesi di un movente antisemita. Le autorit\u00e0 hanno inoltre contestato a Suleiman un ulteriore tentato omicidio relativo a un\u2019aggressione separata avvenuta lo stesso giorno nel sud della capitale britannica.<\/p>\n<p>L\u2019uomo non era sconosciuto alle forze dell\u2019ordine: nel 2008 era stato condannato per aver accoltellato un agente di polizia e il suo cane.<\/p>\n<p>Il caso ha riacceso il dibattito sulla sicurezza nel Regno Unito e sull\u2019aumento degli episodi di antisemitismo. Le autorit\u00e0 britanniche hanno trattato l\u2019episodio come terrorismo, rafforzando le misure di protezione nelle aree sensibili. L\u2019attacco si inserisce in un contesto pi\u00f9 ampio di tensioni e violenze contro la comunit\u00e0 ebraica nel Paese, gi\u00e0 oggetto di crescenti preoccupazioni negli ultimi mesi.<\/p>\n<p>Il procedimento giudiziario proseguir\u00e0 nelle prossime settimane presso la Corte penale centrale (Old Bailey), dove l\u2019imputato dovr\u00e0 rispondere delle accuse.<\/p>\n","protected":false},"excerpt":{"rendered":"<p>\u00c8 stato formalmente incriminato per tentato omicidio l\u2019uomo responsabile dell\u2019aggressione con coltello contro due cittadini ebrei avvenuta nei giorni scorsi nel quartiere di Golders Green, nel nord della capitale britannica, area nota per la forte presenza della comunit\u00e0 ebraica. Il sospetto, identificato come Essa Suleiman, 45 anni, cittadino britannico nato in Somalia, deve rispondere di [&hellip;]<\/p>\n","protected":false},"author":89,"featured_media":126990,"comment_status":"closed","ping_status":"closed","sticky":false,"template":"","format":"standard","meta":{"_acf_changed":false,"_jetpack_memberships_contains_paid_content":false,"footnotes":""},"categories":[34],"tags":[],"class_list":["post-126989","post","type-post","status-publish","format-standard","has-post-thumbnail","hentry","category-europa"],"acf":[],"yoast_head":"<!-- This site is optimized with the Yoast SEO plugin v26.9 - https:\/\/yoast.com\/product\/yoast-seo-wordpress\/ -->\n<title>Accoltellamento a Londra, arrestato l\u2019aggressore - Shalom<\/title>\n<meta name=\"robots\" content=\"index, follow, max-snippet:-1, max-image-preview:large, max-video-preview:-1\" \/>\n<link rel=\"canonical\" href=\"https:\/\/www.shalom.it\/europa\/accoltellamento-a-londra-arrestato-laggressore\/\" \/>\n<meta property=\"og:locale\" content=\"it_IT\" \/>\n<meta property=\"og:type\" content=\"article\" \/>\n<meta property=\"og:title\" content=\"Accoltellamento a Londra, arrestato l\u2019aggressore - Shalom\" \/>\n<meta property=\"og:description\" content=\"\u00c8 stato formalmente incriminato per tentato omicidio l\u2019uomo responsabile dell\u2019aggressione con coltello contro due cittadini ebrei avvenuta nei giorni scorsi nel quartiere di Golders Green, nel nord della capitale britannica, area nota per la forte presenza della comunit\u00e0 ebraica. Il sospetto, identificato come Essa Suleiman, 45 anni, cittadino britannico nato in Somalia, deve rispondere di [&hellip;]\" \/>\n<meta property=\"og:url\" content=\"https:\/\/www.shalom.it\/europa\/accoltellamento-a-londra-arrestato-laggressore\/\" \/>\n<meta property=\"og:site_name\" content=\"Shalom\" \/>\n<meta property=\"article:published_time\" content=\"2026-05-01T16:32:25+00:00\" \/>\n<meta property=\"og:image\" content=\"https:\/\/www.shalom.it\/wp-content\/uploads\/2026\/05\/accoltellamento.jpeg\" \/>\n\t<meta property=\"og:image:width\" content=\"1008\" \/>\n\t<meta property=\"og:image:height\" content=\"630\" \/>\n\t<meta property=\"og:image:type\" content=\"image\/jpeg\" \/>\n<meta name=\"author\" content=\"Michelle Zarfati\" \/>\n<meta name=\"twitter:card\" content=\"summary_large_image\" \/>\n<meta name=\"twitter:label1\" content=\"Scritto da\" \/>\n\t<meta name=\"twitter:data1\" content=\"Michelle Zarfati\" \/>\n\t<meta name=\"twitter:label2\" content=\"Tempo di lettura stimato\" \/>\n\t<meta name=\"twitter:data2\" content=\"2 minuti\" \/>\n<script type=\"application\/ld+json\" class=\"yoast-schema-graph\">{\"@context\":\"https:\/\/schema.org\",\"@graph\":[{\"@type\":\"Article\",\"@id\":\"https:\/\/www.shalom.it\/europa\/accoltellamento-a-londra-arrestato-laggressore\/#article\",\"isPartOf\":{\"@id\":\"https:\/\/www.shalom.it\/europa\/accoltellamento-a-londra-arrestato-laggressore\/\"},\"author\":{\"name\":\"Michelle Zarfati\",\"@id\":\"https:\/\/www.shalom.it\/#\/schema\/person\/d9f18de0c8e16f0e7113889b42fd88c0\"},\"headline\":\"Accoltellamento a Londra, arrestato l\u2019aggressore\",\"datePublished\":\"2026-05-01T16:32:25+00:00\",\"mainEntityOfPage\":{\"@id\":\"https:\/\/www.shalom.it\/europa\/accoltellamento-a-londra-arrestato-laggressore\/\"},\"wordCount\":300,\"image\":{\"@id\":\"https:\/\/www.shalom.it\/europa\/accoltellamento-a-londra-arrestato-laggressore\/#primaryimage\"},\"thumbnailUrl\":\"https:\/\/www.shalom.it\/wp-content\/uploads\/2026\/05\/accoltellamento.jpeg\",\"articleSection\":[\"EUROPA\"],\"inLanguage\":\"it-IT\"},{\"@type\":\"WebPage\",\"@id\":\"https:\/\/www.shalom.it\/europa\/accoltellamento-a-londra-arrestato-laggressore\/\",\"url\":\"https:\/\/www.shalom.it\/europa\/accoltellamento-a-londra-arrestato-laggressore\/\",\"name\":\"Accoltellamento a Londra, arrestato l\u2019aggressore - Shalom\",\"isPartOf\":{\"@id\":\"https:\/\/www.shalom.it\/#website\"},\"primaryImageOfPage\":{\"@id\":\"https:\/\/www.shalom.it\/europa\/accoltellamento-a-londra-arrestato-laggressore\/#primaryimage\"},\"image\":{\"@id\":\"https:\/\/www.shalom.it\/europa\/accoltellamento-a-londra-arrestato-laggressore\/#primaryimage\"},\"thumbnailUrl\":\"https:\/\/www.shalom.it\/wp-content\/uploads\/2026\/05\/accoltellamento.jpeg\",\"datePublished\":\"2026-05-01T16:32:25+00:00\",\"author\":{\"@id\":\"https:\/\/www.shalom.it\/#\/schema\/person\/d9f18de0c8e16f0e7113889b42fd88c0\"},\"breadcrumb\":{\"@id\":\"https:\/\/www.shalom.it\/europa\/accoltellamento-a-londra-arrestato-laggressore\/#breadcrumb\"},\"inLanguage\":\"it-IT\",\"potentialAction\":[{\"@type\":\"ReadAction\",\"target\":[\"https:\/\/www.shalom.it\/europa\/accoltellamento-a-londra-arrestato-laggressore\/\"]}]},{\"@type\":\"ImageObject\",\"inLanguage\":\"it-IT\",\"@id\":\"https:\/\/www.shalom.it\/europa\/accoltellamento-a-londra-arrestato-laggressore\/#primaryimage\",\"url\":\"https:\/\/www.shalom.it\/wp-content\/uploads\/2026\/05\/accoltellamento.jpeg\",\"contentUrl\":\"https:\/\/www.shalom.it\/wp-content\/uploads\/2026\/05\/accoltellamento.jpeg\",\"width\":1008,\"height\":630},{\"@type\":\"BreadcrumbList\",\"@id\":\"https:\/\/www.shalom.it\/europa\/accoltellamento-a-londra-arrestato-laggressore\/#breadcrumb\",\"itemListElement\":[{\"@type\":\"ListItem\",\"position\":1,\"name\":\"Home\",\"item\":\"https:\/\/www.shalom.it\/\"},{\"@type\":\"ListItem\",\"position\":2,\"name\":\"Accoltellamento a Londra, arrestato l\u2019aggressore\"}]},{\"@type\":\"WebSite\",\"@id\":\"https:\/\/www.shalom.it\/#website\",\"url\":\"https:\/\/www.shalom.it\/\",\"name\":\"Shalom\",\"description\":\"Il Magazine della comunit\u00e0 ebraica di Roma\",\"potentialAction\":[{\"@type\":\"SearchAction\",\"target\":{\"@type\":\"EntryPoint\",\"urlTemplate\":\"https:\/\/www.shalom.it\/?s={search_term_string}\"},\"query-input\":{\"@type\":\"PropertyValueSpecification\",\"valueRequired\":true,\"valueName\":\"search_term_string\"}}],\"inLanguage\":\"it-IT\"},{\"@type\":\"Person\",\"@id\":\"https:\/\/www.shalom.it\/#\/schema\/person\/d9f18de0c8e16f0e7113889b42fd88c0\",\"name\":\"Michelle Zarfati\",\"url\":\"https:\/\/www.shalom.it\/author\/michellezarfati\/\"}]}<\/script>\n<!-- \/ Yoast SEO plugin. -->","yoast_head_json":{"title":"Accoltellamento a Londra, arrestato l\u2019aggressore - Shalom","robots":{"index":"index","follow":"follow","max-snippet":"max-snippet:-1","max-image-preview":"max-image-preview:large","max-video-preview":"max-video-preview:-1"},"canonical":"https:\/\/www.shalom.it\/europa\/accoltellamento-a-londra-arrestato-laggressore\/","og_locale":"it_IT","og_type":"article","og_title":"Accoltellamento a Londra, arrestato l\u2019aggressore - Shalom","og_description":"\u00c8 stato formalmente incriminato per tentato omicidio l\u2019uomo responsabile dell\u2019aggressione con coltello contro due cittadini ebrei avvenuta nei giorni scorsi nel quartiere di Golders Green, nel nord della capitale britannica, area nota per la forte presenza della comunit\u00e0 ebraica. Il sospetto, identificato come Essa Suleiman, 45 anni, cittadino britannico nato in Somalia, deve rispondere di [&hellip;]","og_url":"https:\/\/www.shalom.it\/europa\/accoltellamento-a-londra-arrestato-laggressore\/","og_site_name":"Shalom","article_published_time":"2026-05-01T16:32:25+00:00","og_image":[{"width":1008,"height":630,"url":"https:\/\/www.shalom.it\/wp-content\/uploads\/2026\/05\/accoltellamento.jpeg","type":"image\/jpeg"}],"author":"Michelle Zarfati","twitter_card":"summary_large_image","twitter_misc":{"Scritto da":"Michelle Zarfati","Tempo di lettura stimato":"2 minuti"},"schema":{"@context":"https:\/\/schema.org","@graph":[{"@type":"Article","@id":"https:\/\/www.shalom.it\/europa\/accoltellamento-a-londra-arrestato-laggressore\/#article","isPartOf":{"@id":"https:\/\/www.shalom.it\/europa\/accoltellamento-a-londra-arrestato-laggressore\/"},"author":{"name":"Michelle Zarfati","@id":"https:\/\/www.shalom.it\/#\/schema\/person\/d9f18de0c8e16f0e7113889b42fd88c0"},"headline":"Accoltellamento a Londra, arrestato l\u2019aggressore","datePublished":"2026-05-01T16:32:25+00:00","mainEntityOfPage":{"@id":"https:\/\/www.shalom.it\/europa\/accoltellamento-a-londra-arrestato-laggressore\/"},"wordCount":300,"image":{"@id":"https:\/\/www.shalom.it\/europa\/accoltellamento-a-londra-arrestato-laggressore\/#primaryimage"},"thumbnailUrl":"https:\/\/www.shalom.it\/wp-content\/uploads\/2026\/05\/accoltellamento.jpeg","articleSection":["EUROPA"],"inLanguage":"it-IT"},{"@type":"WebPage","@id":"https:\/\/www.shalom.it\/europa\/accoltellamento-a-londra-arrestato-laggressore\/","url":"https:\/\/www.shalom.it\/europa\/accoltellamento-a-londra-arrestato-laggressore\/","name":"Accoltellamento a Londra, arrestato l\u2019aggressore - Shalom","isPartOf":{"@id":"https:\/\/www.shalom.it\/#website"},"primaryImageOfPage":{"@id":"https:\/\/www.shalom.it\/europa\/accoltellamento-a-londra-arrestato-laggressore\/#primaryimage"},"image":{"@id":"https:\/\/www.shalom.it\/europa\/accoltellamento-a-londra-arrestato-laggressore\/#primaryimage"},"thumbnailUrl":"https:\/\/www.shalom.it\/wp-content\/uploads\/2026\/05\/accoltellamento.jpeg","datePublished":"2026-05-01T16:32:25+00:00","author":{"@id":"https:\/\/www.shalom.it\/#\/schema\/person\/d9f18de0c8e16f0e7113889b42fd88c0"},"breadcrumb":{"@id":"https:\/\/www.shalom.it\/europa\/accoltellamento-a-londra-arrestato-laggressore\/#breadcrumb"},"inLanguage":"it-IT","potentialAction":[{"@type":"ReadAction","target":["https:\/\/www.shalom.it\/europa\/accoltellamento-a-londra-arrestato-laggressore\/"]}]},{"@type":"ImageObject","inLanguage":"it-IT","@id":"https:\/\/www.shalom.it\/europa\/accoltellamento-a-londra-arrestato-laggressore\/#primaryimage","url":"https:\/\/www.shalom.it\/wp-content\/uploads\/2026\/05\/accoltellamento.jpeg","contentUrl":"https:\/\/www.shalom.it\/wp-content\/uploads\/2026\/05\/accoltellamento.jpeg","width":1008,"height":630},{"@type":"BreadcrumbList","@id":"https:\/\/www.shalom.it\/europa\/accoltellamento-a-londra-arrestato-laggressore\/#breadcrumb","itemListElement":[{"@type":"ListItem","position":1,"name":"Home","item":"https:\/\/www.shalom.it\/"},{"@type":"ListItem","position":2,"name":"Accoltellamento a Londra, arrestato l\u2019aggressore"}]},{"@type":"WebSite","@id":"https:\/\/www.shalom.it\/#website","url":"https:\/\/www.shalom.it\/","name":"Shalom","description":"Il Magazine della comunit\u00e0 ebraica di Roma","potentialAction":[{"@type":"SearchAction","target":{"@type":"EntryPoint","urlTemplate":"https:\/\/www.shalom.it\/?s={search_term_string}"},"query-input":{"@type":"PropertyValueSpecification","valueRequired":true,"valueName":"search_term_string"}}],"inLanguage":"it-IT"},{"@type":"Person","@id":"https:\/\/www.shalom.it\/#\/schema\/person\/d9f18de0c8e16f0e7113889b42fd88c0","name":"Michelle Zarfati","url":"https:\/\/www.shalom.it\/author\/michellezarfati\/"}]}},"jetpack_featured_media_url":"https:\/\/www.shalom.it\/wp-content\/uploads\/2026\/05\/accoltellamento.jpeg","jetpack_sharing_enabled":true,"_links":{"self":[{"href":"https:\/\/www.shalom.it\/wp-json\/wp\/v2\/posts\/126989","targetHints":{"allow":["GET"]}}],"collection":[{"href":"https:\/\/www.shalom.it\/wp-json\/wp\/v2\/posts"}],"about":[{"href":"https:\/\/www.shalom.it\/wp-json\/wp\/v2\/types\/post"}],"author":[{"embeddable":true,"href":"https:\/\/www.shalom.it\/wp-json\/wp\/v2\/users\/89"}],"replies":[{"embeddable":true,"href":"https:\/\/www.shalom.it\/wp-json\/wp\/v2\/comments?post=126989"}],"version-history":[{"count":1,"href":"https:\/\/www.shalom.it\/wp-json\/wp\/v2\/posts\/126989\/revisions"}],"predecessor-version":[{"id":126991,"href":"https:\/\/www.shalom.it\/wp-json\/wp\/v2\/posts\/126989\/revisions\/126991"}],"wp:featuredmedia":[{"embeddable":true,"href":"https:\/\/www.shalom.it\/wp-json\/wp\/v2\/media\/126990"}],"wp:attachment":[{"href":"https:\/\/www.shalom.it\/wp-json\/wp\/v2\/media?parent=126989"}],"wp:term":[{"taxonomy":"category","embeddable":true,"href":"https:\/\/www.shalom.it\/wp-json\/wp\/v2\/categories?post=126989"},{"taxonomy":"post_tag","embeddable":true,"href":"https:\/\/www.shalom.it\/wp-json\/wp\/v2\/tags?post=126989"}],"curies":[{"name":"wp","href":"https:\/\/api.w.org\/{rel}","templated":true}]}}