{"id":126977,"date":"2026-04-30T13:39:08","date_gmt":"2026-04-30T11:39:08","guid":{"rendered":"https:\/\/www.shalom.it\/?p=126977"},"modified":"2026-04-30T13:39:08","modified_gmt":"2026-04-30T11:39:08","slug":"morta-edith-eger-sopravvissuta-alla-shoah-e-psicologa-clinica","status":"publish","type":"post","link":"https:\/\/www.shalom.it\/cultura\/morta-edith-eger-sopravvissuta-alla-shoah-e-psicologa-clinica\/","title":{"rendered":"Morta Edith Eger, sopravvissuta alla Shoah e psicologa clinica"},"content":{"rendered":"<p>Edith Eger, sopravvissuta alla Shoah, psicologa clinica e autrice di bestseller tradotti in tutto il mondo, \u00e8 morta il 27 aprile a San Diego all&#8217;et\u00e0 di 98 anni. Lo ha annunciato la famiglia attraverso i social media, comunicando che la morte \u00e8 avvenuta serenamente, circondata dai familiari. \u201cOggi la nostra carissima Edie ha lasciato il suo corpo terreno\u201d, si legge nel messaggio. \u201cSiamo stati tutti toccati dalla sua vita e terremo viva la sua memoria con le nostre azioni\u201d.<br \/>\nNata nel 1927 a Ko\u0161ice, allora parte della Cecoslovacchia, da una famiglia ebrea, Eger era la pi\u00f9 giovane di tre sorelle. Prima della guerra studiava danza classica e ginnastica. Nel 1944, a diciassette anni, fu deportata ad Auschwitz insieme ai genitori Ilona e Lajos Elef\u00e0nt e alla sorella Magda. I genitori furono uccisi nelle camere a gas. Nel campo, Eger fu costretta a esibirsi in una danza davanti a Josef Mengele, il medico delle SS responsabile delle selezioni all&#8217;ingresso del lazzaretto. Lei e Magda sopravvissero e furono liberate dalle forze americane nel 1945. Solo allora appresero che anche la sorella di mezzo, Klara, era sopravvissuta.<br \/>\nDopo la guerra, Eger spos\u00f2 B\u00e9la Eger, anch&#8217;egli reduce, e nel 1949 la coppia emigr\u00f2 negli Stati Uniti, stabilendosi inizialmente a Baltimora e poi a El Paso. In America intraprese gli studi in psicologia, strinse un sodalizio intellettuale con Viktor Frankl, autore di <em>Uno psicologo nei lager<\/em>, e consegu\u00ec il dottorato in psicologia clinica all&#8217;Universit\u00e0 del Texas con una tesi su come alcuni bambini che vivono esperienze traumatiche riescano in et\u00e0 adulta a condurre vite pienamente funzionali. In seguito si trasfer\u00ec in California, dove apr\u00ec uno studio clinico a La Jolla, entr\u00f2 nel corpo docente del dipartimento di psicologia della UC San Diego e si afferm\u00f2 come esperta nel trattamento del disturbo post-traumatico da stress.<br \/>\nLa notoriet\u00e0 internazionale arriv\u00f2 nel 2017 con la pubblicazione del memoir <em>The Choice: Embrace the Possible<\/em>, scritto a novant&#8217;anni e diventato un bestseller in numerosi paesi. Il libro, che intreccia la testimonianza della deportazione con la riflessione psicologica sul trauma e la resilienza, fu seguito da <em>The Gift: 12 Lessons to Save Your Life<\/em> e da <em>The Ballerina of Auschwitz<\/em>, adattamento per giovani adulti. In un&#8217;intervista rilasciata nel 2024 aveva sintetizzato cos\u00ec il proprio approccio: \u201cAd Auschwitz non ho mai perso la speranza. Era temporaneo, e si va avanti un giorno alla volta. Cambi la mente, cambi la vita\u201d.<br \/>\nEger aveva sempre mantenuto un legame forte con la propria identit\u00e0 ebraica. \u201cSiamo sopravvissuti a cos\u00ec tanto, e continuiamo a sopravvivere\u201d, aveva dichiarato. \u201cSono una donna ebrea molto orgogliosa\u201d. Il nipote Jordan Engle, che l&#8217;accompagnava spesso nelle apparizioni pubbliche, ha ricordato il nucleo del suo messaggio: \u201cQuello che faceva Edie era darti un modo di guardare all&#8217;evento traumatico che ti \u00e8 capitato come a qualcosa che pu\u00f2 renderti pi\u00f9 forte\u201d.<br \/>\nEdith Eger lascia tre figli, tra cui Marianne, moglie del premio Nobel per l&#8217;Economia 2003 Robert Engle, cinque nipoti e sette pronipoti. La sua eredit\u00e0 prosegue attraverso la Edith Eger Foundation.<\/p>\n","protected":false},"excerpt":{"rendered":"<p>Edith Eger, sopravvissuta alla Shoah, psicologa clinica e autrice di bestseller tradotti in tutto il mondo, \u00e8 morta il 27 aprile a San Diego all&#8217;et\u00e0 di 98 anni. Lo ha annunciato la famiglia attraverso i social media, comunicando che la morte \u00e8 avvenuta serenamente, circondata dai familiari. \u201cOggi la nostra carissima Edie ha lasciato il [&hellip;]<\/p>\n","protected":false},"author":3,"featured_media":126978,"comment_status":"closed","ping_status":"closed","sticky":false,"template":"","format":"standard","meta":{"_acf_changed":false,"_jetpack_memberships_contains_paid_content":false,"footnotes":""},"categories":[7],"tags":[],"class_list":["post-126977","post","type-post","status-publish","format-standard","has-post-thumbnail","hentry","category-cultura"],"acf":[],"yoast_head":"<!-- This site is optimized with the Yoast SEO plugin v26.9 - https:\/\/yoast.com\/product\/yoast-seo-wordpress\/ -->\n<title>Morta Edith Eger, sopravvissuta alla Shoah e psicologa clinica - Shalom<\/title>\n<meta name=\"robots\" content=\"index, follow, max-snippet:-1, max-image-preview:large, max-video-preview:-1\" \/>\n<link rel=\"canonical\" href=\"https:\/\/www.shalom.it\/cultura\/morta-edith-eger-sopravvissuta-alla-shoah-e-psicologa-clinica\/\" \/>\n<meta property=\"og:locale\" content=\"it_IT\" \/>\n<meta property=\"og:type\" content=\"article\" \/>\n<meta property=\"og:title\" content=\"Morta Edith Eger, sopravvissuta alla Shoah e psicologa clinica - Shalom\" \/>\n<meta property=\"og:description\" content=\"Edith Eger, sopravvissuta alla Shoah, psicologa clinica e autrice di bestseller tradotti in tutto il mondo, \u00e8 morta il 27 aprile a San Diego all&#8217;et\u00e0 di 98 anni. Lo ha annunciato la famiglia attraverso i social media, comunicando che la morte \u00e8 avvenuta serenamente, circondata dai familiari. \u201cOggi la nostra carissima Edie ha lasciato il [&hellip;]\" \/>\n<meta property=\"og:url\" content=\"https:\/\/www.shalom.it\/cultura\/morta-edith-eger-sopravvissuta-alla-shoah-e-psicologa-clinica\/\" \/>\n<meta property=\"og:site_name\" content=\"Shalom\" \/>\n<meta property=\"article:published_time\" content=\"2026-04-30T11:39:08+00:00\" \/>\n<meta property=\"og:image\" content=\"https:\/\/www.shalom.it\/wp-content\/uploads\/2026\/04\/Edith-Eger.jpg\" \/>\n\t<meta property=\"og:image:width\" content=\"1600\" \/>\n\t<meta property=\"og:image:height\" content=\"900\" \/>\n\t<meta property=\"og:image:type\" content=\"image\/jpeg\" \/>\n<meta name=\"author\" content=\"Redazione\" \/>\n<meta name=\"twitter:card\" content=\"summary_large_image\" \/>\n<meta name=\"twitter:label1\" content=\"Scritto da\" \/>\n\t<meta name=\"twitter:data1\" content=\"Redazione\" \/>\n\t<meta name=\"twitter:label2\" content=\"Tempo di lettura stimato\" \/>\n\t<meta name=\"twitter:data2\" content=\"3 minuti\" \/>\n<script type=\"application\/ld+json\" class=\"yoast-schema-graph\">{\"@context\":\"https:\/\/schema.org\",\"@graph\":[{\"@type\":\"Article\",\"@id\":\"https:\/\/www.shalom.it\/cultura\/morta-edith-eger-sopravvissuta-alla-shoah-e-psicologa-clinica\/#article\",\"isPartOf\":{\"@id\":\"https:\/\/www.shalom.it\/cultura\/morta-edith-eger-sopravvissuta-alla-shoah-e-psicologa-clinica\/\"},\"author\":{\"name\":\"Redazione\",\"@id\":\"https:\/\/www.shalom.it\/#\/schema\/person\/d6d60e821a49d2a420ffe01f7af79dd8\"},\"headline\":\"Morta Edith Eger, sopravvissuta alla Shoah e psicologa clinica\",\"datePublished\":\"2026-04-30T11:39:08+00:00\",\"mainEntityOfPage\":{\"@id\":\"https:\/\/www.shalom.it\/cultura\/morta-edith-eger-sopravvissuta-alla-shoah-e-psicologa-clinica\/\"},\"wordCount\":507,\"image\":{\"@id\":\"https:\/\/www.shalom.it\/cultura\/morta-edith-eger-sopravvissuta-alla-shoah-e-psicologa-clinica\/#primaryimage\"},\"thumbnailUrl\":\"https:\/\/www.shalom.it\/wp-content\/uploads\/2026\/04\/Edith-Eger.jpg\",\"articleSection\":[\"Cultura\"],\"inLanguage\":\"it-IT\"},{\"@type\":\"WebPage\",\"@id\":\"https:\/\/www.shalom.it\/cultura\/morta-edith-eger-sopravvissuta-alla-shoah-e-psicologa-clinica\/\",\"url\":\"https:\/\/www.shalom.it\/cultura\/morta-edith-eger-sopravvissuta-alla-shoah-e-psicologa-clinica\/\",\"name\":\"Morta Edith Eger, sopravvissuta alla Shoah e psicologa clinica - Shalom\",\"isPartOf\":{\"@id\":\"https:\/\/www.shalom.it\/#website\"},\"primaryImageOfPage\":{\"@id\":\"https:\/\/www.shalom.it\/cultura\/morta-edith-eger-sopravvissuta-alla-shoah-e-psicologa-clinica\/#primaryimage\"},\"image\":{\"@id\":\"https:\/\/www.shalom.it\/cultura\/morta-edith-eger-sopravvissuta-alla-shoah-e-psicologa-clinica\/#primaryimage\"},\"thumbnailUrl\":\"https:\/\/www.shalom.it\/wp-content\/uploads\/2026\/04\/Edith-Eger.jpg\",\"datePublished\":\"2026-04-30T11:39:08+00:00\",\"author\":{\"@id\":\"https:\/\/www.shalom.it\/#\/schema\/person\/d6d60e821a49d2a420ffe01f7af79dd8\"},\"breadcrumb\":{\"@id\":\"https:\/\/www.shalom.it\/cultura\/morta-edith-eger-sopravvissuta-alla-shoah-e-psicologa-clinica\/#breadcrumb\"},\"inLanguage\":\"it-IT\",\"potentialAction\":[{\"@type\":\"ReadAction\",\"target\":[\"https:\/\/www.shalom.it\/cultura\/morta-edith-eger-sopravvissuta-alla-shoah-e-psicologa-clinica\/\"]}]},{\"@type\":\"ImageObject\",\"inLanguage\":\"it-IT\",\"@id\":\"https:\/\/www.shalom.it\/cultura\/morta-edith-eger-sopravvissuta-alla-shoah-e-psicologa-clinica\/#primaryimage\",\"url\":\"https:\/\/www.shalom.it\/wp-content\/uploads\/2026\/04\/Edith-Eger.jpg\",\"contentUrl\":\"https:\/\/www.shalom.it\/wp-content\/uploads\/2026\/04\/Edith-Eger.jpg\",\"width\":1600,\"height\":900},{\"@type\":\"BreadcrumbList\",\"@id\":\"https:\/\/www.shalom.it\/cultura\/morta-edith-eger-sopravvissuta-alla-shoah-e-psicologa-clinica\/#breadcrumb\",\"itemListElement\":[{\"@type\":\"ListItem\",\"position\":1,\"name\":\"Home\",\"item\":\"https:\/\/www.shalom.it\/\"},{\"@type\":\"ListItem\",\"position\":2,\"name\":\"Morta Edith Eger, sopravvissuta alla Shoah e psicologa clinica\"}]},{\"@type\":\"WebSite\",\"@id\":\"https:\/\/www.shalom.it\/#website\",\"url\":\"https:\/\/www.shalom.it\/\",\"name\":\"Shalom\",\"description\":\"Il Magazine della comunit\u00e0 ebraica di Roma\",\"potentialAction\":[{\"@type\":\"SearchAction\",\"target\":{\"@type\":\"EntryPoint\",\"urlTemplate\":\"https:\/\/www.shalom.it\/?s={search_term_string}\"},\"query-input\":{\"@type\":\"PropertyValueSpecification\",\"valueRequired\":true,\"valueName\":\"search_term_string\"}}],\"inLanguage\":\"it-IT\"},{\"@type\":\"Person\",\"@id\":\"https:\/\/www.shalom.it\/#\/schema\/person\/d6d60e821a49d2a420ffe01f7af79dd8\",\"name\":\"Redazione\",\"url\":\"https:\/\/www.shalom.it\/author\/redazione\/\"}]}<\/script>\n<!-- \/ Yoast SEO plugin. -->","yoast_head_json":{"title":"Morta Edith Eger, sopravvissuta alla Shoah e psicologa clinica - Shalom","robots":{"index":"index","follow":"follow","max-snippet":"max-snippet:-1","max-image-preview":"max-image-preview:large","max-video-preview":"max-video-preview:-1"},"canonical":"https:\/\/www.shalom.it\/cultura\/morta-edith-eger-sopravvissuta-alla-shoah-e-psicologa-clinica\/","og_locale":"it_IT","og_type":"article","og_title":"Morta Edith Eger, sopravvissuta alla Shoah e psicologa clinica - Shalom","og_description":"Edith Eger, sopravvissuta alla Shoah, psicologa clinica e autrice di bestseller tradotti in tutto il mondo, \u00e8 morta il 27 aprile a San Diego all&#8217;et\u00e0 di 98 anni. Lo ha annunciato la famiglia attraverso i social media, comunicando che la morte \u00e8 avvenuta serenamente, circondata dai familiari. \u201cOggi la nostra carissima Edie ha lasciato il [&hellip;]","og_url":"https:\/\/www.shalom.it\/cultura\/morta-edith-eger-sopravvissuta-alla-shoah-e-psicologa-clinica\/","og_site_name":"Shalom","article_published_time":"2026-04-30T11:39:08+00:00","og_image":[{"width":1600,"height":900,"url":"https:\/\/www.shalom.it\/wp-content\/uploads\/2026\/04\/Edith-Eger.jpg","type":"image\/jpeg"}],"author":"Redazione","twitter_card":"summary_large_image","twitter_misc":{"Scritto da":"Redazione","Tempo di lettura stimato":"3 minuti"},"schema":{"@context":"https:\/\/schema.org","@graph":[{"@type":"Article","@id":"https:\/\/www.shalom.it\/cultura\/morta-edith-eger-sopravvissuta-alla-shoah-e-psicologa-clinica\/#article","isPartOf":{"@id":"https:\/\/www.shalom.it\/cultura\/morta-edith-eger-sopravvissuta-alla-shoah-e-psicologa-clinica\/"},"author":{"name":"Redazione","@id":"https:\/\/www.shalom.it\/#\/schema\/person\/d6d60e821a49d2a420ffe01f7af79dd8"},"headline":"Morta Edith Eger, sopravvissuta alla Shoah e psicologa clinica","datePublished":"2026-04-30T11:39:08+00:00","mainEntityOfPage":{"@id":"https:\/\/www.shalom.it\/cultura\/morta-edith-eger-sopravvissuta-alla-shoah-e-psicologa-clinica\/"},"wordCount":507,"image":{"@id":"https:\/\/www.shalom.it\/cultura\/morta-edith-eger-sopravvissuta-alla-shoah-e-psicologa-clinica\/#primaryimage"},"thumbnailUrl":"https:\/\/www.shalom.it\/wp-content\/uploads\/2026\/04\/Edith-Eger.jpg","articleSection":["Cultura"],"inLanguage":"it-IT"},{"@type":"WebPage","@id":"https:\/\/www.shalom.it\/cultura\/morta-edith-eger-sopravvissuta-alla-shoah-e-psicologa-clinica\/","url":"https:\/\/www.shalom.it\/cultura\/morta-edith-eger-sopravvissuta-alla-shoah-e-psicologa-clinica\/","name":"Morta Edith Eger, sopravvissuta alla Shoah e psicologa clinica - Shalom","isPartOf":{"@id":"https:\/\/www.shalom.it\/#website"},"primaryImageOfPage":{"@id":"https:\/\/www.shalom.it\/cultura\/morta-edith-eger-sopravvissuta-alla-shoah-e-psicologa-clinica\/#primaryimage"},"image":{"@id":"https:\/\/www.shalom.it\/cultura\/morta-edith-eger-sopravvissuta-alla-shoah-e-psicologa-clinica\/#primaryimage"},"thumbnailUrl":"https:\/\/www.shalom.it\/wp-content\/uploads\/2026\/04\/Edith-Eger.jpg","datePublished":"2026-04-30T11:39:08+00:00","author":{"@id":"https:\/\/www.shalom.it\/#\/schema\/person\/d6d60e821a49d2a420ffe01f7af79dd8"},"breadcrumb":{"@id":"https:\/\/www.shalom.it\/cultura\/morta-edith-eger-sopravvissuta-alla-shoah-e-psicologa-clinica\/#breadcrumb"},"inLanguage":"it-IT","potentialAction":[{"@type":"ReadAction","target":["https:\/\/www.shalom.it\/cultura\/morta-edith-eger-sopravvissuta-alla-shoah-e-psicologa-clinica\/"]}]},{"@type":"ImageObject","inLanguage":"it-IT","@id":"https:\/\/www.shalom.it\/cultura\/morta-edith-eger-sopravvissuta-alla-shoah-e-psicologa-clinica\/#primaryimage","url":"https:\/\/www.shalom.it\/wp-content\/uploads\/2026\/04\/Edith-Eger.jpg","contentUrl":"https:\/\/www.shalom.it\/wp-content\/uploads\/2026\/04\/Edith-Eger.jpg","width":1600,"height":900},{"@type":"BreadcrumbList","@id":"https:\/\/www.shalom.it\/cultura\/morta-edith-eger-sopravvissuta-alla-shoah-e-psicologa-clinica\/#breadcrumb","itemListElement":[{"@type":"ListItem","position":1,"name":"Home","item":"https:\/\/www.shalom.it\/"},{"@type":"ListItem","position":2,"name":"Morta Edith Eger, sopravvissuta alla Shoah e psicologa clinica"}]},{"@type":"WebSite","@id":"https:\/\/www.shalom.it\/#website","url":"https:\/\/www.shalom.it\/","name":"Shalom","description":"Il Magazine della comunit\u00e0 ebraica di Roma","potentialAction":[{"@type":"SearchAction","target":{"@type":"EntryPoint","urlTemplate":"https:\/\/www.shalom.it\/?s={search_term_string}"},"query-input":{"@type":"PropertyValueSpecification","valueRequired":true,"valueName":"search_term_string"}}],"inLanguage":"it-IT"},{"@type":"Person","@id":"https:\/\/www.shalom.it\/#\/schema\/person\/d6d60e821a49d2a420ffe01f7af79dd8","name":"Redazione","url":"https:\/\/www.shalom.it\/author\/redazione\/"}]}},"jetpack_featured_media_url":"https:\/\/www.shalom.it\/wp-content\/uploads\/2026\/04\/Edith-Eger.jpg","jetpack_sharing_enabled":true,"_links":{"self":[{"href":"https:\/\/www.shalom.it\/wp-json\/wp\/v2\/posts\/126977","targetHints":{"allow":["GET"]}}],"collection":[{"href":"https:\/\/www.shalom.it\/wp-json\/wp\/v2\/posts"}],"about":[{"href":"https:\/\/www.shalom.it\/wp-json\/wp\/v2\/types\/post"}],"author":[{"embeddable":true,"href":"https:\/\/www.shalom.it\/wp-json\/wp\/v2\/users\/3"}],"replies":[{"embeddable":true,"href":"https:\/\/www.shalom.it\/wp-json\/wp\/v2\/comments?post=126977"}],"version-history":[{"count":1,"href":"https:\/\/www.shalom.it\/wp-json\/wp\/v2\/posts\/126977\/revisions"}],"predecessor-version":[{"id":126979,"href":"https:\/\/www.shalom.it\/wp-json\/wp\/v2\/posts\/126977\/revisions\/126979"}],"wp:featuredmedia":[{"embeddable":true,"href":"https:\/\/www.shalom.it\/wp-json\/wp\/v2\/media\/126978"}],"wp:attachment":[{"href":"https:\/\/www.shalom.it\/wp-json\/wp\/v2\/media?parent=126977"}],"wp:term":[{"taxonomy":"category","embeddable":true,"href":"https:\/\/www.shalom.it\/wp-json\/wp\/v2\/categories?post=126977"},{"taxonomy":"post_tag","embeddable":true,"href":"https:\/\/www.shalom.it\/wp-json\/wp\/v2\/tags?post=126977"}],"curies":[{"name":"wp","href":"https:\/\/api.w.org\/{rel}","templated":true}]}}