{"id":126969,"date":"2026-04-30T12:15:40","date_gmt":"2026-04-30T10:15:40","guid":{"rendered":"https:\/\/www.shalom.it\/?p=126969"},"modified":"2026-04-30T12:15:40","modified_gmt":"2026-04-30T10:15:40","slug":"gesto-ingiustificabile-ma-ce-clima-di-odio-fadlun-sul-25-aprile-a-il-messaggero","status":"publish","type":"post","link":"https:\/\/www.shalom.it\/italia\/gesto-ingiustificabile-ma-ce-clima-di-odio-fadlun-sul-25-aprile-a-il-messaggero\/","title":{"rendered":"\u201cGesto ingiustificabile. Ma c\u2019\u00e8 clima di odio\u201d: Fadlun sul 25 aprile a Il Messaggero"},"content":{"rendered":"<p style=\"text-align: justify;\">\u201cUn gesto ingiustificabile\u201d, inserito per\u00f2 in un contesto pi\u00f9 ampio: un clima di crescente odio antisemita. \u00c8 il messaggio che emerge dall\u2019intervista di oggi al Presidente della Comunit\u00e0 ebraica di Roma \u2013 Cer, Victor Fadlun, rilasciata a Il Messaggero, dopo il fermo del ventunenne che ha confessato di aver sparato alcuni colpi con una pistola ad aria compressa contro due iscritti Anpi, durante il corteo del 25 aprile nella Capitale.<br \/>\nFadlun ha espresso \u201cimmediata e totale solidariet\u00e0 ai feriti\u201d, sottolineando come la comunit\u00e0 ebraica conosca bene cosa significhi essere vittima di odio e violenza. L\u2019episodio, ha spiegato, si inserisce in una crescente pressione nei confronti degli ebrei. Pur ribadendo la fiducia nel lavoro di inquirenti e forze dell\u2019ordine, ha denunciato una condizione di insicurezza quotidiana: \u201cNon siamo liberi neppure di camminare con la kippah senza temere insulti o aggressioni\u201d.<br \/>\nTra i segnali pi\u00f9 allarmanti, quanto accaduto a Milano durante il corteo del 25 Aprile, dove la Brigata ebraica \u00e8 stata bersaglio di insulti come \u201csaponette mancate\u201d, episodio che ne ha causato l\u2019uscita dalla manifestazione.<br \/>\nIl Presidente della Cer ha chiarito inoltre che l\u2019assenza degli ebrei romani alle celebrazioni del 25 aprile era dovuta alla coincidenza con lo Shabbat e rappresentava \u201cuna pausa di riflessione sul clima di odio antiebraico a cui da mesi siamo sottoposti. L&#8217;indifferenza, l&#8217;insensibilit\u00e0 e l&#8217;assenza di un&#8217;adeguata reazione della societ\u00e0 civile, prima ancora che politica, all&#8217;ingiuria insopportabile delle &#8216;saponette mancate&#8217; d\u00e0 la misura dell&#8217;orrore morale a cui si \u00e8 arrivati&#8221;.<br \/>\nSulla definizione di \u201cepisodio non isolato\u201d data dall\u2019Anpi di Roma, Fadlun ha chiarito: \u201cHo sentito parlare addirittura di unit\u00e0 paramilitari. Mi sembra assurdo\u201d, affermando, invece, che all\u2019interno della comunit\u00e0 circola un diffuso senso di impotenza e incomprensione rispetto alla crescita di episodi antisemiti. Nel rinnovare la solidariet\u00e0 ai feriti ha criticato alcune posizioni dell\u2019Anpi sulla Brigata ebraica e sul ruolo degli ebrei nella Resistenza, definendole \u201cinquinate da un\u2019ansia di militanza politica che non ha nulla a che vedere con la storia della Resistenza\u201d.<br \/>\nIl Presidente ha infine ribadito la volont\u00e0 di favorire dialogo e conciliazione, annunciando l\u2019intenzione di incontrare le persone ferite e ha espresso timori per un possibile aumento degli attacchi.<\/p>\n","protected":false},"excerpt":{"rendered":"<p>\u201cUn gesto ingiustificabile\u201d, inserito per\u00f2 in un contesto pi\u00f9 ampio: un clima di crescente odio antisemita. \u00c8 il messaggio che emerge dall\u2019intervista di oggi al Presidente della Comunit\u00e0 ebraica di Roma \u2013 Cer, Victor Fadlun, rilasciata a Il Messaggero, dopo il fermo del ventunenne che ha confessato di aver sparato alcuni colpi con una pistola [&hellip;]<\/p>\n","protected":false},"author":3,"featured_media":126970,"comment_status":"closed","ping_status":"closed","sticky":false,"template":"","format":"standard","meta":{"_acf_changed":false,"_jetpack_memberships_contains_paid_content":false,"footnotes":""},"categories":[3],"tags":[],"class_list":["post-126969","post","type-post","status-publish","format-standard","has-post-thumbnail","hentry","category-italia"],"acf":[],"yoast_head":"<!-- This site is optimized with the Yoast SEO plugin v26.9 - https:\/\/yoast.com\/product\/yoast-seo-wordpress\/ -->\n<title>\u201cGesto ingiustificabile. Ma c\u2019\u00e8 clima di odio\u201d: Fadlun sul 25 aprile a Il Messaggero - Shalom<\/title>\n<meta name=\"robots\" content=\"index, follow, max-snippet:-1, max-image-preview:large, max-video-preview:-1\" \/>\n<link rel=\"canonical\" href=\"https:\/\/www.shalom.it\/italia\/gesto-ingiustificabile-ma-ce-clima-di-odio-fadlun-sul-25-aprile-a-il-messaggero\/\" \/>\n<meta property=\"og:locale\" content=\"it_IT\" \/>\n<meta property=\"og:type\" content=\"article\" \/>\n<meta property=\"og:title\" content=\"\u201cGesto ingiustificabile. Ma c\u2019\u00e8 clima di odio\u201d: Fadlun sul 25 aprile a Il Messaggero - Shalom\" \/>\n<meta property=\"og:description\" content=\"\u201cUn gesto ingiustificabile\u201d, inserito per\u00f2 in un contesto pi\u00f9 ampio: un clima di crescente odio antisemita. \u00c8 il messaggio che emerge dall\u2019intervista di oggi al Presidente della Comunit\u00e0 ebraica di Roma \u2013 Cer, Victor Fadlun, rilasciata a Il Messaggero, dopo il fermo del ventunenne che ha confessato di aver sparato alcuni colpi con una pistola [&hellip;]\" \/>\n<meta property=\"og:url\" content=\"https:\/\/www.shalom.it\/italia\/gesto-ingiustificabile-ma-ce-clima-di-odio-fadlun-sul-25-aprile-a-il-messaggero\/\" \/>\n<meta property=\"og:site_name\" content=\"Shalom\" \/>\n<meta property=\"article:published_time\" content=\"2026-04-30T10:15:40+00:00\" \/>\n<meta property=\"og:image\" content=\"https:\/\/www.shalom.it\/wp-content\/uploads\/2026\/04\/fadlun-ok.jpeg\" \/>\n\t<meta property=\"og:image:width\" content=\"1215\" \/>\n\t<meta property=\"og:image:height\" content=\"1280\" \/>\n\t<meta property=\"og:image:type\" content=\"image\/jpeg\" \/>\n<meta name=\"author\" content=\"Redazione\" \/>\n<meta name=\"twitter:card\" content=\"summary_large_image\" \/>\n<meta name=\"twitter:label1\" content=\"Scritto da\" \/>\n\t<meta name=\"twitter:data1\" content=\"Redazione\" \/>\n\t<meta name=\"twitter:label2\" content=\"Tempo di lettura stimato\" \/>\n\t<meta name=\"twitter:data2\" content=\"3 minuti\" \/>\n<script type=\"application\/ld+json\" class=\"yoast-schema-graph\">{\"@context\":\"https:\/\/schema.org\",\"@graph\":[{\"@type\":\"Article\",\"@id\":\"https:\/\/www.shalom.it\/italia\/gesto-ingiustificabile-ma-ce-clima-di-odio-fadlun-sul-25-aprile-a-il-messaggero\/#article\",\"isPartOf\":{\"@id\":\"https:\/\/www.shalom.it\/italia\/gesto-ingiustificabile-ma-ce-clima-di-odio-fadlun-sul-25-aprile-a-il-messaggero\/\"},\"author\":{\"name\":\"Redazione\",\"@id\":\"https:\/\/www.shalom.it\/#\/schema\/person\/d6d60e821a49d2a420ffe01f7af79dd8\"},\"headline\":\"\u201cGesto ingiustificabile. Ma c\u2019\u00e8 clima di odio\u201d: Fadlun sul 25 aprile a Il Messaggero\",\"datePublished\":\"2026-04-30T10:15:40+00:00\",\"mainEntityOfPage\":{\"@id\":\"https:\/\/www.shalom.it\/italia\/gesto-ingiustificabile-ma-ce-clima-di-odio-fadlun-sul-25-aprile-a-il-messaggero\/\"},\"wordCount\":378,\"image\":{\"@id\":\"https:\/\/www.shalom.it\/italia\/gesto-ingiustificabile-ma-ce-clima-di-odio-fadlun-sul-25-aprile-a-il-messaggero\/#primaryimage\"},\"thumbnailUrl\":\"https:\/\/www.shalom.it\/wp-content\/uploads\/2026\/04\/fadlun-ok.jpeg\",\"articleSection\":[\"ITALIA\"],\"inLanguage\":\"it-IT\"},{\"@type\":\"WebPage\",\"@id\":\"https:\/\/www.shalom.it\/italia\/gesto-ingiustificabile-ma-ce-clima-di-odio-fadlun-sul-25-aprile-a-il-messaggero\/\",\"url\":\"https:\/\/www.shalom.it\/italia\/gesto-ingiustificabile-ma-ce-clima-di-odio-fadlun-sul-25-aprile-a-il-messaggero\/\",\"name\":\"\u201cGesto ingiustificabile. Ma c\u2019\u00e8 clima di odio\u201d: Fadlun sul 25 aprile a Il Messaggero - Shalom\",\"isPartOf\":{\"@id\":\"https:\/\/www.shalom.it\/#website\"},\"primaryImageOfPage\":{\"@id\":\"https:\/\/www.shalom.it\/italia\/gesto-ingiustificabile-ma-ce-clima-di-odio-fadlun-sul-25-aprile-a-il-messaggero\/#primaryimage\"},\"image\":{\"@id\":\"https:\/\/www.shalom.it\/italia\/gesto-ingiustificabile-ma-ce-clima-di-odio-fadlun-sul-25-aprile-a-il-messaggero\/#primaryimage\"},\"thumbnailUrl\":\"https:\/\/www.shalom.it\/wp-content\/uploads\/2026\/04\/fadlun-ok.jpeg\",\"datePublished\":\"2026-04-30T10:15:40+00:00\",\"author\":{\"@id\":\"https:\/\/www.shalom.it\/#\/schema\/person\/d6d60e821a49d2a420ffe01f7af79dd8\"},\"breadcrumb\":{\"@id\":\"https:\/\/www.shalom.it\/italia\/gesto-ingiustificabile-ma-ce-clima-di-odio-fadlun-sul-25-aprile-a-il-messaggero\/#breadcrumb\"},\"inLanguage\":\"it-IT\",\"potentialAction\":[{\"@type\":\"ReadAction\",\"target\":[\"https:\/\/www.shalom.it\/italia\/gesto-ingiustificabile-ma-ce-clima-di-odio-fadlun-sul-25-aprile-a-il-messaggero\/\"]}]},{\"@type\":\"ImageObject\",\"inLanguage\":\"it-IT\",\"@id\":\"https:\/\/www.shalom.it\/italia\/gesto-ingiustificabile-ma-ce-clima-di-odio-fadlun-sul-25-aprile-a-il-messaggero\/#primaryimage\",\"url\":\"https:\/\/www.shalom.it\/wp-content\/uploads\/2026\/04\/fadlun-ok.jpeg\",\"contentUrl\":\"https:\/\/www.shalom.it\/wp-content\/uploads\/2026\/04\/fadlun-ok.jpeg\",\"width\":1215,\"height\":1280},{\"@type\":\"BreadcrumbList\",\"@id\":\"https:\/\/www.shalom.it\/italia\/gesto-ingiustificabile-ma-ce-clima-di-odio-fadlun-sul-25-aprile-a-il-messaggero\/#breadcrumb\",\"itemListElement\":[{\"@type\":\"ListItem\",\"position\":1,\"name\":\"Home\",\"item\":\"https:\/\/www.shalom.it\/\"},{\"@type\":\"ListItem\",\"position\":2,\"name\":\"\u201cGesto ingiustificabile. Ma c\u2019\u00e8 clima di odio\u201d: Fadlun sul 25 aprile a Il Messaggero\"}]},{\"@type\":\"WebSite\",\"@id\":\"https:\/\/www.shalom.it\/#website\",\"url\":\"https:\/\/www.shalom.it\/\",\"name\":\"Shalom\",\"description\":\"Il Magazine della comunit\u00e0 ebraica di Roma\",\"potentialAction\":[{\"@type\":\"SearchAction\",\"target\":{\"@type\":\"EntryPoint\",\"urlTemplate\":\"https:\/\/www.shalom.it\/?s={search_term_string}\"},\"query-input\":{\"@type\":\"PropertyValueSpecification\",\"valueRequired\":true,\"valueName\":\"search_term_string\"}}],\"inLanguage\":\"it-IT\"},{\"@type\":\"Person\",\"@id\":\"https:\/\/www.shalom.it\/#\/schema\/person\/d6d60e821a49d2a420ffe01f7af79dd8\",\"name\":\"Redazione\",\"url\":\"https:\/\/www.shalom.it\/author\/redazione\/\"}]}<\/script>\n<!-- \/ Yoast SEO plugin. -->","yoast_head_json":{"title":"\u201cGesto ingiustificabile. Ma c\u2019\u00e8 clima di odio\u201d: Fadlun sul 25 aprile a Il Messaggero - Shalom","robots":{"index":"index","follow":"follow","max-snippet":"max-snippet:-1","max-image-preview":"max-image-preview:large","max-video-preview":"max-video-preview:-1"},"canonical":"https:\/\/www.shalom.it\/italia\/gesto-ingiustificabile-ma-ce-clima-di-odio-fadlun-sul-25-aprile-a-il-messaggero\/","og_locale":"it_IT","og_type":"article","og_title":"\u201cGesto ingiustificabile. Ma c\u2019\u00e8 clima di odio\u201d: Fadlun sul 25 aprile a Il Messaggero - Shalom","og_description":"\u201cUn gesto ingiustificabile\u201d, inserito per\u00f2 in un contesto pi\u00f9 ampio: un clima di crescente odio antisemita. \u00c8 il messaggio che emerge dall\u2019intervista di oggi al Presidente della Comunit\u00e0 ebraica di Roma \u2013 Cer, Victor Fadlun, rilasciata a Il Messaggero, dopo il fermo del ventunenne che ha confessato di aver sparato alcuni colpi con una pistola [&hellip;]","og_url":"https:\/\/www.shalom.it\/italia\/gesto-ingiustificabile-ma-ce-clima-di-odio-fadlun-sul-25-aprile-a-il-messaggero\/","og_site_name":"Shalom","article_published_time":"2026-04-30T10:15:40+00:00","og_image":[{"width":1215,"height":1280,"url":"https:\/\/www.shalom.it\/wp-content\/uploads\/2026\/04\/fadlun-ok.jpeg","type":"image\/jpeg"}],"author":"Redazione","twitter_card":"summary_large_image","twitter_misc":{"Scritto da":"Redazione","Tempo di lettura stimato":"3 minuti"},"schema":{"@context":"https:\/\/schema.org","@graph":[{"@type":"Article","@id":"https:\/\/www.shalom.it\/italia\/gesto-ingiustificabile-ma-ce-clima-di-odio-fadlun-sul-25-aprile-a-il-messaggero\/#article","isPartOf":{"@id":"https:\/\/www.shalom.it\/italia\/gesto-ingiustificabile-ma-ce-clima-di-odio-fadlun-sul-25-aprile-a-il-messaggero\/"},"author":{"name":"Redazione","@id":"https:\/\/www.shalom.it\/#\/schema\/person\/d6d60e821a49d2a420ffe01f7af79dd8"},"headline":"\u201cGesto ingiustificabile. Ma c\u2019\u00e8 clima di odio\u201d: Fadlun sul 25 aprile a Il Messaggero","datePublished":"2026-04-30T10:15:40+00:00","mainEntityOfPage":{"@id":"https:\/\/www.shalom.it\/italia\/gesto-ingiustificabile-ma-ce-clima-di-odio-fadlun-sul-25-aprile-a-il-messaggero\/"},"wordCount":378,"image":{"@id":"https:\/\/www.shalom.it\/italia\/gesto-ingiustificabile-ma-ce-clima-di-odio-fadlun-sul-25-aprile-a-il-messaggero\/#primaryimage"},"thumbnailUrl":"https:\/\/www.shalom.it\/wp-content\/uploads\/2026\/04\/fadlun-ok.jpeg","articleSection":["ITALIA"],"inLanguage":"it-IT"},{"@type":"WebPage","@id":"https:\/\/www.shalom.it\/italia\/gesto-ingiustificabile-ma-ce-clima-di-odio-fadlun-sul-25-aprile-a-il-messaggero\/","url":"https:\/\/www.shalom.it\/italia\/gesto-ingiustificabile-ma-ce-clima-di-odio-fadlun-sul-25-aprile-a-il-messaggero\/","name":"\u201cGesto ingiustificabile. Ma c\u2019\u00e8 clima di odio\u201d: Fadlun sul 25 aprile a Il Messaggero - Shalom","isPartOf":{"@id":"https:\/\/www.shalom.it\/#website"},"primaryImageOfPage":{"@id":"https:\/\/www.shalom.it\/italia\/gesto-ingiustificabile-ma-ce-clima-di-odio-fadlun-sul-25-aprile-a-il-messaggero\/#primaryimage"},"image":{"@id":"https:\/\/www.shalom.it\/italia\/gesto-ingiustificabile-ma-ce-clima-di-odio-fadlun-sul-25-aprile-a-il-messaggero\/#primaryimage"},"thumbnailUrl":"https:\/\/www.shalom.it\/wp-content\/uploads\/2026\/04\/fadlun-ok.jpeg","datePublished":"2026-04-30T10:15:40+00:00","author":{"@id":"https:\/\/www.shalom.it\/#\/schema\/person\/d6d60e821a49d2a420ffe01f7af79dd8"},"breadcrumb":{"@id":"https:\/\/www.shalom.it\/italia\/gesto-ingiustificabile-ma-ce-clima-di-odio-fadlun-sul-25-aprile-a-il-messaggero\/#breadcrumb"},"inLanguage":"it-IT","potentialAction":[{"@type":"ReadAction","target":["https:\/\/www.shalom.it\/italia\/gesto-ingiustificabile-ma-ce-clima-di-odio-fadlun-sul-25-aprile-a-il-messaggero\/"]}]},{"@type":"ImageObject","inLanguage":"it-IT","@id":"https:\/\/www.shalom.it\/italia\/gesto-ingiustificabile-ma-ce-clima-di-odio-fadlun-sul-25-aprile-a-il-messaggero\/#primaryimage","url":"https:\/\/www.shalom.it\/wp-content\/uploads\/2026\/04\/fadlun-ok.jpeg","contentUrl":"https:\/\/www.shalom.it\/wp-content\/uploads\/2026\/04\/fadlun-ok.jpeg","width":1215,"height":1280},{"@type":"BreadcrumbList","@id":"https:\/\/www.shalom.it\/italia\/gesto-ingiustificabile-ma-ce-clima-di-odio-fadlun-sul-25-aprile-a-il-messaggero\/#breadcrumb","itemListElement":[{"@type":"ListItem","position":1,"name":"Home","item":"https:\/\/www.shalom.it\/"},{"@type":"ListItem","position":2,"name":"\u201cGesto ingiustificabile. Ma c\u2019\u00e8 clima di odio\u201d: Fadlun sul 25 aprile a Il Messaggero"}]},{"@type":"WebSite","@id":"https:\/\/www.shalom.it\/#website","url":"https:\/\/www.shalom.it\/","name":"Shalom","description":"Il Magazine della comunit\u00e0 ebraica di Roma","potentialAction":[{"@type":"SearchAction","target":{"@type":"EntryPoint","urlTemplate":"https:\/\/www.shalom.it\/?s={search_term_string}"},"query-input":{"@type":"PropertyValueSpecification","valueRequired":true,"valueName":"search_term_string"}}],"inLanguage":"it-IT"},{"@type":"Person","@id":"https:\/\/www.shalom.it\/#\/schema\/person\/d6d60e821a49d2a420ffe01f7af79dd8","name":"Redazione","url":"https:\/\/www.shalom.it\/author\/redazione\/"}]}},"jetpack_featured_media_url":"https:\/\/www.shalom.it\/wp-content\/uploads\/2026\/04\/fadlun-ok.jpeg","jetpack_sharing_enabled":true,"_links":{"self":[{"href":"https:\/\/www.shalom.it\/wp-json\/wp\/v2\/posts\/126969","targetHints":{"allow":["GET"]}}],"collection":[{"href":"https:\/\/www.shalom.it\/wp-json\/wp\/v2\/posts"}],"about":[{"href":"https:\/\/www.shalom.it\/wp-json\/wp\/v2\/types\/post"}],"author":[{"embeddable":true,"href":"https:\/\/www.shalom.it\/wp-json\/wp\/v2\/users\/3"}],"replies":[{"embeddable":true,"href":"https:\/\/www.shalom.it\/wp-json\/wp\/v2\/comments?post=126969"}],"version-history":[{"count":1,"href":"https:\/\/www.shalom.it\/wp-json\/wp\/v2\/posts\/126969\/revisions"}],"predecessor-version":[{"id":126971,"href":"https:\/\/www.shalom.it\/wp-json\/wp\/v2\/posts\/126969\/revisions\/126971"}],"wp:featuredmedia":[{"embeddable":true,"href":"https:\/\/www.shalom.it\/wp-json\/wp\/v2\/media\/126970"}],"wp:attachment":[{"href":"https:\/\/www.shalom.it\/wp-json\/wp\/v2\/media?parent=126969"}],"wp:term":[{"taxonomy":"category","embeddable":true,"href":"https:\/\/www.shalom.it\/wp-json\/wp\/v2\/categories?post=126969"},{"taxonomy":"post_tag","embeddable":true,"href":"https:\/\/www.shalom.it\/wp-json\/wp\/v2\/tags?post=126969"}],"curies":[{"name":"wp","href":"https:\/\/api.w.org\/{rel}","templated":true}]}}