{"id":126939,"date":"2026-04-28T15:42:31","date_gmt":"2026-04-28T13:42:31","guid":{"rendered":"https:\/\/www.shalom.it\/?p=126939"},"modified":"2026-04-28T15:42:31","modified_gmt":"2026-04-28T13:42:31","slug":"bruxelles-targa-in-cattedrale-per-scusarsi-dellaccusa-del-sangue","status":"publish","type":"post","link":"https:\/\/www.shalom.it\/europa\/bruxelles-targa-in-cattedrale-per-scusarsi-dellaccusa-del-sangue\/","title":{"rendered":"Bruxelles: targa in cattedrale per scusarsi dell\u2019accusa del sangue"},"content":{"rendered":"<p>Nella cattedrale di San Michele e Santa Gudula, a Bruxelles, \u00e8 stata inaugurata una nuova targa esplicativa al fine di contestualizzare storicamente le vetrate che rievocano il \u201cSacramento del Miracolo\u201d, episodio dagli evidenti contenuti antisemiti.<\/p>\n<p><img loading=\"lazy\" decoding=\"async\" class=\"alignnone size-full wp-image-126941\" src=\"https:\/\/www.shalom.it\/wp-content\/uploads\/2026\/04\/vetrata.jpeg\" alt=\"\" width=\"959\" height=\"626\" srcset=\"https:\/\/www.shalom.it\/wp-content\/uploads\/2026\/04\/vetrata.jpeg 959w, https:\/\/www.shalom.it\/wp-content\/uploads\/2026\/04\/vetrata-300x196.jpeg 300w, https:\/\/www.shalom.it\/wp-content\/uploads\/2026\/04\/vetrata-768x501.jpeg 768w\" sizes=\"auto, (max-width: 959px) 100vw, 959px\" \/><\/p>\n<p>La cerimonia si \u00e8 svolta alla presenza dell&#8217;Arcivescovo Luc Terlinden e del Rabbino Capo della citt\u00e0 Albert Guigui. La targa contiene scuse formali per le accuse rivolte ingiustamente alla comunit\u00e0 ebraica nel 1370, chiedendo perdono &#8220;per la sofferenza causata&#8221;.<br \/>\nIl \u201cSacramento del Miracolo\u201d, noto anche come massacro di Bruxelles, si riferirebbe a un presunto evento avvenuto il Venerd\u00ec Santo del 1370. Secondo la narrazione tradizionale, alcuni ebrei avrebbero profanato ostie eucaristiche, dalle quali sarebbe sgorgato sangue, dando origine al cosiddetto &#8220;miracolo eucaristico&#8221;. In seguito a queste accuse, diversi ebrei furono giustiziati sul rogo e il resto della comunit\u00e0 ebraica fu espulso dalla citt\u00e0. L&#8217;episodio divenne per secoli il fondamento di una processione annuale. Le vetrate, aggiunte nel Novecento, rappresentano tali eventi con raffigurazioni caricaturali, tra cui le scene di ebrei che trafiggevano le ostie con i coltelli.<br \/>\nLa targa, scritta in olandese, francese, inglese ed ebraico, intende offrire una lettura critica di queste immagini. Gi\u00e0 negli anni Settanta, era stata installata una prima targa, attraverso la quale le autorit\u00e0 diocesane di Mechelen-Bruxelles, &#8220;dopo aver preso atto delle ricerche storiche sull&#8217;argomento&#8221;, richiamavano l&#8217;attenzione dei lettori sulla &#8220;natura parziale delle accuse [contro gli ebrei accusati di profanazione] e sulla presentazione leggendaria del &#8216;miracolo&#8217; &#8220;.<br \/>\nIl Rabbino Capo Guigui ha espresso soddisfazione per l&#8217;iniziativa e per il dialogo con le autorit\u00e0 cattoliche di Bruxelles. \u201cLe immagini non vanno cancellate, perch\u00e9 fanno parte della storia, ma devono essere accompagnate da un linguaggio esplicativo, da una comprensione etica e spirituale che ci permetta di capire, contestualizzare e soprattutto evitare di ripetere il passato &#8211; ha affermato &#8211; In questo senso, l&#8217;approccio di oggi trasforma queste vetrate: non sono pi\u00f9 solo il riflesso di un passato doloroso, ma diventano anche il punto di partenza per una riflessione condivisa su verit\u00e0, memoria e responsabilit\u00e0\u201d. Guigui ha spiegato che l&#8217;obiettivo non \u00e8 &#8220;condannare, ma comprendere. Comprendere che certe storie possono aver inavvertitamente dato origine a percezioni negative e atteggiamenti di rifiuto &#8211; e ha aggiunto &#8211; Non possiamo cambiare il passato, ma possiamo decidere come tramandarlo. E in questo risiede un immenso dovere: garantire che le storie che un tempo ci dividevano, diventino opportunit\u00e0 di riconciliazione\u201d.<br \/>\nAnche l\u2019arcivescovo Terlinden ha affermato che si tratta di un nuovo passo nelle relazioni tra ebrei e cristiani in Belgio. Nel suo intervento ha chiesto perdono al popolo ebraico per &#8220;le sofferenze causate dagli eventi del 1370 e dall&#8217;antigiudaismo che ne segu\u00ec&#8221;.<\/p>\n<p><em>Nella foto di copertina: L\u2019Arcivescovo Luc Terlinden e il Rabbino Capo di Bruxelles, Albert Guigui. (photo credit: Archdiocese of Mechelen-Brussels)<\/em><\/p>\n","protected":false},"excerpt":{"rendered":"<p>Nella cattedrale di San Michele e Santa Gudula, a Bruxelles, \u00e8 stata inaugurata una nuova targa esplicativa al fine di contestualizzare storicamente le vetrate che rievocano il \u201cSacramento del Miracolo\u201d, episodio dagli evidenti contenuti antisemiti. La cerimonia si \u00e8 svolta alla presenza dell&#8217;Arcivescovo Luc Terlinden e del Rabbino Capo della citt\u00e0 Albert Guigui. La targa [&hellip;]<\/p>\n","protected":false},"author":3,"featured_media":126940,"comment_status":"closed","ping_status":"closed","sticky":false,"template":"","format":"standard","meta":{"_acf_changed":false,"_jetpack_memberships_contains_paid_content":false,"footnotes":""},"categories":[34],"tags":[],"class_list":["post-126939","post","type-post","status-publish","format-standard","has-post-thumbnail","hentry","category-europa"],"acf":[],"yoast_head":"<!-- This site is optimized with the Yoast SEO plugin v26.9 - https:\/\/yoast.com\/product\/yoast-seo-wordpress\/ -->\n<title>Bruxelles: targa in cattedrale per scusarsi dell\u2019accusa del sangue - Shalom<\/title>\n<meta name=\"robots\" content=\"index, follow, max-snippet:-1, max-image-preview:large, max-video-preview:-1\" \/>\n<link rel=\"canonical\" href=\"https:\/\/www.shalom.it\/europa\/bruxelles-targa-in-cattedrale-per-scusarsi-dellaccusa-del-sangue\/\" \/>\n<meta property=\"og:locale\" content=\"it_IT\" \/>\n<meta property=\"og:type\" content=\"article\" \/>\n<meta property=\"og:title\" content=\"Bruxelles: targa in cattedrale per scusarsi dell\u2019accusa del sangue - Shalom\" \/>\n<meta property=\"og:description\" content=\"Nella cattedrale di San Michele e Santa Gudula, a Bruxelles, \u00e8 stata inaugurata una nuova targa esplicativa al fine di contestualizzare storicamente le vetrate che rievocano il \u201cSacramento del Miracolo\u201d, episodio dagli evidenti contenuti antisemiti. La cerimonia si \u00e8 svolta alla presenza dell&#8217;Arcivescovo Luc Terlinden e del Rabbino Capo della citt\u00e0 Albert Guigui. La targa [&hellip;]\" \/>\n<meta property=\"og:url\" content=\"https:\/\/www.shalom.it\/europa\/bruxelles-targa-in-cattedrale-per-scusarsi-dellaccusa-del-sangue\/\" \/>\n<meta property=\"og:site_name\" content=\"Shalom\" \/>\n<meta property=\"article:published_time\" content=\"2026-04-28T13:42:31+00:00\" \/>\n<meta property=\"og:image\" content=\"https:\/\/www.shalom.it\/wp-content\/uploads\/2026\/04\/arcivescovo-Terlinden-e-rabbino-capo-Guigui.jpg\" \/>\n\t<meta property=\"og:image:width\" content=\"1280\" \/>\n\t<meta property=\"og:image:height\" content=\"720\" \/>\n\t<meta property=\"og:image:type\" content=\"image\/jpeg\" \/>\n<meta name=\"author\" content=\"Redazione\" \/>\n<meta name=\"twitter:card\" content=\"summary_large_image\" \/>\n<meta name=\"twitter:label1\" content=\"Scritto da\" \/>\n\t<meta name=\"twitter:data1\" content=\"Redazione\" \/>\n\t<meta name=\"twitter:label2\" content=\"Tempo di lettura stimato\" \/>\n\t<meta name=\"twitter:data2\" content=\"3 minuti\" \/>\n<script type=\"application\/ld+json\" class=\"yoast-schema-graph\">{\"@context\":\"https:\/\/schema.org\",\"@graph\":[{\"@type\":\"Article\",\"@id\":\"https:\/\/www.shalom.it\/europa\/bruxelles-targa-in-cattedrale-per-scusarsi-dellaccusa-del-sangue\/#article\",\"isPartOf\":{\"@id\":\"https:\/\/www.shalom.it\/europa\/bruxelles-targa-in-cattedrale-per-scusarsi-dellaccusa-del-sangue\/\"},\"author\":{\"name\":\"Redazione\",\"@id\":\"https:\/\/www.shalom.it\/#\/schema\/person\/d6d60e821a49d2a420ffe01f7af79dd8\"},\"headline\":\"Bruxelles: targa in cattedrale per scusarsi dell\u2019accusa del sangue\",\"datePublished\":\"2026-04-28T13:42:31+00:00\",\"mainEntityOfPage\":{\"@id\":\"https:\/\/www.shalom.it\/europa\/bruxelles-targa-in-cattedrale-per-scusarsi-dellaccusa-del-sangue\/\"},\"wordCount\":468,\"image\":{\"@id\":\"https:\/\/www.shalom.it\/europa\/bruxelles-targa-in-cattedrale-per-scusarsi-dellaccusa-del-sangue\/#primaryimage\"},\"thumbnailUrl\":\"https:\/\/www.shalom.it\/wp-content\/uploads\/2026\/04\/arcivescovo-Terlinden-e-rabbino-capo-Guigui.jpg\",\"articleSection\":[\"EUROPA\"],\"inLanguage\":\"it-IT\"},{\"@type\":\"WebPage\",\"@id\":\"https:\/\/www.shalom.it\/europa\/bruxelles-targa-in-cattedrale-per-scusarsi-dellaccusa-del-sangue\/\",\"url\":\"https:\/\/www.shalom.it\/europa\/bruxelles-targa-in-cattedrale-per-scusarsi-dellaccusa-del-sangue\/\",\"name\":\"Bruxelles: targa in cattedrale per scusarsi dell\u2019accusa del sangue - Shalom\",\"isPartOf\":{\"@id\":\"https:\/\/www.shalom.it\/#website\"},\"primaryImageOfPage\":{\"@id\":\"https:\/\/www.shalom.it\/europa\/bruxelles-targa-in-cattedrale-per-scusarsi-dellaccusa-del-sangue\/#primaryimage\"},\"image\":{\"@id\":\"https:\/\/www.shalom.it\/europa\/bruxelles-targa-in-cattedrale-per-scusarsi-dellaccusa-del-sangue\/#primaryimage\"},\"thumbnailUrl\":\"https:\/\/www.shalom.it\/wp-content\/uploads\/2026\/04\/arcivescovo-Terlinden-e-rabbino-capo-Guigui.jpg\",\"datePublished\":\"2026-04-28T13:42:31+00:00\",\"author\":{\"@id\":\"https:\/\/www.shalom.it\/#\/schema\/person\/d6d60e821a49d2a420ffe01f7af79dd8\"},\"breadcrumb\":{\"@id\":\"https:\/\/www.shalom.it\/europa\/bruxelles-targa-in-cattedrale-per-scusarsi-dellaccusa-del-sangue\/#breadcrumb\"},\"inLanguage\":\"it-IT\",\"potentialAction\":[{\"@type\":\"ReadAction\",\"target\":[\"https:\/\/www.shalom.it\/europa\/bruxelles-targa-in-cattedrale-per-scusarsi-dellaccusa-del-sangue\/\"]}]},{\"@type\":\"ImageObject\",\"inLanguage\":\"it-IT\",\"@id\":\"https:\/\/www.shalom.it\/europa\/bruxelles-targa-in-cattedrale-per-scusarsi-dellaccusa-del-sangue\/#primaryimage\",\"url\":\"https:\/\/www.shalom.it\/wp-content\/uploads\/2026\/04\/arcivescovo-Terlinden-e-rabbino-capo-Guigui.jpg\",\"contentUrl\":\"https:\/\/www.shalom.it\/wp-content\/uploads\/2026\/04\/arcivescovo-Terlinden-e-rabbino-capo-Guigui.jpg\",\"width\":1280,\"height\":720},{\"@type\":\"BreadcrumbList\",\"@id\":\"https:\/\/www.shalom.it\/europa\/bruxelles-targa-in-cattedrale-per-scusarsi-dellaccusa-del-sangue\/#breadcrumb\",\"itemListElement\":[{\"@type\":\"ListItem\",\"position\":1,\"name\":\"Home\",\"item\":\"https:\/\/www.shalom.it\/\"},{\"@type\":\"ListItem\",\"position\":2,\"name\":\"Bruxelles: targa in cattedrale per scusarsi dell\u2019accusa del sangue\"}]},{\"@type\":\"WebSite\",\"@id\":\"https:\/\/www.shalom.it\/#website\",\"url\":\"https:\/\/www.shalom.it\/\",\"name\":\"Shalom\",\"description\":\"Il Magazine della comunit\u00e0 ebraica di Roma\",\"potentialAction\":[{\"@type\":\"SearchAction\",\"target\":{\"@type\":\"EntryPoint\",\"urlTemplate\":\"https:\/\/www.shalom.it\/?s={search_term_string}\"},\"query-input\":{\"@type\":\"PropertyValueSpecification\",\"valueRequired\":true,\"valueName\":\"search_term_string\"}}],\"inLanguage\":\"it-IT\"},{\"@type\":\"Person\",\"@id\":\"https:\/\/www.shalom.it\/#\/schema\/person\/d6d60e821a49d2a420ffe01f7af79dd8\",\"name\":\"Redazione\",\"url\":\"https:\/\/www.shalom.it\/author\/redazione\/\"}]}<\/script>\n<!-- \/ Yoast SEO plugin. -->","yoast_head_json":{"title":"Bruxelles: targa in cattedrale per scusarsi dell\u2019accusa del sangue - Shalom","robots":{"index":"index","follow":"follow","max-snippet":"max-snippet:-1","max-image-preview":"max-image-preview:large","max-video-preview":"max-video-preview:-1"},"canonical":"https:\/\/www.shalom.it\/europa\/bruxelles-targa-in-cattedrale-per-scusarsi-dellaccusa-del-sangue\/","og_locale":"it_IT","og_type":"article","og_title":"Bruxelles: targa in cattedrale per scusarsi dell\u2019accusa del sangue - Shalom","og_description":"Nella cattedrale di San Michele e Santa Gudula, a Bruxelles, \u00e8 stata inaugurata una nuova targa esplicativa al fine di contestualizzare storicamente le vetrate che rievocano il \u201cSacramento del Miracolo\u201d, episodio dagli evidenti contenuti antisemiti. La cerimonia si \u00e8 svolta alla presenza dell&#8217;Arcivescovo Luc Terlinden e del Rabbino Capo della citt\u00e0 Albert Guigui. La targa [&hellip;]","og_url":"https:\/\/www.shalom.it\/europa\/bruxelles-targa-in-cattedrale-per-scusarsi-dellaccusa-del-sangue\/","og_site_name":"Shalom","article_published_time":"2026-04-28T13:42:31+00:00","og_image":[{"width":1280,"height":720,"url":"https:\/\/www.shalom.it\/wp-content\/uploads\/2026\/04\/arcivescovo-Terlinden-e-rabbino-capo-Guigui.jpg","type":"image\/jpeg"}],"author":"Redazione","twitter_card":"summary_large_image","twitter_misc":{"Scritto da":"Redazione","Tempo di lettura stimato":"3 minuti"},"schema":{"@context":"https:\/\/schema.org","@graph":[{"@type":"Article","@id":"https:\/\/www.shalom.it\/europa\/bruxelles-targa-in-cattedrale-per-scusarsi-dellaccusa-del-sangue\/#article","isPartOf":{"@id":"https:\/\/www.shalom.it\/europa\/bruxelles-targa-in-cattedrale-per-scusarsi-dellaccusa-del-sangue\/"},"author":{"name":"Redazione","@id":"https:\/\/www.shalom.it\/#\/schema\/person\/d6d60e821a49d2a420ffe01f7af79dd8"},"headline":"Bruxelles: targa in cattedrale per scusarsi dell\u2019accusa del sangue","datePublished":"2026-04-28T13:42:31+00:00","mainEntityOfPage":{"@id":"https:\/\/www.shalom.it\/europa\/bruxelles-targa-in-cattedrale-per-scusarsi-dellaccusa-del-sangue\/"},"wordCount":468,"image":{"@id":"https:\/\/www.shalom.it\/europa\/bruxelles-targa-in-cattedrale-per-scusarsi-dellaccusa-del-sangue\/#primaryimage"},"thumbnailUrl":"https:\/\/www.shalom.it\/wp-content\/uploads\/2026\/04\/arcivescovo-Terlinden-e-rabbino-capo-Guigui.jpg","articleSection":["EUROPA"],"inLanguage":"it-IT"},{"@type":"WebPage","@id":"https:\/\/www.shalom.it\/europa\/bruxelles-targa-in-cattedrale-per-scusarsi-dellaccusa-del-sangue\/","url":"https:\/\/www.shalom.it\/europa\/bruxelles-targa-in-cattedrale-per-scusarsi-dellaccusa-del-sangue\/","name":"Bruxelles: targa in cattedrale per scusarsi dell\u2019accusa del sangue - Shalom","isPartOf":{"@id":"https:\/\/www.shalom.it\/#website"},"primaryImageOfPage":{"@id":"https:\/\/www.shalom.it\/europa\/bruxelles-targa-in-cattedrale-per-scusarsi-dellaccusa-del-sangue\/#primaryimage"},"image":{"@id":"https:\/\/www.shalom.it\/europa\/bruxelles-targa-in-cattedrale-per-scusarsi-dellaccusa-del-sangue\/#primaryimage"},"thumbnailUrl":"https:\/\/www.shalom.it\/wp-content\/uploads\/2026\/04\/arcivescovo-Terlinden-e-rabbino-capo-Guigui.jpg","datePublished":"2026-04-28T13:42:31+00:00","author":{"@id":"https:\/\/www.shalom.it\/#\/schema\/person\/d6d60e821a49d2a420ffe01f7af79dd8"},"breadcrumb":{"@id":"https:\/\/www.shalom.it\/europa\/bruxelles-targa-in-cattedrale-per-scusarsi-dellaccusa-del-sangue\/#breadcrumb"},"inLanguage":"it-IT","potentialAction":[{"@type":"ReadAction","target":["https:\/\/www.shalom.it\/europa\/bruxelles-targa-in-cattedrale-per-scusarsi-dellaccusa-del-sangue\/"]}]},{"@type":"ImageObject","inLanguage":"it-IT","@id":"https:\/\/www.shalom.it\/europa\/bruxelles-targa-in-cattedrale-per-scusarsi-dellaccusa-del-sangue\/#primaryimage","url":"https:\/\/www.shalom.it\/wp-content\/uploads\/2026\/04\/arcivescovo-Terlinden-e-rabbino-capo-Guigui.jpg","contentUrl":"https:\/\/www.shalom.it\/wp-content\/uploads\/2026\/04\/arcivescovo-Terlinden-e-rabbino-capo-Guigui.jpg","width":1280,"height":720},{"@type":"BreadcrumbList","@id":"https:\/\/www.shalom.it\/europa\/bruxelles-targa-in-cattedrale-per-scusarsi-dellaccusa-del-sangue\/#breadcrumb","itemListElement":[{"@type":"ListItem","position":1,"name":"Home","item":"https:\/\/www.shalom.it\/"},{"@type":"ListItem","position":2,"name":"Bruxelles: targa in cattedrale per scusarsi dell\u2019accusa del sangue"}]},{"@type":"WebSite","@id":"https:\/\/www.shalom.it\/#website","url":"https:\/\/www.shalom.it\/","name":"Shalom","description":"Il Magazine della comunit\u00e0 ebraica di Roma","potentialAction":[{"@type":"SearchAction","target":{"@type":"EntryPoint","urlTemplate":"https:\/\/www.shalom.it\/?s={search_term_string}"},"query-input":{"@type":"PropertyValueSpecification","valueRequired":true,"valueName":"search_term_string"}}],"inLanguage":"it-IT"},{"@type":"Person","@id":"https:\/\/www.shalom.it\/#\/schema\/person\/d6d60e821a49d2a420ffe01f7af79dd8","name":"Redazione","url":"https:\/\/www.shalom.it\/author\/redazione\/"}]}},"jetpack_featured_media_url":"https:\/\/www.shalom.it\/wp-content\/uploads\/2026\/04\/arcivescovo-Terlinden-e-rabbino-capo-Guigui.jpg","jetpack_sharing_enabled":true,"_links":{"self":[{"href":"https:\/\/www.shalom.it\/wp-json\/wp\/v2\/posts\/126939","targetHints":{"allow":["GET"]}}],"collection":[{"href":"https:\/\/www.shalom.it\/wp-json\/wp\/v2\/posts"}],"about":[{"href":"https:\/\/www.shalom.it\/wp-json\/wp\/v2\/types\/post"}],"author":[{"embeddable":true,"href":"https:\/\/www.shalom.it\/wp-json\/wp\/v2\/users\/3"}],"replies":[{"embeddable":true,"href":"https:\/\/www.shalom.it\/wp-json\/wp\/v2\/comments?post=126939"}],"version-history":[{"count":1,"href":"https:\/\/www.shalom.it\/wp-json\/wp\/v2\/posts\/126939\/revisions"}],"predecessor-version":[{"id":126942,"href":"https:\/\/www.shalom.it\/wp-json\/wp\/v2\/posts\/126939\/revisions\/126942"}],"wp:featuredmedia":[{"embeddable":true,"href":"https:\/\/www.shalom.it\/wp-json\/wp\/v2\/media\/126940"}],"wp:attachment":[{"href":"https:\/\/www.shalom.it\/wp-json\/wp\/v2\/media?parent=126939"}],"wp:term":[{"taxonomy":"category","embeddable":true,"href":"https:\/\/www.shalom.it\/wp-json\/wp\/v2\/categories?post=126939"},{"taxonomy":"post_tag","embeddable":true,"href":"https:\/\/www.shalom.it\/wp-json\/wp\/v2\/tags?post=126939"}],"curies":[{"name":"wp","href":"https:\/\/api.w.org\/{rel}","templated":true}]}}