{"id":126936,"date":"2026-05-01T04:00:17","date_gmt":"2026-05-01T02:00:17","guid":{"rendered":"https:\/\/www.shalom.it\/?p=126936"},"modified":"2026-04-28T13:50:24","modified_gmt":"2026-04-28T11:50:24","slug":"parasha-di-emor-perche-gli-ebrei-sono-chiamati-adam","status":"publish","type":"post","link":"https:\/\/www.shalom.it\/idee-pensiero-ebraico\/parasha-di-emor-perche-gli-ebrei-sono-chiamati-adam\/","title":{"rendered":"Parash\u00e0 di Em\u00f2r: perch\u00e9 gli ebrei sono chiamati \u201cAd\u00e0m\u201d"},"content":{"rendered":"<p>Il <strong>Maimonide<\/strong> (Cordova, 1138-1204, Il Cairo) nel <em>Mishn\u00e8 Tor\u00e0 <\/em>(<em>Hilkh\u00f2t Yesod\u00e8 Ha-Tor\u00e0<\/em>, cap. 5:1) cita un versetto dalla nostra <em>parash\u00e0<\/em>. Egli scrive: \u201cL&#8217;intera casa d&#8217;Israele ha il comandamento di santificare il grande nome (di Dio), come \u00e8 detto (<em>Vaykr\u00e0<\/em>, 22:32): \u00abSar\u00f2 santificato in mezzo ai figli d&#8217;Israele\u00bb (<em>Kidd\u00f9sh Hashem<\/em>). Inoltre, \u00e8 stato loro comandato di non profanarlo, come \u00e8 detto (nel versetto sopra citato): \u00abNon profanate il Mio santo nome\u00bb (<em>Chill\u00f9l Hashem<\/em>). Per esempio: Se un gentile decidesse di costringere un ebreo a violare uno dei comandamenti della Tor\u00e0, pena la morte, dovrebbe violare il comandamento piuttosto che essere ucciso, perch\u00e9 riguardo alle<em> mitzv\u00f2t <\/em>\u00e8 detto: (<em>Vaykr\u00e0<\/em>, 18:5): \u00abche l&#8217;uomo osserver\u00e0 e vivr\u00e0 per mezzo di esse\u00bb. [Sono state date affinch\u00e9] si possa vivere per mezzo di esse e non morire a causa di esse. Se una persona muore piuttosto che trasgredire, \u00e8 ritenuta responsabile della propria vita\u201d.<\/p>\n<p>Nel seguente paragrafo \u00e8 scritto: \u201cQuesta regola vale per tutte le <em>mitzv\u00f2t<\/em>, ad eccezione di <em>\u2018avod\u00e0 zar\u00e0 <\/em>(adorare altre divinit\u00e0), di rapporti sessuali proibiti e dell&#8217;omicidio. Per quanto concerne questi tre peccati, se a una persona viene dato questo ordine: \u00abTrasgredisci uno di essi, oppure sarai ucciso\u00bb, essa deve sacrificare la propria vita piuttosto che trasgredire\u201d (ibid., 5:2).<\/p>\n<p>In un paragrafo pi\u00f9 in l\u00e0 \u00e8 scritto: \u201cVi sono altre azioni che rientrano anch&#8217;esse nella categoria della profanazione del Nome [di Dio], qualora vengano compiute da una persona di grande statura nella Tor\u00e0, rinomata per la sua religiosit\u00e0; si tratta, cio\u00e8, di azioni che, sebbene non costituiscano trasgressioni, inducono le persone a parlarne in termini denigratori. Anche questo costituisce una profanazione del Nome [di Dio]. Un esempio \u00e8 quello di colui che acquista della merce e non la paga subito, pur disponendo del denaro necessario, cosicch\u00e9 i venditori ne reclamano il pagamento ed egli lo rimanda; (un altro esempio \u00e8 quello di) colui che indulge in scherzi in modo smodato; oppure colui che mangia e beve in prossimit\u00e0 o in mezzo alla gente comune; o ancora, colui la cui condotta nei confronti degli altri non \u00e8 affabile, che non li accoglie con volto benevolo, bens\u00ec litiga con loro e sfoga la propria ira; e azioni simili. Tutto dipende dalla statura del saggio: [la misura in cui] egli deve vigilare su se stesso e andare oltre il rigore della legge\u201d [\u00e8 proporzionale al livello della sua statura nella Tor\u00e0] (ibid., 5:12).<\/p>\n<p>E poi vi \u00e8 anche il \u201c<em>Chill\u00f9l Hashem<\/em>\u201d, profanazione del Nome di Dio, quando ci si comporta in modo tale che i gentili sparlano degli ebrei.<\/p>\n<p><strong>R. Hershel Schachter <\/strong>(Scranton, 1941-) in<em> Insight and Attitudes <\/em>(p.165) in una <em>derash\u00e0<\/em> intitolata \u201c<em>Chill\u00f9l Hashem<\/em>\u201d, cita r. <strong>Yitzchak Elchanan Spector<\/strong> (Belarus, 1817-1896, Kaunas) che cit\u00f2 il passo talmudico (<em>Yevam\u00f2t<\/em>, 61a) dove \u00e8 detto: \u201cVoi siete chiamati <em>Ad\u00e0m <\/em>e le nazioni del mondo non sono chiamate<em> Ad\u00e0m<\/em>\u201d. R. Spector spieg\u00f2 la differenza tra le parole \u201c<em>Ad\u00e0m, Ish, En\u00f2sh <\/em>e<em> Gh\u00e8ver<\/em>\u201d che sono omonimi nel senso che si traducono tutte e quattro con la parola \u201cUomo\u201d. La differenza tra di esse \u00e8 che \u201c<em>Ad\u00e0m<\/em>\u201d non ha plurale mentre \u201c<em>Ish<\/em>\u201d, \u201c<em>En\u00f2sh<\/em>\u201d e \u201c<em>Gh\u00e8ver\u201d<\/em> hanno il plurale (<em>anash\u00ecm, ghevar\u00ecm<\/em>). Riguardo al popolo ebraico, \u00e8 detto \u201cVoi siete chiamati <em>Ad\u00e0m<\/em>\u201d al singolare, perch\u00e9 siamo un\u2019unit\u00e0. L\u2019individuo ebreo rappresenta l\u2019intera nazione perch\u00e9 riguardo agli ebrei vi \u00e8 il principio della \u201c\u2018<em>arev\u00f9t<\/em>\u201d cio\u00e8 che \u201cTutti gli ebrei sono responsabili l\u2019uno con l\u2019altro\u201d (Trattato <em>Shevu\u2019ot<\/em>, 39a, ultima riga). Un ebreo che si comporta in modo improprio porta disgrazia a tutta la nazione e alla sua religione perch\u00e9 siamo tutti un\u2019unit\u00e0 chiamata \u201c<em>Ad\u00e0m<\/em>\u201d.<\/p>\n","protected":false},"excerpt":{"rendered":"<p>Il Maimonide (Cordova, 1138-1204, Il Cairo) nel Mishn\u00e8 Tor\u00e0 (Hilkh\u00f2t Yesod\u00e8 Ha-Tor\u00e0, cap. 5:1) cita un versetto dalla nostra parash\u00e0. Egli scrive: \u201cL&#8217;intera casa d&#8217;Israele ha il comandamento di santificare il grande nome (di Dio), come \u00e8 detto (Vaykr\u00e0, 22:32): \u00abSar\u00f2 santificato in mezzo ai figli d&#8217;Israele\u00bb (Kidd\u00f9sh Hashem). Inoltre, \u00e8 stato loro comandato di [&hellip;]<\/p>\n","protected":false},"author":3,"featured_media":126937,"comment_status":"closed","ping_status":"closed","sticky":false,"template":"","format":"standard","meta":{"_acf_changed":false,"_jetpack_memberships_contains_paid_content":false,"footnotes":""},"categories":[9],"tags":[],"class_list":["post-126936","post","type-post","status-publish","format-standard","has-post-thumbnail","hentry","category-idee-pensiero-ebraico"],"acf":[],"yoast_head":"<!-- This site is optimized with the Yoast SEO plugin v26.9 - https:\/\/yoast.com\/product\/yoast-seo-wordpress\/ -->\n<title>Parash\u00e0 di Em\u00f2r: perch\u00e9 gli ebrei sono chiamati \u201cAd\u00e0m\u201d - Shalom<\/title>\n<meta name=\"robots\" content=\"index, follow, max-snippet:-1, max-image-preview:large, max-video-preview:-1\" \/>\n<link rel=\"canonical\" href=\"https:\/\/www.shalom.it\/idee-pensiero-ebraico\/parasha-di-emor-perche-gli-ebrei-sono-chiamati-adam\/\" \/>\n<meta property=\"og:locale\" content=\"it_IT\" \/>\n<meta property=\"og:type\" content=\"article\" \/>\n<meta property=\"og:title\" content=\"Parash\u00e0 di Em\u00f2r: perch\u00e9 gli ebrei sono chiamati \u201cAd\u00e0m\u201d - Shalom\" \/>\n<meta property=\"og:description\" content=\"Il Maimonide (Cordova, 1138-1204, Il Cairo) nel Mishn\u00e8 Tor\u00e0 (Hilkh\u00f2t Yesod\u00e8 Ha-Tor\u00e0, cap. 5:1) cita un versetto dalla nostra parash\u00e0. Egli scrive: \u201cL&#8217;intera casa d&#8217;Israele ha il comandamento di santificare il grande nome (di Dio), come \u00e8 detto (Vaykr\u00e0, 22:32): \u00abSar\u00f2 santificato in mezzo ai figli d&#8217;Israele\u00bb (Kidd\u00f9sh Hashem). Inoltre, \u00e8 stato loro comandato di [&hellip;]\" \/>\n<meta property=\"og:url\" content=\"https:\/\/www.shalom.it\/idee-pensiero-ebraico\/parasha-di-emor-perche-gli-ebrei-sono-chiamati-adam\/\" \/>\n<meta property=\"og:site_name\" content=\"Shalom\" \/>\n<meta property=\"article:published_time\" content=\"2026-05-01T02:00:17+00:00\" \/>\n<meta property=\"og:image\" content=\"https:\/\/www.shalom.it\/wp-content\/uploads\/2026\/04\/rav-Spector.jpg\" \/>\n\t<meta property=\"og:image:width\" content=\"1000\" \/>\n\t<meta property=\"og:image:height\" content=\"1125\" \/>\n\t<meta property=\"og:image:type\" content=\"image\/jpeg\" \/>\n<meta name=\"author\" content=\"Redazione\" \/>\n<meta name=\"twitter:card\" content=\"summary_large_image\" \/>\n<meta name=\"twitter:label1\" content=\"Scritto da\" \/>\n\t<meta name=\"twitter:data1\" content=\"Redazione\" \/>\n\t<meta name=\"twitter:label2\" content=\"Tempo di lettura stimato\" \/>\n\t<meta name=\"twitter:data2\" content=\"4 minuti\" \/>\n<script type=\"application\/ld+json\" class=\"yoast-schema-graph\">{\"@context\":\"https:\/\/schema.org\",\"@graph\":[{\"@type\":\"Article\",\"@id\":\"https:\/\/www.shalom.it\/idee-pensiero-ebraico\/parasha-di-emor-perche-gli-ebrei-sono-chiamati-adam\/#article\",\"isPartOf\":{\"@id\":\"https:\/\/www.shalom.it\/idee-pensiero-ebraico\/parasha-di-emor-perche-gli-ebrei-sono-chiamati-adam\/\"},\"author\":{\"name\":\"Redazione\",\"@id\":\"https:\/\/www.shalom.it\/#\/schema\/person\/d6d60e821a49d2a420ffe01f7af79dd8\"},\"headline\":\"Parash\u00e0 di Em\u00f2r: perch\u00e9 gli ebrei sono chiamati \u201cAd\u00e0m\u201d\",\"datePublished\":\"2026-05-01T02:00:17+00:00\",\"mainEntityOfPage\":{\"@id\":\"https:\/\/www.shalom.it\/idee-pensiero-ebraico\/parasha-di-emor-perche-gli-ebrei-sono-chiamati-adam\/\"},\"wordCount\":612,\"image\":{\"@id\":\"https:\/\/www.shalom.it\/idee-pensiero-ebraico\/parasha-di-emor-perche-gli-ebrei-sono-chiamati-adam\/#primaryimage\"},\"thumbnailUrl\":\"https:\/\/www.shalom.it\/wp-content\/uploads\/2026\/04\/rav-Spector.jpg\",\"articleSection\":[\"IDEE - PENSIERO EBRAICO\"],\"inLanguage\":\"it-IT\"},{\"@type\":\"WebPage\",\"@id\":\"https:\/\/www.shalom.it\/idee-pensiero-ebraico\/parasha-di-emor-perche-gli-ebrei-sono-chiamati-adam\/\",\"url\":\"https:\/\/www.shalom.it\/idee-pensiero-ebraico\/parasha-di-emor-perche-gli-ebrei-sono-chiamati-adam\/\",\"name\":\"Parash\u00e0 di Em\u00f2r: perch\u00e9 gli ebrei sono chiamati \u201cAd\u00e0m\u201d - Shalom\",\"isPartOf\":{\"@id\":\"https:\/\/www.shalom.it\/#website\"},\"primaryImageOfPage\":{\"@id\":\"https:\/\/www.shalom.it\/idee-pensiero-ebraico\/parasha-di-emor-perche-gli-ebrei-sono-chiamati-adam\/#primaryimage\"},\"image\":{\"@id\":\"https:\/\/www.shalom.it\/idee-pensiero-ebraico\/parasha-di-emor-perche-gli-ebrei-sono-chiamati-adam\/#primaryimage\"},\"thumbnailUrl\":\"https:\/\/www.shalom.it\/wp-content\/uploads\/2026\/04\/rav-Spector.jpg\",\"datePublished\":\"2026-05-01T02:00:17+00:00\",\"author\":{\"@id\":\"https:\/\/www.shalom.it\/#\/schema\/person\/d6d60e821a49d2a420ffe01f7af79dd8\"},\"breadcrumb\":{\"@id\":\"https:\/\/www.shalom.it\/idee-pensiero-ebraico\/parasha-di-emor-perche-gli-ebrei-sono-chiamati-adam\/#breadcrumb\"},\"inLanguage\":\"it-IT\",\"potentialAction\":[{\"@type\":\"ReadAction\",\"target\":[\"https:\/\/www.shalom.it\/idee-pensiero-ebraico\/parasha-di-emor-perche-gli-ebrei-sono-chiamati-adam\/\"]}]},{\"@type\":\"ImageObject\",\"inLanguage\":\"it-IT\",\"@id\":\"https:\/\/www.shalom.it\/idee-pensiero-ebraico\/parasha-di-emor-perche-gli-ebrei-sono-chiamati-adam\/#primaryimage\",\"url\":\"https:\/\/www.shalom.it\/wp-content\/uploads\/2026\/04\/rav-Spector.jpg\",\"contentUrl\":\"https:\/\/www.shalom.it\/wp-content\/uploads\/2026\/04\/rav-Spector.jpg\",\"width\":1000,\"height\":1125},{\"@type\":\"BreadcrumbList\",\"@id\":\"https:\/\/www.shalom.it\/idee-pensiero-ebraico\/parasha-di-emor-perche-gli-ebrei-sono-chiamati-adam\/#breadcrumb\",\"itemListElement\":[{\"@type\":\"ListItem\",\"position\":1,\"name\":\"Home\",\"item\":\"https:\/\/www.shalom.it\/\"},{\"@type\":\"ListItem\",\"position\":2,\"name\":\"Parash\u00e0 di Em\u00f2r: perch\u00e9 gli ebrei sono chiamati \u201cAd\u00e0m\u201d\"}]},{\"@type\":\"WebSite\",\"@id\":\"https:\/\/www.shalom.it\/#website\",\"url\":\"https:\/\/www.shalom.it\/\",\"name\":\"Shalom\",\"description\":\"Il Magazine della comunit\u00e0 ebraica di Roma\",\"potentialAction\":[{\"@type\":\"SearchAction\",\"target\":{\"@type\":\"EntryPoint\",\"urlTemplate\":\"https:\/\/www.shalom.it\/?s={search_term_string}\"},\"query-input\":{\"@type\":\"PropertyValueSpecification\",\"valueRequired\":true,\"valueName\":\"search_term_string\"}}],\"inLanguage\":\"it-IT\"},{\"@type\":\"Person\",\"@id\":\"https:\/\/www.shalom.it\/#\/schema\/person\/d6d60e821a49d2a420ffe01f7af79dd8\",\"name\":\"Redazione\",\"url\":\"https:\/\/www.shalom.it\/author\/redazione\/\"}]}<\/script>\n<!-- \/ Yoast SEO plugin. -->","yoast_head_json":{"title":"Parash\u00e0 di Em\u00f2r: perch\u00e9 gli ebrei sono chiamati \u201cAd\u00e0m\u201d - Shalom","robots":{"index":"index","follow":"follow","max-snippet":"max-snippet:-1","max-image-preview":"max-image-preview:large","max-video-preview":"max-video-preview:-1"},"canonical":"https:\/\/www.shalom.it\/idee-pensiero-ebraico\/parasha-di-emor-perche-gli-ebrei-sono-chiamati-adam\/","og_locale":"it_IT","og_type":"article","og_title":"Parash\u00e0 di Em\u00f2r: perch\u00e9 gli ebrei sono chiamati \u201cAd\u00e0m\u201d - Shalom","og_description":"Il Maimonide (Cordova, 1138-1204, Il Cairo) nel Mishn\u00e8 Tor\u00e0 (Hilkh\u00f2t Yesod\u00e8 Ha-Tor\u00e0, cap. 5:1) cita un versetto dalla nostra parash\u00e0. Egli scrive: \u201cL&#8217;intera casa d&#8217;Israele ha il comandamento di santificare il grande nome (di Dio), come \u00e8 detto (Vaykr\u00e0, 22:32): \u00abSar\u00f2 santificato in mezzo ai figli d&#8217;Israele\u00bb (Kidd\u00f9sh Hashem). Inoltre, \u00e8 stato loro comandato di [&hellip;]","og_url":"https:\/\/www.shalom.it\/idee-pensiero-ebraico\/parasha-di-emor-perche-gli-ebrei-sono-chiamati-adam\/","og_site_name":"Shalom","article_published_time":"2026-05-01T02:00:17+00:00","og_image":[{"width":1000,"height":1125,"url":"https:\/\/www.shalom.it\/wp-content\/uploads\/2026\/04\/rav-Spector.jpg","type":"image\/jpeg"}],"author":"Redazione","twitter_card":"summary_large_image","twitter_misc":{"Scritto da":"Redazione","Tempo di lettura stimato":"4 minuti"},"schema":{"@context":"https:\/\/schema.org","@graph":[{"@type":"Article","@id":"https:\/\/www.shalom.it\/idee-pensiero-ebraico\/parasha-di-emor-perche-gli-ebrei-sono-chiamati-adam\/#article","isPartOf":{"@id":"https:\/\/www.shalom.it\/idee-pensiero-ebraico\/parasha-di-emor-perche-gli-ebrei-sono-chiamati-adam\/"},"author":{"name":"Redazione","@id":"https:\/\/www.shalom.it\/#\/schema\/person\/d6d60e821a49d2a420ffe01f7af79dd8"},"headline":"Parash\u00e0 di Em\u00f2r: perch\u00e9 gli ebrei sono chiamati \u201cAd\u00e0m\u201d","datePublished":"2026-05-01T02:00:17+00:00","mainEntityOfPage":{"@id":"https:\/\/www.shalom.it\/idee-pensiero-ebraico\/parasha-di-emor-perche-gli-ebrei-sono-chiamati-adam\/"},"wordCount":612,"image":{"@id":"https:\/\/www.shalom.it\/idee-pensiero-ebraico\/parasha-di-emor-perche-gli-ebrei-sono-chiamati-adam\/#primaryimage"},"thumbnailUrl":"https:\/\/www.shalom.it\/wp-content\/uploads\/2026\/04\/rav-Spector.jpg","articleSection":["IDEE - PENSIERO EBRAICO"],"inLanguage":"it-IT"},{"@type":"WebPage","@id":"https:\/\/www.shalom.it\/idee-pensiero-ebraico\/parasha-di-emor-perche-gli-ebrei-sono-chiamati-adam\/","url":"https:\/\/www.shalom.it\/idee-pensiero-ebraico\/parasha-di-emor-perche-gli-ebrei-sono-chiamati-adam\/","name":"Parash\u00e0 di Em\u00f2r: perch\u00e9 gli ebrei sono chiamati \u201cAd\u00e0m\u201d - Shalom","isPartOf":{"@id":"https:\/\/www.shalom.it\/#website"},"primaryImageOfPage":{"@id":"https:\/\/www.shalom.it\/idee-pensiero-ebraico\/parasha-di-emor-perche-gli-ebrei-sono-chiamati-adam\/#primaryimage"},"image":{"@id":"https:\/\/www.shalom.it\/idee-pensiero-ebraico\/parasha-di-emor-perche-gli-ebrei-sono-chiamati-adam\/#primaryimage"},"thumbnailUrl":"https:\/\/www.shalom.it\/wp-content\/uploads\/2026\/04\/rav-Spector.jpg","datePublished":"2026-05-01T02:00:17+00:00","author":{"@id":"https:\/\/www.shalom.it\/#\/schema\/person\/d6d60e821a49d2a420ffe01f7af79dd8"},"breadcrumb":{"@id":"https:\/\/www.shalom.it\/idee-pensiero-ebraico\/parasha-di-emor-perche-gli-ebrei-sono-chiamati-adam\/#breadcrumb"},"inLanguage":"it-IT","potentialAction":[{"@type":"ReadAction","target":["https:\/\/www.shalom.it\/idee-pensiero-ebraico\/parasha-di-emor-perche-gli-ebrei-sono-chiamati-adam\/"]}]},{"@type":"ImageObject","inLanguage":"it-IT","@id":"https:\/\/www.shalom.it\/idee-pensiero-ebraico\/parasha-di-emor-perche-gli-ebrei-sono-chiamati-adam\/#primaryimage","url":"https:\/\/www.shalom.it\/wp-content\/uploads\/2026\/04\/rav-Spector.jpg","contentUrl":"https:\/\/www.shalom.it\/wp-content\/uploads\/2026\/04\/rav-Spector.jpg","width":1000,"height":1125},{"@type":"BreadcrumbList","@id":"https:\/\/www.shalom.it\/idee-pensiero-ebraico\/parasha-di-emor-perche-gli-ebrei-sono-chiamati-adam\/#breadcrumb","itemListElement":[{"@type":"ListItem","position":1,"name":"Home","item":"https:\/\/www.shalom.it\/"},{"@type":"ListItem","position":2,"name":"Parash\u00e0 di Em\u00f2r: perch\u00e9 gli ebrei sono chiamati \u201cAd\u00e0m\u201d"}]},{"@type":"WebSite","@id":"https:\/\/www.shalom.it\/#website","url":"https:\/\/www.shalom.it\/","name":"Shalom","description":"Il Magazine della comunit\u00e0 ebraica di Roma","potentialAction":[{"@type":"SearchAction","target":{"@type":"EntryPoint","urlTemplate":"https:\/\/www.shalom.it\/?s={search_term_string}"},"query-input":{"@type":"PropertyValueSpecification","valueRequired":true,"valueName":"search_term_string"}}],"inLanguage":"it-IT"},{"@type":"Person","@id":"https:\/\/www.shalom.it\/#\/schema\/person\/d6d60e821a49d2a420ffe01f7af79dd8","name":"Redazione","url":"https:\/\/www.shalom.it\/author\/redazione\/"}]}},"jetpack_featured_media_url":"https:\/\/www.shalom.it\/wp-content\/uploads\/2026\/04\/rav-Spector.jpg","jetpack_sharing_enabled":true,"_links":{"self":[{"href":"https:\/\/www.shalom.it\/wp-json\/wp\/v2\/posts\/126936","targetHints":{"allow":["GET"]}}],"collection":[{"href":"https:\/\/www.shalom.it\/wp-json\/wp\/v2\/posts"}],"about":[{"href":"https:\/\/www.shalom.it\/wp-json\/wp\/v2\/types\/post"}],"author":[{"embeddable":true,"href":"https:\/\/www.shalom.it\/wp-json\/wp\/v2\/users\/3"}],"replies":[{"embeddable":true,"href":"https:\/\/www.shalom.it\/wp-json\/wp\/v2\/comments?post=126936"}],"version-history":[{"count":1,"href":"https:\/\/www.shalom.it\/wp-json\/wp\/v2\/posts\/126936\/revisions"}],"predecessor-version":[{"id":126938,"href":"https:\/\/www.shalom.it\/wp-json\/wp\/v2\/posts\/126936\/revisions\/126938"}],"wp:featuredmedia":[{"embeddable":true,"href":"https:\/\/www.shalom.it\/wp-json\/wp\/v2\/media\/126937"}],"wp:attachment":[{"href":"https:\/\/www.shalom.it\/wp-json\/wp\/v2\/media?parent=126936"}],"wp:term":[{"taxonomy":"category","embeddable":true,"href":"https:\/\/www.shalom.it\/wp-json\/wp\/v2\/categories?post=126936"},{"taxonomy":"post_tag","embeddable":true,"href":"https:\/\/www.shalom.it\/wp-json\/wp\/v2\/tags?post=126936"}],"curies":[{"name":"wp","href":"https:\/\/api.w.org\/{rel}","templated":true}]}}