{"id":126931,"date":"2026-04-28T12:30:45","date_gmt":"2026-04-28T10:30:45","guid":{"rendered":"https:\/\/www.shalom.it\/?p=126931"},"modified":"2026-04-28T12:30:45","modified_gmt":"2026-04-28T10:30:45","slug":"i-bambini-nel-nord-di-israele-linfanzia-tra-lezioni-interrotte-e-rifugi","status":"publish","type":"post","link":"https:\/\/www.shalom.it\/israele\/i-bambini-nel-nord-di-israele-linfanzia-tra-lezioni-interrotte-e-rifugi\/","title":{"rendered":"I bambini nel nord di Israele: l\u2019infanzia tra lezioni interrotte e rifugi"},"content":{"rendered":"<p style=\"text-align: justify;\">Nel nord di Israele, dove il cessate il fuoco avrebbe dovuto segnare un ritorno alla normalit\u00e0, la realt\u00e0 racconta tutt\u2019altro. Nelle aule scolastiche e sugli autobus, bambini e insegnanti si ritrovano ancora a vivere scene di guerra, tra sirene, droni e paura.<br \/>\nLa fragile tregua con Hezbollah appare sempre pi\u00f9 come una promessa mancata. Episodi recenti dimostrano che, nonostante le rassicurazioni ufficiali, il pericolo resta concreto e quotidiano. A pagarne il prezzo pi\u00f9 alto sono i pi\u00f9 piccoli.<br \/>\nNeta, undici anni, \u00e8 una delle tante voci che emergono da questa situazione. Durante il tragitto verso scuola, la sua routine si \u00e8 trasformata improvvisamente in un incubo: sirene, ordini concitati e la necessit\u00e0 di sdraiarsi sul pavimento del bus mentre droni sorvolavano la zona. \u201cPensavo che un cessate il fuoco fosse diverso\u201d, ha raccontato a Ynet, esprimendo una disillusione che va ben oltre la sua et\u00e0.<br \/>\nScene simili si ripetono anche nelle scuole. In alcune aree vicino al confine, il tempo per raggiungere un rifugio \u00e8 insufficiente: agli studenti viene quindi insegnato a sdraiarsi contro i muri e proteggere la testa. Una soluzione di emergenza che, per\u00f2, non riesce a garantire un reale senso di sicurezza.<br \/>\nPer i genitori, la scelta diventa insostenibile: mandare i figli a scuola, rischiando la loro incolumit\u00e0, oppure tenerli a casa compromettendo il loro percorso educativo. \u201c\u00c8 irragionevole dover scegliere tra l\u2019istruzione e la sicurezza dei miei figli\u201d, racconta una madre, dopo aver ricevuto la foto del figlio disteso a terra in classe durante un allarme.<br \/>\nLe conseguenze non sono solo fisiche, ma soprattutto psicologiche. Secondo operatori del settore, cresce tra i bambini un senso diffuso di sfiducia verso gli adulti e le istituzioni. Le promesse di sicurezza vengono percepite come fragili o addirittura ingannevoli, alimentando ansia e insicurezza.<br \/>\nIl contesto regionale contribuisce a mantenere alta la tensione. Hezbollah continua a rappresentare una minaccia significativa lungo il confine settentrionale, con capacit\u00e0 militari in costante evoluzione e un arsenale in crescita. Questo scenario rende il cessate il fuoco pi\u00f9 una pausa instabile che una reale soluzione.<br \/>\nIn questo equilibrio precario, la scuola \u2013 simbolo per eccellenza di normalit\u00e0 \u2013 si trasforma in un luogo ambiguo: spazio di apprendimento, ma anche di vulnerabilit\u00e0. Per molti bambini del nord di Israele, l\u2019infanzia si svolge cos\u00ec tra quaderni e rifugi improvvisati, tra lezioni interrotte e paura.<br \/>\nE mentre il dibattito politico e militare continua, resta una domanda semplice e drammatica, pronunciata da un bambino al ritorno a casa: \u201cMamma, avevi detto che ero al sicuro. Non \u00e8 vero\u201d. Una frase che, pi\u00f9 di ogni analisi, racconta il fallimento di una tregua che non riesce a proteggere chi ne avrebbe pi\u00f9 bisogno.<\/p>\n","protected":false},"excerpt":{"rendered":"<p>Nel nord di Israele, dove il cessate il fuoco avrebbe dovuto segnare un ritorno alla normalit\u00e0, la realt\u00e0 racconta tutt\u2019altro. Nelle aule scolastiche e sugli autobus, bambini e insegnanti si ritrovano ancora a vivere scene di guerra, tra sirene, droni e paura. La fragile tregua con Hezbollah appare sempre pi\u00f9 come una promessa mancata. Episodi [&hellip;]<\/p>\n","protected":false},"author":3,"featured_media":126932,"comment_status":"closed","ping_status":"closed","sticky":false,"template":"","format":"standard","meta":{"_acf_changed":false,"_jetpack_memberships_contains_paid_content":false,"footnotes":""},"categories":[4],"tags":[],"class_list":["post-126931","post","type-post","status-publish","format-standard","has-post-thumbnail","hentry","category-israele"],"acf":[],"yoast_head":"<!-- This site is optimized with the Yoast SEO plugin v26.9 - https:\/\/yoast.com\/product\/yoast-seo-wordpress\/ -->\n<title>I bambini nel nord di Israele: l\u2019infanzia tra lezioni interrotte e rifugi - Shalom<\/title>\n<meta name=\"robots\" content=\"index, follow, max-snippet:-1, max-image-preview:large, max-video-preview:-1\" \/>\n<link rel=\"canonical\" href=\"https:\/\/www.shalom.it\/israele\/i-bambini-nel-nord-di-israele-linfanzia-tra-lezioni-interrotte-e-rifugi\/\" \/>\n<meta property=\"og:locale\" content=\"it_IT\" \/>\n<meta property=\"og:type\" content=\"article\" \/>\n<meta property=\"og:title\" content=\"I bambini nel nord di Israele: l\u2019infanzia tra lezioni interrotte e rifugi - Shalom\" \/>\n<meta property=\"og:description\" content=\"Nel nord di Israele, dove il cessate il fuoco avrebbe dovuto segnare un ritorno alla normalit\u00e0, la realt\u00e0 racconta tutt\u2019altro. Nelle aule scolastiche e sugli autobus, bambini e insegnanti si ritrovano ancora a vivere scene di guerra, tra sirene, droni e paura. La fragile tregua con Hezbollah appare sempre pi\u00f9 come una promessa mancata. Episodi [&hellip;]\" \/>\n<meta property=\"og:url\" content=\"https:\/\/www.shalom.it\/israele\/i-bambini-nel-nord-di-israele-linfanzia-tra-lezioni-interrotte-e-rifugi\/\" \/>\n<meta property=\"og:site_name\" content=\"Shalom\" \/>\n<meta property=\"article:published_time\" content=\"2026-04-28T10:30:45+00:00\" \/>\n<meta property=\"og:image\" content=\"https:\/\/www.shalom.it\/wp-content\/uploads\/2026\/04\/bambini.jpeg\" \/>\n\t<meta property=\"og:image:width\" content=\"1024\" \/>\n\t<meta property=\"og:image:height\" content=\"576\" \/>\n\t<meta property=\"og:image:type\" content=\"image\/jpeg\" \/>\n<meta name=\"author\" content=\"Redazione\" \/>\n<meta name=\"twitter:card\" content=\"summary_large_image\" \/>\n<meta name=\"twitter:label1\" content=\"Scritto da\" \/>\n\t<meta name=\"twitter:data1\" content=\"Redazione\" \/>\n\t<meta name=\"twitter:label2\" content=\"Tempo di lettura stimato\" \/>\n\t<meta name=\"twitter:data2\" content=\"3 minuti\" \/>\n<script type=\"application\/ld+json\" class=\"yoast-schema-graph\">{\"@context\":\"https:\/\/schema.org\",\"@graph\":[{\"@type\":\"Article\",\"@id\":\"https:\/\/www.shalom.it\/israele\/i-bambini-nel-nord-di-israele-linfanzia-tra-lezioni-interrotte-e-rifugi\/#article\",\"isPartOf\":{\"@id\":\"https:\/\/www.shalom.it\/israele\/i-bambini-nel-nord-di-israele-linfanzia-tra-lezioni-interrotte-e-rifugi\/\"},\"author\":{\"name\":\"Redazione\",\"@id\":\"https:\/\/www.shalom.it\/#\/schema\/person\/d6d60e821a49d2a420ffe01f7af79dd8\"},\"headline\":\"I bambini nel nord di Israele: l\u2019infanzia tra lezioni interrotte e rifugi\",\"datePublished\":\"2026-04-28T10:30:45+00:00\",\"mainEntityOfPage\":{\"@id\":\"https:\/\/www.shalom.it\/israele\/i-bambini-nel-nord-di-israele-linfanzia-tra-lezioni-interrotte-e-rifugi\/\"},\"wordCount\":450,\"image\":{\"@id\":\"https:\/\/www.shalom.it\/israele\/i-bambini-nel-nord-di-israele-linfanzia-tra-lezioni-interrotte-e-rifugi\/#primaryimage\"},\"thumbnailUrl\":\"https:\/\/www.shalom.it\/wp-content\/uploads\/2026\/04\/bambini.jpeg\",\"articleSection\":[\"ISRAELE\"],\"inLanguage\":\"it-IT\"},{\"@type\":\"WebPage\",\"@id\":\"https:\/\/www.shalom.it\/israele\/i-bambini-nel-nord-di-israele-linfanzia-tra-lezioni-interrotte-e-rifugi\/\",\"url\":\"https:\/\/www.shalom.it\/israele\/i-bambini-nel-nord-di-israele-linfanzia-tra-lezioni-interrotte-e-rifugi\/\",\"name\":\"I bambini nel nord di Israele: l\u2019infanzia tra lezioni interrotte e rifugi - Shalom\",\"isPartOf\":{\"@id\":\"https:\/\/www.shalom.it\/#website\"},\"primaryImageOfPage\":{\"@id\":\"https:\/\/www.shalom.it\/israele\/i-bambini-nel-nord-di-israele-linfanzia-tra-lezioni-interrotte-e-rifugi\/#primaryimage\"},\"image\":{\"@id\":\"https:\/\/www.shalom.it\/israele\/i-bambini-nel-nord-di-israele-linfanzia-tra-lezioni-interrotte-e-rifugi\/#primaryimage\"},\"thumbnailUrl\":\"https:\/\/www.shalom.it\/wp-content\/uploads\/2026\/04\/bambini.jpeg\",\"datePublished\":\"2026-04-28T10:30:45+00:00\",\"author\":{\"@id\":\"https:\/\/www.shalom.it\/#\/schema\/person\/d6d60e821a49d2a420ffe01f7af79dd8\"},\"breadcrumb\":{\"@id\":\"https:\/\/www.shalom.it\/israele\/i-bambini-nel-nord-di-israele-linfanzia-tra-lezioni-interrotte-e-rifugi\/#breadcrumb\"},\"inLanguage\":\"it-IT\",\"potentialAction\":[{\"@type\":\"ReadAction\",\"target\":[\"https:\/\/www.shalom.it\/israele\/i-bambini-nel-nord-di-israele-linfanzia-tra-lezioni-interrotte-e-rifugi\/\"]}]},{\"@type\":\"ImageObject\",\"inLanguage\":\"it-IT\",\"@id\":\"https:\/\/www.shalom.it\/israele\/i-bambini-nel-nord-di-israele-linfanzia-tra-lezioni-interrotte-e-rifugi\/#primaryimage\",\"url\":\"https:\/\/www.shalom.it\/wp-content\/uploads\/2026\/04\/bambini.jpeg\",\"contentUrl\":\"https:\/\/www.shalom.it\/wp-content\/uploads\/2026\/04\/bambini.jpeg\",\"width\":1024,\"height\":576},{\"@type\":\"BreadcrumbList\",\"@id\":\"https:\/\/www.shalom.it\/israele\/i-bambini-nel-nord-di-israele-linfanzia-tra-lezioni-interrotte-e-rifugi\/#breadcrumb\",\"itemListElement\":[{\"@type\":\"ListItem\",\"position\":1,\"name\":\"Home\",\"item\":\"https:\/\/www.shalom.it\/\"},{\"@type\":\"ListItem\",\"position\":2,\"name\":\"I bambini nel nord di Israele: l\u2019infanzia tra lezioni interrotte e rifugi\"}]},{\"@type\":\"WebSite\",\"@id\":\"https:\/\/www.shalom.it\/#website\",\"url\":\"https:\/\/www.shalom.it\/\",\"name\":\"Shalom\",\"description\":\"Il Magazine della comunit\u00e0 ebraica di Roma\",\"potentialAction\":[{\"@type\":\"SearchAction\",\"target\":{\"@type\":\"EntryPoint\",\"urlTemplate\":\"https:\/\/www.shalom.it\/?s={search_term_string}\"},\"query-input\":{\"@type\":\"PropertyValueSpecification\",\"valueRequired\":true,\"valueName\":\"search_term_string\"}}],\"inLanguage\":\"it-IT\"},{\"@type\":\"Person\",\"@id\":\"https:\/\/www.shalom.it\/#\/schema\/person\/d6d60e821a49d2a420ffe01f7af79dd8\",\"name\":\"Redazione\",\"url\":\"https:\/\/www.shalom.it\/author\/redazione\/\"}]}<\/script>\n<!-- \/ Yoast SEO plugin. -->","yoast_head_json":{"title":"I bambini nel nord di Israele: l\u2019infanzia tra lezioni interrotte e rifugi - Shalom","robots":{"index":"index","follow":"follow","max-snippet":"max-snippet:-1","max-image-preview":"max-image-preview:large","max-video-preview":"max-video-preview:-1"},"canonical":"https:\/\/www.shalom.it\/israele\/i-bambini-nel-nord-di-israele-linfanzia-tra-lezioni-interrotte-e-rifugi\/","og_locale":"it_IT","og_type":"article","og_title":"I bambini nel nord di Israele: l\u2019infanzia tra lezioni interrotte e rifugi - Shalom","og_description":"Nel nord di Israele, dove il cessate il fuoco avrebbe dovuto segnare un ritorno alla normalit\u00e0, la realt\u00e0 racconta tutt\u2019altro. Nelle aule scolastiche e sugli autobus, bambini e insegnanti si ritrovano ancora a vivere scene di guerra, tra sirene, droni e paura. La fragile tregua con Hezbollah appare sempre pi\u00f9 come una promessa mancata. Episodi [&hellip;]","og_url":"https:\/\/www.shalom.it\/israele\/i-bambini-nel-nord-di-israele-linfanzia-tra-lezioni-interrotte-e-rifugi\/","og_site_name":"Shalom","article_published_time":"2026-04-28T10:30:45+00:00","og_image":[{"width":1024,"height":576,"url":"https:\/\/www.shalom.it\/wp-content\/uploads\/2026\/04\/bambini.jpeg","type":"image\/jpeg"}],"author":"Redazione","twitter_card":"summary_large_image","twitter_misc":{"Scritto da":"Redazione","Tempo di lettura stimato":"3 minuti"},"schema":{"@context":"https:\/\/schema.org","@graph":[{"@type":"Article","@id":"https:\/\/www.shalom.it\/israele\/i-bambini-nel-nord-di-israele-linfanzia-tra-lezioni-interrotte-e-rifugi\/#article","isPartOf":{"@id":"https:\/\/www.shalom.it\/israele\/i-bambini-nel-nord-di-israele-linfanzia-tra-lezioni-interrotte-e-rifugi\/"},"author":{"name":"Redazione","@id":"https:\/\/www.shalom.it\/#\/schema\/person\/d6d60e821a49d2a420ffe01f7af79dd8"},"headline":"I bambini nel nord di Israele: l\u2019infanzia tra lezioni interrotte e rifugi","datePublished":"2026-04-28T10:30:45+00:00","mainEntityOfPage":{"@id":"https:\/\/www.shalom.it\/israele\/i-bambini-nel-nord-di-israele-linfanzia-tra-lezioni-interrotte-e-rifugi\/"},"wordCount":450,"image":{"@id":"https:\/\/www.shalom.it\/israele\/i-bambini-nel-nord-di-israele-linfanzia-tra-lezioni-interrotte-e-rifugi\/#primaryimage"},"thumbnailUrl":"https:\/\/www.shalom.it\/wp-content\/uploads\/2026\/04\/bambini.jpeg","articleSection":["ISRAELE"],"inLanguage":"it-IT"},{"@type":"WebPage","@id":"https:\/\/www.shalom.it\/israele\/i-bambini-nel-nord-di-israele-linfanzia-tra-lezioni-interrotte-e-rifugi\/","url":"https:\/\/www.shalom.it\/israele\/i-bambini-nel-nord-di-israele-linfanzia-tra-lezioni-interrotte-e-rifugi\/","name":"I bambini nel nord di Israele: l\u2019infanzia tra lezioni interrotte e rifugi - Shalom","isPartOf":{"@id":"https:\/\/www.shalom.it\/#website"},"primaryImageOfPage":{"@id":"https:\/\/www.shalom.it\/israele\/i-bambini-nel-nord-di-israele-linfanzia-tra-lezioni-interrotte-e-rifugi\/#primaryimage"},"image":{"@id":"https:\/\/www.shalom.it\/israele\/i-bambini-nel-nord-di-israele-linfanzia-tra-lezioni-interrotte-e-rifugi\/#primaryimage"},"thumbnailUrl":"https:\/\/www.shalom.it\/wp-content\/uploads\/2026\/04\/bambini.jpeg","datePublished":"2026-04-28T10:30:45+00:00","author":{"@id":"https:\/\/www.shalom.it\/#\/schema\/person\/d6d60e821a49d2a420ffe01f7af79dd8"},"breadcrumb":{"@id":"https:\/\/www.shalom.it\/israele\/i-bambini-nel-nord-di-israele-linfanzia-tra-lezioni-interrotte-e-rifugi\/#breadcrumb"},"inLanguage":"it-IT","potentialAction":[{"@type":"ReadAction","target":["https:\/\/www.shalom.it\/israele\/i-bambini-nel-nord-di-israele-linfanzia-tra-lezioni-interrotte-e-rifugi\/"]}]},{"@type":"ImageObject","inLanguage":"it-IT","@id":"https:\/\/www.shalom.it\/israele\/i-bambini-nel-nord-di-israele-linfanzia-tra-lezioni-interrotte-e-rifugi\/#primaryimage","url":"https:\/\/www.shalom.it\/wp-content\/uploads\/2026\/04\/bambini.jpeg","contentUrl":"https:\/\/www.shalom.it\/wp-content\/uploads\/2026\/04\/bambini.jpeg","width":1024,"height":576},{"@type":"BreadcrumbList","@id":"https:\/\/www.shalom.it\/israele\/i-bambini-nel-nord-di-israele-linfanzia-tra-lezioni-interrotte-e-rifugi\/#breadcrumb","itemListElement":[{"@type":"ListItem","position":1,"name":"Home","item":"https:\/\/www.shalom.it\/"},{"@type":"ListItem","position":2,"name":"I bambini nel nord di Israele: l\u2019infanzia tra lezioni interrotte e rifugi"}]},{"@type":"WebSite","@id":"https:\/\/www.shalom.it\/#website","url":"https:\/\/www.shalom.it\/","name":"Shalom","description":"Il Magazine della comunit\u00e0 ebraica di Roma","potentialAction":[{"@type":"SearchAction","target":{"@type":"EntryPoint","urlTemplate":"https:\/\/www.shalom.it\/?s={search_term_string}"},"query-input":{"@type":"PropertyValueSpecification","valueRequired":true,"valueName":"search_term_string"}}],"inLanguage":"it-IT"},{"@type":"Person","@id":"https:\/\/www.shalom.it\/#\/schema\/person\/d6d60e821a49d2a420ffe01f7af79dd8","name":"Redazione","url":"https:\/\/www.shalom.it\/author\/redazione\/"}]}},"jetpack_featured_media_url":"https:\/\/www.shalom.it\/wp-content\/uploads\/2026\/04\/bambini.jpeg","jetpack_sharing_enabled":true,"_links":{"self":[{"href":"https:\/\/www.shalom.it\/wp-json\/wp\/v2\/posts\/126931","targetHints":{"allow":["GET"]}}],"collection":[{"href":"https:\/\/www.shalom.it\/wp-json\/wp\/v2\/posts"}],"about":[{"href":"https:\/\/www.shalom.it\/wp-json\/wp\/v2\/types\/post"}],"author":[{"embeddable":true,"href":"https:\/\/www.shalom.it\/wp-json\/wp\/v2\/users\/3"}],"replies":[{"embeddable":true,"href":"https:\/\/www.shalom.it\/wp-json\/wp\/v2\/comments?post=126931"}],"version-history":[{"count":1,"href":"https:\/\/www.shalom.it\/wp-json\/wp\/v2\/posts\/126931\/revisions"}],"predecessor-version":[{"id":126933,"href":"https:\/\/www.shalom.it\/wp-json\/wp\/v2\/posts\/126931\/revisions\/126933"}],"wp:featuredmedia":[{"embeddable":true,"href":"https:\/\/www.shalom.it\/wp-json\/wp\/v2\/media\/126932"}],"wp:attachment":[{"href":"https:\/\/www.shalom.it\/wp-json\/wp\/v2\/media?parent=126931"}],"wp:term":[{"taxonomy":"category","embeddable":true,"href":"https:\/\/www.shalom.it\/wp-json\/wp\/v2\/categories?post=126931"},{"taxonomy":"post_tag","embeddable":true,"href":"https:\/\/www.shalom.it\/wp-json\/wp\/v2\/tags?post=126931"}],"curies":[{"name":"wp","href":"https:\/\/api.w.org\/{rel}","templated":true}]}}