{"id":126912,"date":"2026-04-27T14:36:56","date_gmt":"2026-04-27T12:36:56","guid":{"rendered":"https:\/\/www.shalom.it\/?p=126912"},"modified":"2026-04-27T14:36:56","modified_gmt":"2026-04-27T12:36:56","slug":"la-lunga-strada-della-famiglia-cunio-dopo-gaza","status":"publish","type":"post","link":"https:\/\/www.shalom.it\/israele\/la-lunga-strada-della-famiglia-cunio-dopo-gaza\/","title":{"rendered":"La lunga strada della famiglia Cunio dopo Gaza"},"content":{"rendered":"<p>Per mesi, la vita di Silvia Cunio \u00e8 rimasta sospesa tra speranza e paura. I suoi figli, Ariel e David, erano tra gli ostaggi portati a Gaza durante gli attacchi del 7 ottobre. Il loro rilascio, avvenuto nell\u2019ambito di un accordo tra Israele e Hamas, ha segnato la fine di un incubo. Ma non la fine della storia.<\/p>\n<p>Intervenuta alla conferenza &#8220;Women of the State&#8221;, Cunio ha raccontato cosa significa davvero riportare a casa un figlio dopo la prigionia. Non \u00e8 un ritorno alla normalit\u00e0, ma l\u2019inizio di un percorso fragile, fatto di silenzi, attese e ricostruzione. &#8220;Non faccio domande&#8221;, ha spiegato. &#8220;Non chiedo cosa abbiano passato. Se vorranno raccontare, lo faranno loro&#8221;. Una scelta che riflette la consapevolezza della profondit\u00e0 del trauma e della necessit\u00e0 di rispettarne i tempi. I figli, ha detto, sono cambiati. &#8220;Non sono pi\u00f9 quelli di prima&#8221;, ha ammesso, lasciando emergere il peso di un\u2019esperienza che non pu\u00f2 essere cancellata.<\/p>\n<p>Durante la prigionia, le informazioni arrivavano in modo frammentario e spesso contraddittorio. A un certo punto, Cunio ha appreso che uno dei figli era stato ferito gravemente. L\u2019angoscia si \u00e8 trasformata in un\u2019attesa logorante, fino a una telefonata inattesa. &#8220;Mi hanno detto che li avevano visti insieme, che erano vivi. Non riuscivo nemmeno a parlare&#8221;, ha raccontato. Il giorno della liberazione \u00e8 stato carico di emozioni contrastanti. Sollievo, certo, ma anche smarrimento. Tornare a casa non significa tornare indietro. I gesti quotidiani \u2014 un pranzo, una conversazione, un abbraccio \u2014 assumono un significato diverso, quasi sospeso. &#8220;Ora do loro spazio&#8221;, ha spiegato. &#8220;Hanno le loro vite, le loro famiglie. Io sono qui, ma in modo diverso&#8221;.<\/p>\n<p>La testimonianza di Cunio si inserisce in un quadro pi\u00f9 ampio: quello di una societ\u00e0 ancora profondamente segnata dagli eventi. Il ritorno degli ostaggi \u00e8 solo una delle fasi di un processo pi\u00f9 lungo, che coinvolge famiglie, comunit\u00e0 e istituzioni. &#8220;Abbiamo tutti bisogno di guarire&#8221;, ha detto, sottolineando come il trauma non sia solo individuale, ma collettivo. Accanto al dolore, emerge anche una forma di resilienza silenziosa. Non fatta di dichiarazioni eclatanti, ma di scelte quotidiane: ascoltare senza forzare, esserci senza invadere, ricostruire senza pretendere immediatezza. \u00c8 in questa dimensione che si gioca la vera sfida del &#8220;dopo&#8221;. La storia della famiglia Cunio racconta proprio questo: che la liberazione non coincide con la fine della sofferenza, ma con l\u2019inizio di un percorso complesso. Un cammino fatto di piccoli passi, in cui ogni progresso \u00e8 fragile e ogni equilibrio va continuamente ridefinito.<\/p>\n","protected":false},"excerpt":{"rendered":"<p>Per mesi, la vita di Silvia Cunio \u00e8 rimasta sospesa tra speranza e paura. I suoi figli, Ariel e David, erano tra gli ostaggi portati a Gaza durante gli attacchi del 7 ottobre. Il loro rilascio, avvenuto nell\u2019ambito di un accordo tra Israele e Hamas, ha segnato la fine di un incubo. Ma non la [&hellip;]<\/p>\n","protected":false},"author":89,"featured_media":126913,"comment_status":"closed","ping_status":"closed","sticky":false,"template":"","format":"standard","meta":{"_acf_changed":false,"_jetpack_memberships_contains_paid_content":false,"footnotes":""},"categories":[4],"tags":[],"class_list":["post-126912","post","type-post","status-publish","format-standard","has-post-thumbnail","hentry","category-israele"],"acf":[],"yoast_head":"<!-- This site is optimized with the Yoast SEO plugin v26.9 - https:\/\/yoast.com\/product\/yoast-seo-wordpress\/ -->\n<title>La lunga strada della famiglia Cunio dopo Gaza - Shalom<\/title>\n<meta name=\"robots\" content=\"index, follow, max-snippet:-1, max-image-preview:large, max-video-preview:-1\" \/>\n<link rel=\"canonical\" href=\"https:\/\/www.shalom.it\/israele\/la-lunga-strada-della-famiglia-cunio-dopo-gaza\/\" \/>\n<meta property=\"og:locale\" content=\"it_IT\" \/>\n<meta property=\"og:type\" content=\"article\" \/>\n<meta property=\"og:title\" content=\"La lunga strada della famiglia Cunio dopo Gaza - Shalom\" \/>\n<meta property=\"og:description\" content=\"Per mesi, la vita di Silvia Cunio \u00e8 rimasta sospesa tra speranza e paura. I suoi figli, Ariel e David, erano tra gli ostaggi portati a Gaza durante gli attacchi del 7 ottobre. Il loro rilascio, avvenuto nell\u2019ambito di un accordo tra Israele e Hamas, ha segnato la fine di un incubo. Ma non la [&hellip;]\" \/>\n<meta property=\"og:url\" content=\"https:\/\/www.shalom.it\/israele\/la-lunga-strada-della-famiglia-cunio-dopo-gaza\/\" \/>\n<meta property=\"og:site_name\" content=\"Shalom\" \/>\n<meta property=\"article:published_time\" content=\"2026-04-27T12:36:56+00:00\" \/>\n<meta property=\"og:image\" content=\"https:\/\/www.shalom.it\/wp-content\/uploads\/2026\/04\/cunio.jpeg\" \/>\n\t<meta property=\"og:image:width\" content=\"1024\" \/>\n\t<meta property=\"og:image:height\" content=\"576\" \/>\n\t<meta property=\"og:image:type\" content=\"image\/jpeg\" \/>\n<meta name=\"author\" content=\"Michelle Zarfati\" \/>\n<meta name=\"twitter:card\" content=\"summary_large_image\" \/>\n<meta name=\"twitter:label1\" content=\"Scritto da\" \/>\n\t<meta name=\"twitter:data1\" content=\"Michelle Zarfati\" \/>\n\t<meta name=\"twitter:label2\" content=\"Tempo di lettura stimato\" \/>\n\t<meta name=\"twitter:data2\" content=\"3 minuti\" \/>\n<script type=\"application\/ld+json\" class=\"yoast-schema-graph\">{\"@context\":\"https:\/\/schema.org\",\"@graph\":[{\"@type\":\"Article\",\"@id\":\"https:\/\/www.shalom.it\/israele\/la-lunga-strada-della-famiglia-cunio-dopo-gaza\/#article\",\"isPartOf\":{\"@id\":\"https:\/\/www.shalom.it\/israele\/la-lunga-strada-della-famiglia-cunio-dopo-gaza\/\"},\"author\":{\"name\":\"Michelle Zarfati\",\"@id\":\"https:\/\/www.shalom.it\/#\/schema\/person\/d9f18de0c8e16f0e7113889b42fd88c0\"},\"headline\":\"La lunga strada della famiglia Cunio dopo Gaza\",\"datePublished\":\"2026-04-27T12:36:56+00:00\",\"mainEntityOfPage\":{\"@id\":\"https:\/\/www.shalom.it\/israele\/la-lunga-strada-della-famiglia-cunio-dopo-gaza\/\"},\"wordCount\":416,\"image\":{\"@id\":\"https:\/\/www.shalom.it\/israele\/la-lunga-strada-della-famiglia-cunio-dopo-gaza\/#primaryimage\"},\"thumbnailUrl\":\"https:\/\/www.shalom.it\/wp-content\/uploads\/2026\/04\/cunio.jpeg\",\"articleSection\":[\"ISRAELE\"],\"inLanguage\":\"it-IT\"},{\"@type\":\"WebPage\",\"@id\":\"https:\/\/www.shalom.it\/israele\/la-lunga-strada-della-famiglia-cunio-dopo-gaza\/\",\"url\":\"https:\/\/www.shalom.it\/israele\/la-lunga-strada-della-famiglia-cunio-dopo-gaza\/\",\"name\":\"La lunga strada della famiglia Cunio dopo Gaza - Shalom\",\"isPartOf\":{\"@id\":\"https:\/\/www.shalom.it\/#website\"},\"primaryImageOfPage\":{\"@id\":\"https:\/\/www.shalom.it\/israele\/la-lunga-strada-della-famiglia-cunio-dopo-gaza\/#primaryimage\"},\"image\":{\"@id\":\"https:\/\/www.shalom.it\/israele\/la-lunga-strada-della-famiglia-cunio-dopo-gaza\/#primaryimage\"},\"thumbnailUrl\":\"https:\/\/www.shalom.it\/wp-content\/uploads\/2026\/04\/cunio.jpeg\",\"datePublished\":\"2026-04-27T12:36:56+00:00\",\"author\":{\"@id\":\"https:\/\/www.shalom.it\/#\/schema\/person\/d9f18de0c8e16f0e7113889b42fd88c0\"},\"breadcrumb\":{\"@id\":\"https:\/\/www.shalom.it\/israele\/la-lunga-strada-della-famiglia-cunio-dopo-gaza\/#breadcrumb\"},\"inLanguage\":\"it-IT\",\"potentialAction\":[{\"@type\":\"ReadAction\",\"target\":[\"https:\/\/www.shalom.it\/israele\/la-lunga-strada-della-famiglia-cunio-dopo-gaza\/\"]}]},{\"@type\":\"ImageObject\",\"inLanguage\":\"it-IT\",\"@id\":\"https:\/\/www.shalom.it\/israele\/la-lunga-strada-della-famiglia-cunio-dopo-gaza\/#primaryimage\",\"url\":\"https:\/\/www.shalom.it\/wp-content\/uploads\/2026\/04\/cunio.jpeg\",\"contentUrl\":\"https:\/\/www.shalom.it\/wp-content\/uploads\/2026\/04\/cunio.jpeg\",\"width\":1024,\"height\":576},{\"@type\":\"BreadcrumbList\",\"@id\":\"https:\/\/www.shalom.it\/israele\/la-lunga-strada-della-famiglia-cunio-dopo-gaza\/#breadcrumb\",\"itemListElement\":[{\"@type\":\"ListItem\",\"position\":1,\"name\":\"Home\",\"item\":\"https:\/\/www.shalom.it\/\"},{\"@type\":\"ListItem\",\"position\":2,\"name\":\"La lunga strada della famiglia Cunio dopo Gaza\"}]},{\"@type\":\"WebSite\",\"@id\":\"https:\/\/www.shalom.it\/#website\",\"url\":\"https:\/\/www.shalom.it\/\",\"name\":\"Shalom\",\"description\":\"Il Magazine della comunit\u00e0 ebraica di Roma\",\"potentialAction\":[{\"@type\":\"SearchAction\",\"target\":{\"@type\":\"EntryPoint\",\"urlTemplate\":\"https:\/\/www.shalom.it\/?s={search_term_string}\"},\"query-input\":{\"@type\":\"PropertyValueSpecification\",\"valueRequired\":true,\"valueName\":\"search_term_string\"}}],\"inLanguage\":\"it-IT\"},{\"@type\":\"Person\",\"@id\":\"https:\/\/www.shalom.it\/#\/schema\/person\/d9f18de0c8e16f0e7113889b42fd88c0\",\"name\":\"Michelle Zarfati\",\"url\":\"https:\/\/www.shalom.it\/author\/michellezarfati\/\"}]}<\/script>\n<!-- \/ Yoast SEO plugin. -->","yoast_head_json":{"title":"La lunga strada della famiglia Cunio dopo Gaza - Shalom","robots":{"index":"index","follow":"follow","max-snippet":"max-snippet:-1","max-image-preview":"max-image-preview:large","max-video-preview":"max-video-preview:-1"},"canonical":"https:\/\/www.shalom.it\/israele\/la-lunga-strada-della-famiglia-cunio-dopo-gaza\/","og_locale":"it_IT","og_type":"article","og_title":"La lunga strada della famiglia Cunio dopo Gaza - Shalom","og_description":"Per mesi, la vita di Silvia Cunio \u00e8 rimasta sospesa tra speranza e paura. I suoi figli, Ariel e David, erano tra gli ostaggi portati a Gaza durante gli attacchi del 7 ottobre. Il loro rilascio, avvenuto nell\u2019ambito di un accordo tra Israele e Hamas, ha segnato la fine di un incubo. Ma non la [&hellip;]","og_url":"https:\/\/www.shalom.it\/israele\/la-lunga-strada-della-famiglia-cunio-dopo-gaza\/","og_site_name":"Shalom","article_published_time":"2026-04-27T12:36:56+00:00","og_image":[{"width":1024,"height":576,"url":"https:\/\/www.shalom.it\/wp-content\/uploads\/2026\/04\/cunio.jpeg","type":"image\/jpeg"}],"author":"Michelle Zarfati","twitter_card":"summary_large_image","twitter_misc":{"Scritto da":"Michelle Zarfati","Tempo di lettura stimato":"3 minuti"},"schema":{"@context":"https:\/\/schema.org","@graph":[{"@type":"Article","@id":"https:\/\/www.shalom.it\/israele\/la-lunga-strada-della-famiglia-cunio-dopo-gaza\/#article","isPartOf":{"@id":"https:\/\/www.shalom.it\/israele\/la-lunga-strada-della-famiglia-cunio-dopo-gaza\/"},"author":{"name":"Michelle Zarfati","@id":"https:\/\/www.shalom.it\/#\/schema\/person\/d9f18de0c8e16f0e7113889b42fd88c0"},"headline":"La lunga strada della famiglia Cunio dopo Gaza","datePublished":"2026-04-27T12:36:56+00:00","mainEntityOfPage":{"@id":"https:\/\/www.shalom.it\/israele\/la-lunga-strada-della-famiglia-cunio-dopo-gaza\/"},"wordCount":416,"image":{"@id":"https:\/\/www.shalom.it\/israele\/la-lunga-strada-della-famiglia-cunio-dopo-gaza\/#primaryimage"},"thumbnailUrl":"https:\/\/www.shalom.it\/wp-content\/uploads\/2026\/04\/cunio.jpeg","articleSection":["ISRAELE"],"inLanguage":"it-IT"},{"@type":"WebPage","@id":"https:\/\/www.shalom.it\/israele\/la-lunga-strada-della-famiglia-cunio-dopo-gaza\/","url":"https:\/\/www.shalom.it\/israele\/la-lunga-strada-della-famiglia-cunio-dopo-gaza\/","name":"La lunga strada della famiglia Cunio dopo Gaza - Shalom","isPartOf":{"@id":"https:\/\/www.shalom.it\/#website"},"primaryImageOfPage":{"@id":"https:\/\/www.shalom.it\/israele\/la-lunga-strada-della-famiglia-cunio-dopo-gaza\/#primaryimage"},"image":{"@id":"https:\/\/www.shalom.it\/israele\/la-lunga-strada-della-famiglia-cunio-dopo-gaza\/#primaryimage"},"thumbnailUrl":"https:\/\/www.shalom.it\/wp-content\/uploads\/2026\/04\/cunio.jpeg","datePublished":"2026-04-27T12:36:56+00:00","author":{"@id":"https:\/\/www.shalom.it\/#\/schema\/person\/d9f18de0c8e16f0e7113889b42fd88c0"},"breadcrumb":{"@id":"https:\/\/www.shalom.it\/israele\/la-lunga-strada-della-famiglia-cunio-dopo-gaza\/#breadcrumb"},"inLanguage":"it-IT","potentialAction":[{"@type":"ReadAction","target":["https:\/\/www.shalom.it\/israele\/la-lunga-strada-della-famiglia-cunio-dopo-gaza\/"]}]},{"@type":"ImageObject","inLanguage":"it-IT","@id":"https:\/\/www.shalom.it\/israele\/la-lunga-strada-della-famiglia-cunio-dopo-gaza\/#primaryimage","url":"https:\/\/www.shalom.it\/wp-content\/uploads\/2026\/04\/cunio.jpeg","contentUrl":"https:\/\/www.shalom.it\/wp-content\/uploads\/2026\/04\/cunio.jpeg","width":1024,"height":576},{"@type":"BreadcrumbList","@id":"https:\/\/www.shalom.it\/israele\/la-lunga-strada-della-famiglia-cunio-dopo-gaza\/#breadcrumb","itemListElement":[{"@type":"ListItem","position":1,"name":"Home","item":"https:\/\/www.shalom.it\/"},{"@type":"ListItem","position":2,"name":"La lunga strada della famiglia Cunio dopo Gaza"}]},{"@type":"WebSite","@id":"https:\/\/www.shalom.it\/#website","url":"https:\/\/www.shalom.it\/","name":"Shalom","description":"Il Magazine della comunit\u00e0 ebraica di Roma","potentialAction":[{"@type":"SearchAction","target":{"@type":"EntryPoint","urlTemplate":"https:\/\/www.shalom.it\/?s={search_term_string}"},"query-input":{"@type":"PropertyValueSpecification","valueRequired":true,"valueName":"search_term_string"}}],"inLanguage":"it-IT"},{"@type":"Person","@id":"https:\/\/www.shalom.it\/#\/schema\/person\/d9f18de0c8e16f0e7113889b42fd88c0","name":"Michelle Zarfati","url":"https:\/\/www.shalom.it\/author\/michellezarfati\/"}]}},"jetpack_featured_media_url":"https:\/\/www.shalom.it\/wp-content\/uploads\/2026\/04\/cunio.jpeg","jetpack_sharing_enabled":true,"_links":{"self":[{"href":"https:\/\/www.shalom.it\/wp-json\/wp\/v2\/posts\/126912","targetHints":{"allow":["GET"]}}],"collection":[{"href":"https:\/\/www.shalom.it\/wp-json\/wp\/v2\/posts"}],"about":[{"href":"https:\/\/www.shalom.it\/wp-json\/wp\/v2\/types\/post"}],"author":[{"embeddable":true,"href":"https:\/\/www.shalom.it\/wp-json\/wp\/v2\/users\/89"}],"replies":[{"embeddable":true,"href":"https:\/\/www.shalom.it\/wp-json\/wp\/v2\/comments?post=126912"}],"version-history":[{"count":2,"href":"https:\/\/www.shalom.it\/wp-json\/wp\/v2\/posts\/126912\/revisions"}],"predecessor-version":[{"id":126915,"href":"https:\/\/www.shalom.it\/wp-json\/wp\/v2\/posts\/126912\/revisions\/126915"}],"wp:featuredmedia":[{"embeddable":true,"href":"https:\/\/www.shalom.it\/wp-json\/wp\/v2\/media\/126913"}],"wp:attachment":[{"href":"https:\/\/www.shalom.it\/wp-json\/wp\/v2\/media?parent=126912"}],"wp:term":[{"taxonomy":"category","embeddable":true,"href":"https:\/\/www.shalom.it\/wp-json\/wp\/v2\/categories?post=126912"},{"taxonomy":"post_tag","embeddable":true,"href":"https:\/\/www.shalom.it\/wp-json\/wp\/v2\/tags?post=126912"}],"curies":[{"name":"wp","href":"https:\/\/api.w.org\/{rel}","templated":true}]}}