{"id":126898,"date":"2026-04-27T12:09:34","date_gmt":"2026-04-27T10:09:34","guid":{"rendered":"https:\/\/www.shalom.it\/?p=126898"},"modified":"2026-04-27T12:15:09","modified_gmt":"2026-04-27T10:15:09","slug":"regno-unito-i-108-anni-di-julia-jackson-la-donna-ebrea-piu-longeva","status":"publish","type":"post","link":"https:\/\/www.shalom.it\/europa\/regno-unito-i-108-anni-di-julia-jackson-la-donna-ebrea-piu-longeva\/","title":{"rendered":"Regno Unito: i 108 anni di Julia Jackson, la donna ebrea pi\u00f9 longeva"},"content":{"rendered":"<p style=\"text-align: justify;\">Ha appena compiuto 108 anni e anche lei stessa stenta a crederci. Si tratta di Julia Jackson, la donna ebrea pi\u00f9 anziana del Regno Unito. \u201cQualche giorno fa mi ha chiesto: &#8216;Quanti anni ho?&#8217; &#8211; racconta la figlia Josephine Lewis al \u2018Jewish Chronicle\u2019 &#8211; Le ho risposto: &#8216;108&#8217;. E lei: &#8216;Non ci credo'&#8221;.<br \/>\nLa sua storia abbraccia oltre un secolo di grandi cambiamenti. Nata il 23 aprile 1918 da una famiglia emigrata dalla Russia in Inghilterra nel 1874, Julia era la pi\u00f9 giovane di nove fratelli.<br \/>\nNel Sunderland, dove \u00e8 cresciuta, sua madre gestiva un negozio di alimentari kosher e suo padre era sarto. Intorno ai vent&#8217;anni si \u00e8 trasferita nel nord-ovest di Londra, dove si stabil\u00ec con suo marito Michael, dopo il matrimonio celebrato nella sinagoga di Finchley a Londra, di cui Julia \u00e8 tuttora membro, nonch\u00e9 la persona pi\u00f9 anziana.<br \/>\n<img loading=\"lazy\" decoding=\"async\" class=\"alignnone wp-image-126900\" src=\"https:\/\/www.shalom.it\/wp-content\/uploads\/2026\/04\/Rabbi-Dr-Yoni-Birnbaum-Finchley-United-Synagogue-Julia-Jackson-108-together-with-Josephine-and-Bruce-Lewin-at-Jewish-Cares-Rosetrees-care-home-768x1024.jpg\" alt=\"\" width=\"404\" height=\"539\" srcset=\"https:\/\/www.shalom.it\/wp-content\/uploads\/2026\/04\/Rabbi-Dr-Yoni-Birnbaum-Finchley-United-Synagogue-Julia-Jackson-108-together-with-Josephine-and-Bruce-Lewin-at-Jewish-Cares-Rosetrees-care-home-768x1024.jpg 768w, https:\/\/www.shalom.it\/wp-content\/uploads\/2026\/04\/Rabbi-Dr-Yoni-Birnbaum-Finchley-United-Synagogue-Julia-Jackson-108-together-with-Josephine-and-Bruce-Lewin-at-Jewish-Cares-Rosetrees-care-home-225x300.jpg 225w, https:\/\/www.shalom.it\/wp-content\/uploads\/2026\/04\/Rabbi-Dr-Yoni-Birnbaum-Finchley-United-Synagogue-Julia-Jackson-108-together-with-Josephine-and-Bruce-Lewin-at-Jewish-Cares-Rosetrees-care-home.jpg 1080w\" sizes=\"auto, (max-width: 404px) 100vw, 404px\" \/><br \/>\nDurante la Seconda guerra mondiale, Julia ha lavorato come segretaria presso la Handley Page, un&#8217;azienda produttrice di aerei che convertiva velivoli commerciali in bombardieri. Firm\u00f2 l&#8217;Official Secrets Act per mantenere riservato lo sforzo bellico.<br \/>\nJulia, che da giovane era una pianista di livello concertistico, suona ancora occasionalmente nella Casa di riposo \u2018Jewish Care\u2019, in cui vive. Ha due figli, quattro nipoti e dieci pronipoti.<br \/>\nA 100 anni prendeva ancora l&#8217;autobus e faceva la spesa da sola. &#8220;Quando cammino con lei, le dico: &#8216;Mamma, rallenta; non riesco a tenere il tuo passo&#8217;. Le sue capacit\u00e0 fisiche sono davvero notevoli &#8211; spiega la figlia &#8211; Qual \u00e8 il segreto della sua longevit\u00e0? Broccoli e tante passeggiate&#8221;.<br \/>\nPer il suo compleanno, Julia ricever\u00e0 un biglietto di auguri da Re Carlo III e dalla Regina. Il rabbino della sinagoga di Finchley, Dr. Yoni Birnbaum, l\u2019ha definita \u201cuna vera fonte di ispirazione per tutti&#8221;.<br \/>\n<img loading=\"lazy\" decoding=\"async\" class=\"alignnone size-full wp-image-126901\" src=\"https:\/\/www.shalom.it\/wp-content\/uploads\/2026\/04\/julia-famiglia.jpg\" alt=\"\" width=\"1024\" height=\"617\" srcset=\"https:\/\/www.shalom.it\/wp-content\/uploads\/2026\/04\/julia-famiglia.jpg 1024w, https:\/\/www.shalom.it\/wp-content\/uploads\/2026\/04\/julia-famiglia-300x181.jpg 300w, https:\/\/www.shalom.it\/wp-content\/uploads\/2026\/04\/julia-famiglia-768x463.jpg 768w\" sizes=\"auto, (max-width: 1024px) 100vw, 1024px\" \/><\/p>\n","protected":false},"excerpt":{"rendered":"<p>Ha appena compiuto 108 anni e anche lei stessa stenta a crederci. Si tratta di Julia Jackson, la donna ebrea pi\u00f9 anziana del Regno Unito. \u201cQualche giorno fa mi ha chiesto: &#8216;Quanti anni ho?&#8217; &#8211; racconta la figlia Josephine Lewis al \u2018Jewish Chronicle\u2019 &#8211; Le ho risposto: &#8216;108&#8217;. E lei: &#8216;Non ci credo&#8217;&#8221;. La sua [&hellip;]<\/p>\n","protected":false},"author":3,"featured_media":126899,"comment_status":"closed","ping_status":"closed","sticky":false,"template":"","format":"standard","meta":{"_acf_changed":false,"_jetpack_memberships_contains_paid_content":false,"footnotes":""},"categories":[34],"tags":[],"class_list":["post-126898","post","type-post","status-publish","format-standard","has-post-thumbnail","hentry","category-europa"],"acf":[],"yoast_head":"<!-- This site is optimized with the Yoast SEO plugin v26.9 - https:\/\/yoast.com\/product\/yoast-seo-wordpress\/ -->\n<title>Regno Unito: i 108 anni di Julia Jackson, la donna ebrea pi\u00f9 longeva - Shalom<\/title>\n<meta name=\"robots\" content=\"index, follow, max-snippet:-1, max-image-preview:large, max-video-preview:-1\" \/>\n<link rel=\"canonical\" href=\"https:\/\/www.shalom.it\/europa\/regno-unito-i-108-anni-di-julia-jackson-la-donna-ebrea-piu-longeva\/\" \/>\n<meta property=\"og:locale\" content=\"it_IT\" \/>\n<meta property=\"og:type\" content=\"article\" \/>\n<meta property=\"og:title\" content=\"Regno Unito: i 108 anni di Julia Jackson, la donna ebrea pi\u00f9 longeva - Shalom\" \/>\n<meta property=\"og:description\" content=\"Ha appena compiuto 108 anni e anche lei stessa stenta a crederci. Si tratta di Julia Jackson, la donna ebrea pi\u00f9 anziana del Regno Unito. \u201cQualche giorno fa mi ha chiesto: &#8216;Quanti anni ho?&#8217; &#8211; racconta la figlia Josephine Lewis al \u2018Jewish Chronicle\u2019 &#8211; Le ho risposto: &#8216;108&#8217;. E lei: &#8216;Non ci credo&#039;&#8221;. La sua [&hellip;]\" \/>\n<meta property=\"og:url\" content=\"https:\/\/www.shalom.it\/europa\/regno-unito-i-108-anni-di-julia-jackson-la-donna-ebrea-piu-longeva\/\" \/>\n<meta property=\"og:site_name\" content=\"Shalom\" \/>\n<meta property=\"article:published_time\" content=\"2026-04-27T10:09:34+00:00\" \/>\n<meta property=\"article:modified_time\" content=\"2026-04-27T10:15:09+00:00\" \/>\n<meta property=\"og:image\" content=\"https:\/\/www.shalom.it\/wp-content\/uploads\/2026\/04\/julia-jackson-celebrates-108-oldest-member-of-united-synagogue-and-oldest-resident-at-jewish-care-jpg.webp\" \/>\n\t<meta property=\"og:image:width\" content=\"1080\" \/>\n\t<meta property=\"og:image:height\" content=\"810\" \/>\n\t<meta property=\"og:image:type\" content=\"image\/webp\" \/>\n<meta name=\"author\" content=\"Redazione\" \/>\n<meta name=\"twitter:card\" content=\"summary_large_image\" \/>\n<meta name=\"twitter:label1\" content=\"Scritto da\" \/>\n\t<meta name=\"twitter:data1\" content=\"Redazione\" \/>\n\t<meta name=\"twitter:label2\" content=\"Tempo di lettura stimato\" \/>\n\t<meta name=\"twitter:data2\" content=\"3 minuti\" \/>\n<script type=\"application\/ld+json\" class=\"yoast-schema-graph\">{\"@context\":\"https:\/\/schema.org\",\"@graph\":[{\"@type\":\"Article\",\"@id\":\"https:\/\/www.shalom.it\/europa\/regno-unito-i-108-anni-di-julia-jackson-la-donna-ebrea-piu-longeva\/#article\",\"isPartOf\":{\"@id\":\"https:\/\/www.shalom.it\/europa\/regno-unito-i-108-anni-di-julia-jackson-la-donna-ebrea-piu-longeva\/\"},\"author\":{\"name\":\"Redazione\",\"@id\":\"https:\/\/www.shalom.it\/#\/schema\/person\/d6d60e821a49d2a420ffe01f7af79dd8\"},\"headline\":\"Regno Unito: i 108 anni di Julia Jackson, la donna ebrea pi\u00f9 longeva\",\"datePublished\":\"2026-04-27T10:09:34+00:00\",\"dateModified\":\"2026-04-27T10:15:09+00:00\",\"mainEntityOfPage\":{\"@id\":\"https:\/\/www.shalom.it\/europa\/regno-unito-i-108-anni-di-julia-jackson-la-donna-ebrea-piu-longeva\/\"},\"wordCount\":298,\"image\":{\"@id\":\"https:\/\/www.shalom.it\/europa\/regno-unito-i-108-anni-di-julia-jackson-la-donna-ebrea-piu-longeva\/#primaryimage\"},\"thumbnailUrl\":\"https:\/\/www.shalom.it\/wp-content\/uploads\/2026\/04\/julia-jackson-celebrates-108-oldest-member-of-united-synagogue-and-oldest-resident-at-jewish-care-jpg.webp\",\"articleSection\":[\"EUROPA\"],\"inLanguage\":\"it-IT\"},{\"@type\":\"WebPage\",\"@id\":\"https:\/\/www.shalom.it\/europa\/regno-unito-i-108-anni-di-julia-jackson-la-donna-ebrea-piu-longeva\/\",\"url\":\"https:\/\/www.shalom.it\/europa\/regno-unito-i-108-anni-di-julia-jackson-la-donna-ebrea-piu-longeva\/\",\"name\":\"Regno Unito: i 108 anni di Julia Jackson, la donna ebrea pi\u00f9 longeva - Shalom\",\"isPartOf\":{\"@id\":\"https:\/\/www.shalom.it\/#website\"},\"primaryImageOfPage\":{\"@id\":\"https:\/\/www.shalom.it\/europa\/regno-unito-i-108-anni-di-julia-jackson-la-donna-ebrea-piu-longeva\/#primaryimage\"},\"image\":{\"@id\":\"https:\/\/www.shalom.it\/europa\/regno-unito-i-108-anni-di-julia-jackson-la-donna-ebrea-piu-longeva\/#primaryimage\"},\"thumbnailUrl\":\"https:\/\/www.shalom.it\/wp-content\/uploads\/2026\/04\/julia-jackson-celebrates-108-oldest-member-of-united-synagogue-and-oldest-resident-at-jewish-care-jpg.webp\",\"datePublished\":\"2026-04-27T10:09:34+00:00\",\"dateModified\":\"2026-04-27T10:15:09+00:00\",\"author\":{\"@id\":\"https:\/\/www.shalom.it\/#\/schema\/person\/d6d60e821a49d2a420ffe01f7af79dd8\"},\"breadcrumb\":{\"@id\":\"https:\/\/www.shalom.it\/europa\/regno-unito-i-108-anni-di-julia-jackson-la-donna-ebrea-piu-longeva\/#breadcrumb\"},\"inLanguage\":\"it-IT\",\"potentialAction\":[{\"@type\":\"ReadAction\",\"target\":[\"https:\/\/www.shalom.it\/europa\/regno-unito-i-108-anni-di-julia-jackson-la-donna-ebrea-piu-longeva\/\"]}]},{\"@type\":\"ImageObject\",\"inLanguage\":\"it-IT\",\"@id\":\"https:\/\/www.shalom.it\/europa\/regno-unito-i-108-anni-di-julia-jackson-la-donna-ebrea-piu-longeva\/#primaryimage\",\"url\":\"https:\/\/www.shalom.it\/wp-content\/uploads\/2026\/04\/julia-jackson-celebrates-108-oldest-member-of-united-synagogue-and-oldest-resident-at-jewish-care-jpg.webp\",\"contentUrl\":\"https:\/\/www.shalom.it\/wp-content\/uploads\/2026\/04\/julia-jackson-celebrates-108-oldest-member-of-united-synagogue-and-oldest-resident-at-jewish-care-jpg.webp\",\"width\":1080,\"height\":810},{\"@type\":\"BreadcrumbList\",\"@id\":\"https:\/\/www.shalom.it\/europa\/regno-unito-i-108-anni-di-julia-jackson-la-donna-ebrea-piu-longeva\/#breadcrumb\",\"itemListElement\":[{\"@type\":\"ListItem\",\"position\":1,\"name\":\"Home\",\"item\":\"https:\/\/www.shalom.it\/\"},{\"@type\":\"ListItem\",\"position\":2,\"name\":\"Regno Unito: i 108 anni di Julia Jackson, la donna ebrea pi\u00f9 longeva\"}]},{\"@type\":\"WebSite\",\"@id\":\"https:\/\/www.shalom.it\/#website\",\"url\":\"https:\/\/www.shalom.it\/\",\"name\":\"Shalom\",\"description\":\"Il Magazine della comunit\u00e0 ebraica di Roma\",\"potentialAction\":[{\"@type\":\"SearchAction\",\"target\":{\"@type\":\"EntryPoint\",\"urlTemplate\":\"https:\/\/www.shalom.it\/?s={search_term_string}\"},\"query-input\":{\"@type\":\"PropertyValueSpecification\",\"valueRequired\":true,\"valueName\":\"search_term_string\"}}],\"inLanguage\":\"it-IT\"},{\"@type\":\"Person\",\"@id\":\"https:\/\/www.shalom.it\/#\/schema\/person\/d6d60e821a49d2a420ffe01f7af79dd8\",\"name\":\"Redazione\",\"url\":\"https:\/\/www.shalom.it\/author\/redazione\/\"}]}<\/script>\n<!-- \/ Yoast SEO plugin. -->","yoast_head_json":{"title":"Regno Unito: i 108 anni di Julia Jackson, la donna ebrea pi\u00f9 longeva - Shalom","robots":{"index":"index","follow":"follow","max-snippet":"max-snippet:-1","max-image-preview":"max-image-preview:large","max-video-preview":"max-video-preview:-1"},"canonical":"https:\/\/www.shalom.it\/europa\/regno-unito-i-108-anni-di-julia-jackson-la-donna-ebrea-piu-longeva\/","og_locale":"it_IT","og_type":"article","og_title":"Regno Unito: i 108 anni di Julia Jackson, la donna ebrea pi\u00f9 longeva - Shalom","og_description":"Ha appena compiuto 108 anni e anche lei stessa stenta a crederci. Si tratta di Julia Jackson, la donna ebrea pi\u00f9 anziana del Regno Unito. \u201cQualche giorno fa mi ha chiesto: &#8216;Quanti anni ho?&#8217; &#8211; racconta la figlia Josephine Lewis al \u2018Jewish Chronicle\u2019 &#8211; Le ho risposto: &#8216;108&#8217;. E lei: &#8216;Non ci credo'&#8221;. La sua [&hellip;]","og_url":"https:\/\/www.shalom.it\/europa\/regno-unito-i-108-anni-di-julia-jackson-la-donna-ebrea-piu-longeva\/","og_site_name":"Shalom","article_published_time":"2026-04-27T10:09:34+00:00","article_modified_time":"2026-04-27T10:15:09+00:00","og_image":[{"width":1080,"height":810,"url":"https:\/\/www.shalom.it\/wp-content\/uploads\/2026\/04\/julia-jackson-celebrates-108-oldest-member-of-united-synagogue-and-oldest-resident-at-jewish-care-jpg.webp","type":"image\/webp"}],"author":"Redazione","twitter_card":"summary_large_image","twitter_misc":{"Scritto da":"Redazione","Tempo di lettura stimato":"3 minuti"},"schema":{"@context":"https:\/\/schema.org","@graph":[{"@type":"Article","@id":"https:\/\/www.shalom.it\/europa\/regno-unito-i-108-anni-di-julia-jackson-la-donna-ebrea-piu-longeva\/#article","isPartOf":{"@id":"https:\/\/www.shalom.it\/europa\/regno-unito-i-108-anni-di-julia-jackson-la-donna-ebrea-piu-longeva\/"},"author":{"name":"Redazione","@id":"https:\/\/www.shalom.it\/#\/schema\/person\/d6d60e821a49d2a420ffe01f7af79dd8"},"headline":"Regno Unito: i 108 anni di Julia Jackson, la donna ebrea pi\u00f9 longeva","datePublished":"2026-04-27T10:09:34+00:00","dateModified":"2026-04-27T10:15:09+00:00","mainEntityOfPage":{"@id":"https:\/\/www.shalom.it\/europa\/regno-unito-i-108-anni-di-julia-jackson-la-donna-ebrea-piu-longeva\/"},"wordCount":298,"image":{"@id":"https:\/\/www.shalom.it\/europa\/regno-unito-i-108-anni-di-julia-jackson-la-donna-ebrea-piu-longeva\/#primaryimage"},"thumbnailUrl":"https:\/\/www.shalom.it\/wp-content\/uploads\/2026\/04\/julia-jackson-celebrates-108-oldest-member-of-united-synagogue-and-oldest-resident-at-jewish-care-jpg.webp","articleSection":["EUROPA"],"inLanguage":"it-IT"},{"@type":"WebPage","@id":"https:\/\/www.shalom.it\/europa\/regno-unito-i-108-anni-di-julia-jackson-la-donna-ebrea-piu-longeva\/","url":"https:\/\/www.shalom.it\/europa\/regno-unito-i-108-anni-di-julia-jackson-la-donna-ebrea-piu-longeva\/","name":"Regno Unito: i 108 anni di Julia Jackson, la donna ebrea pi\u00f9 longeva - Shalom","isPartOf":{"@id":"https:\/\/www.shalom.it\/#website"},"primaryImageOfPage":{"@id":"https:\/\/www.shalom.it\/europa\/regno-unito-i-108-anni-di-julia-jackson-la-donna-ebrea-piu-longeva\/#primaryimage"},"image":{"@id":"https:\/\/www.shalom.it\/europa\/regno-unito-i-108-anni-di-julia-jackson-la-donna-ebrea-piu-longeva\/#primaryimage"},"thumbnailUrl":"https:\/\/www.shalom.it\/wp-content\/uploads\/2026\/04\/julia-jackson-celebrates-108-oldest-member-of-united-synagogue-and-oldest-resident-at-jewish-care-jpg.webp","datePublished":"2026-04-27T10:09:34+00:00","dateModified":"2026-04-27T10:15:09+00:00","author":{"@id":"https:\/\/www.shalom.it\/#\/schema\/person\/d6d60e821a49d2a420ffe01f7af79dd8"},"breadcrumb":{"@id":"https:\/\/www.shalom.it\/europa\/regno-unito-i-108-anni-di-julia-jackson-la-donna-ebrea-piu-longeva\/#breadcrumb"},"inLanguage":"it-IT","potentialAction":[{"@type":"ReadAction","target":["https:\/\/www.shalom.it\/europa\/regno-unito-i-108-anni-di-julia-jackson-la-donna-ebrea-piu-longeva\/"]}]},{"@type":"ImageObject","inLanguage":"it-IT","@id":"https:\/\/www.shalom.it\/europa\/regno-unito-i-108-anni-di-julia-jackson-la-donna-ebrea-piu-longeva\/#primaryimage","url":"https:\/\/www.shalom.it\/wp-content\/uploads\/2026\/04\/julia-jackson-celebrates-108-oldest-member-of-united-synagogue-and-oldest-resident-at-jewish-care-jpg.webp","contentUrl":"https:\/\/www.shalom.it\/wp-content\/uploads\/2026\/04\/julia-jackson-celebrates-108-oldest-member-of-united-synagogue-and-oldest-resident-at-jewish-care-jpg.webp","width":1080,"height":810},{"@type":"BreadcrumbList","@id":"https:\/\/www.shalom.it\/europa\/regno-unito-i-108-anni-di-julia-jackson-la-donna-ebrea-piu-longeva\/#breadcrumb","itemListElement":[{"@type":"ListItem","position":1,"name":"Home","item":"https:\/\/www.shalom.it\/"},{"@type":"ListItem","position":2,"name":"Regno Unito: i 108 anni di Julia Jackson, la donna ebrea pi\u00f9 longeva"}]},{"@type":"WebSite","@id":"https:\/\/www.shalom.it\/#website","url":"https:\/\/www.shalom.it\/","name":"Shalom","description":"Il Magazine della comunit\u00e0 ebraica di Roma","potentialAction":[{"@type":"SearchAction","target":{"@type":"EntryPoint","urlTemplate":"https:\/\/www.shalom.it\/?s={search_term_string}"},"query-input":{"@type":"PropertyValueSpecification","valueRequired":true,"valueName":"search_term_string"}}],"inLanguage":"it-IT"},{"@type":"Person","@id":"https:\/\/www.shalom.it\/#\/schema\/person\/d6d60e821a49d2a420ffe01f7af79dd8","name":"Redazione","url":"https:\/\/www.shalom.it\/author\/redazione\/"}]}},"jetpack_featured_media_url":"https:\/\/www.shalom.it\/wp-content\/uploads\/2026\/04\/julia-jackson-celebrates-108-oldest-member-of-united-synagogue-and-oldest-resident-at-jewish-care-jpg.webp","jetpack_sharing_enabled":true,"_links":{"self":[{"href":"https:\/\/www.shalom.it\/wp-json\/wp\/v2\/posts\/126898","targetHints":{"allow":["GET"]}}],"collection":[{"href":"https:\/\/www.shalom.it\/wp-json\/wp\/v2\/posts"}],"about":[{"href":"https:\/\/www.shalom.it\/wp-json\/wp\/v2\/types\/post"}],"author":[{"embeddable":true,"href":"https:\/\/www.shalom.it\/wp-json\/wp\/v2\/users\/3"}],"replies":[{"embeddable":true,"href":"https:\/\/www.shalom.it\/wp-json\/wp\/v2\/comments?post=126898"}],"version-history":[{"count":3,"href":"https:\/\/www.shalom.it\/wp-json\/wp\/v2\/posts\/126898\/revisions"}],"predecessor-version":[{"id":126905,"href":"https:\/\/www.shalom.it\/wp-json\/wp\/v2\/posts\/126898\/revisions\/126905"}],"wp:featuredmedia":[{"embeddable":true,"href":"https:\/\/www.shalom.it\/wp-json\/wp\/v2\/media\/126899"}],"wp:attachment":[{"href":"https:\/\/www.shalom.it\/wp-json\/wp\/v2\/media?parent=126898"}],"wp:term":[{"taxonomy":"category","embeddable":true,"href":"https:\/\/www.shalom.it\/wp-json\/wp\/v2\/categories?post=126898"},{"taxonomy":"post_tag","embeddable":true,"href":"https:\/\/www.shalom.it\/wp-json\/wp\/v2\/tags?post=126898"}],"curies":[{"name":"wp","href":"https:\/\/api.w.org\/{rel}","templated":true}]}}