{"id":126885,"date":"2026-04-26T14:50:14","date_gmt":"2026-04-26T12:50:14","guid":{"rendered":"https:\/\/www.shalom.it\/?p=126885"},"modified":"2026-04-26T14:50:14","modified_gmt":"2026-04-26T12:50:14","slug":"i-guastafeste-della-liberazione","status":"publish","type":"post","link":"https:\/\/www.shalom.it\/italia\/i-guastafeste-della-liberazione\/","title":{"rendered":"I guastafeste della Liberazione"},"content":{"rendered":"<p>\u00abC\u2019\u00e8 poco da stupirsi\u00bb. Cos\u00ec il sindaco di Milano ha commentato quanto accaduto in piazza il 25 aprile: una giornata in cui la memoria della Liberazione dal nazifascismo \u00e8 stata deturpata e insultata. Parole che suonano come una resa, soprattutto perch\u00e9 non accompagnate da una condanna netta dell\u2019esclusione del vessillo e del corteo della Brigata ebraica.<br \/>\nIl 25 aprile \u00e8 diventato sempre pi\u00f9 spesso lo scenario di rese dei conti e ritorsioni, lontano dallo spirito che dovrebbe rappresentare. Come se quella contestazione fosse inevitabile. Come se fosse ormai normale che le piazze rinneghino un pezzo di storia del Paese. D\u2019altra parte senza quei \u201cguastafeste\u201d della Brigata ebraica, la piazza non si sarebbe divisa. Se fossero rimasti a casa, lasciando spazio a bandiere scelte a piacere \u2014 anche a quelle che negano o distorcono la storia della Liberazione \u2014 non si sarebbero sentite frasi come \u00absiete saponette mancate\u00bb rivolte a Emanuele Fiano.<br \/>\nUna conclusione implicita, quanto pericolosa: se la sono cercata. Perch\u00e9 in Italia, ormai, l\u2019antisemitismo sembra essere tollerabile e perdonabile.<br \/>\nE quando nei cortei pro-Palestina compaiono anche i simboli di organizzazioni come Hezbollah, il segnale \u00e8 ancora pi\u00f9 grave. Non si tratta di solo odio, \u00e8 un attacco ai valori democratici stessi. Un campanello d\u2019allarme che, tuttavia, viene trattato come un dettaglio, perch\u00e9 pare che la bandiera con la stella di David sia pi\u00f9 scomoda di quella dei terroristi.<br \/>\nIl 25 aprile \u00e8 ormai un luogo in cui si trascinano veleni antisemiti, si sradicano storie, si falsifica l\u2019identit\u00e0 dei cittadini italiani. Un tradimento non solo della memoria, ma dell\u2019Italia intera e della sua Costituzione, che prima ancora di essere difesa formalmente, andrebbe rispettata nei suoi principi fondamentali.<br \/>\n\u00abMe lo aspettavo\u00bb, ha aggiunto Sala, attribuendo tutto \u00abal clima che si \u00e8 creato in quest\u2019ultima fase\u00bb. Ma se quel clima era prevedibile, perch\u00e9 non \u00e8 stato fatto nulla per evitarlo?<br \/>\n\u00c8 difficile comprendere come il sindaco di una grande citt\u00e0, consapevole del rischio, non abbia agito per garantire che anche il corteo di chi ricorda i soldati ebrei \u2014 partiti volontariamente dalla Palestina del mandato britannico per contribuire alla liberazione dell\u2019Europa \u2014 potesse sfilare senza subire intimidazioni, insulti e grida.<br \/>\nNon si tratta di un incidente. \u00c8 un segnale molto grave senza precedenti. \u00c8 tempo di decidere chi sono i veri guastafeste: chi difende la memoria o chi la piega fino a renderla irriconoscibile.<\/p>\n","protected":false},"excerpt":{"rendered":"<p>\u00abC\u2019\u00e8 poco da stupirsi\u00bb. Cos\u00ec il sindaco di Milano ha commentato quanto accaduto in piazza il 25 aprile: una giornata in cui la memoria della Liberazione dal nazifascismo \u00e8 stata deturpata e insultata. Parole che suonano come una resa, soprattutto perch\u00e9 non accompagnate da una condanna netta dell\u2019esclusione del vessillo e del corteo della Brigata [&hellip;]<\/p>\n","protected":false},"author":97,"featured_media":126886,"comment_status":"closed","ping_status":"closed","sticky":false,"template":"","format":"standard","meta":{"_acf_changed":false,"_jetpack_memberships_contains_paid_content":false,"footnotes":""},"categories":[3],"tags":[],"class_list":["post-126885","post","type-post","status-publish","format-standard","has-post-thumbnail","hentry","category-italia"],"acf":[],"yoast_head":"<!-- This site is optimized with the Yoast SEO plugin v26.9 - https:\/\/yoast.com\/product\/yoast-seo-wordpress\/ -->\n<title>I guastafeste della Liberazione - Shalom<\/title>\n<meta name=\"robots\" content=\"index, follow, max-snippet:-1, max-image-preview:large, max-video-preview:-1\" \/>\n<link rel=\"canonical\" href=\"https:\/\/www.shalom.it\/italia\/i-guastafeste-della-liberazione\/\" \/>\n<meta property=\"og:locale\" content=\"it_IT\" \/>\n<meta property=\"og:type\" content=\"article\" \/>\n<meta property=\"og:title\" content=\"I guastafeste della Liberazione - Shalom\" \/>\n<meta property=\"og:description\" content=\"\u00abC\u2019\u00e8 poco da stupirsi\u00bb. Cos\u00ec il sindaco di Milano ha commentato quanto accaduto in piazza il 25 aprile: una giornata in cui la memoria della Liberazione dal nazifascismo \u00e8 stata deturpata e insultata. Parole che suonano come una resa, soprattutto perch\u00e9 non accompagnate da una condanna netta dell\u2019esclusione del vessillo e del corteo della Brigata [&hellip;]\" \/>\n<meta property=\"og:url\" content=\"https:\/\/www.shalom.it\/italia\/i-guastafeste-della-liberazione\/\" \/>\n<meta property=\"og:site_name\" content=\"Shalom\" \/>\n<meta property=\"article:published_time\" content=\"2026-04-26T12:50:14+00:00\" \/>\n<meta property=\"og:image\" content=\"https:\/\/www.shalom.it\/wp-content\/uploads\/2026\/04\/I-guastafeste.jpg\" \/>\n\t<meta property=\"og:image:width\" content=\"700\" \/>\n\t<meta property=\"og:image:height\" content=\"467\" \/>\n\t<meta property=\"og:image:type\" content=\"image\/jpeg\" \/>\n<meta name=\"author\" content=\"Ariela Piattelli\" \/>\n<meta name=\"twitter:card\" content=\"summary_large_image\" \/>\n<meta name=\"twitter:label1\" content=\"Scritto da\" \/>\n\t<meta name=\"twitter:data1\" content=\"Ariela Piattelli\" \/>\n\t<meta name=\"twitter:label2\" content=\"Tempo di lettura stimato\" \/>\n\t<meta name=\"twitter:data2\" content=\"1 minuto\" \/>\n<script type=\"application\/ld+json\" class=\"yoast-schema-graph\">{\"@context\":\"https:\/\/schema.org\",\"@graph\":[{\"@type\":\"Article\",\"@id\":\"https:\/\/www.shalom.it\/italia\/i-guastafeste-della-liberazione\/#article\",\"isPartOf\":{\"@id\":\"https:\/\/www.shalom.it\/italia\/i-guastafeste-della-liberazione\/\"},\"author\":{\"name\":\"Ariela Piattelli\",\"@id\":\"https:\/\/www.shalom.it\/#\/schema\/person\/60863844fcce19d008f5cd64bb0fce26\"},\"headline\":\"I guastafeste della Liberazione\",\"datePublished\":\"2026-04-26T12:50:14+00:00\",\"mainEntityOfPage\":{\"@id\":\"https:\/\/www.shalom.it\/italia\/i-guastafeste-della-liberazione\/\"},\"wordCount\":387,\"image\":{\"@id\":\"https:\/\/www.shalom.it\/italia\/i-guastafeste-della-liberazione\/#primaryimage\"},\"thumbnailUrl\":\"https:\/\/www.shalom.it\/wp-content\/uploads\/2026\/04\/I-guastafeste.jpg\",\"articleSection\":[\"ITALIA\"],\"inLanguage\":\"it-IT\"},{\"@type\":\"WebPage\",\"@id\":\"https:\/\/www.shalom.it\/italia\/i-guastafeste-della-liberazione\/\",\"url\":\"https:\/\/www.shalom.it\/italia\/i-guastafeste-della-liberazione\/\",\"name\":\"I guastafeste della Liberazione - Shalom\",\"isPartOf\":{\"@id\":\"https:\/\/www.shalom.it\/#website\"},\"primaryImageOfPage\":{\"@id\":\"https:\/\/www.shalom.it\/italia\/i-guastafeste-della-liberazione\/#primaryimage\"},\"image\":{\"@id\":\"https:\/\/www.shalom.it\/italia\/i-guastafeste-della-liberazione\/#primaryimage\"},\"thumbnailUrl\":\"https:\/\/www.shalom.it\/wp-content\/uploads\/2026\/04\/I-guastafeste.jpg\",\"datePublished\":\"2026-04-26T12:50:14+00:00\",\"author\":{\"@id\":\"https:\/\/www.shalom.it\/#\/schema\/person\/60863844fcce19d008f5cd64bb0fce26\"},\"breadcrumb\":{\"@id\":\"https:\/\/www.shalom.it\/italia\/i-guastafeste-della-liberazione\/#breadcrumb\"},\"inLanguage\":\"it-IT\",\"potentialAction\":[{\"@type\":\"ReadAction\",\"target\":[\"https:\/\/www.shalom.it\/italia\/i-guastafeste-della-liberazione\/\"]}]},{\"@type\":\"ImageObject\",\"inLanguage\":\"it-IT\",\"@id\":\"https:\/\/www.shalom.it\/italia\/i-guastafeste-della-liberazione\/#primaryimage\",\"url\":\"https:\/\/www.shalom.it\/wp-content\/uploads\/2026\/04\/I-guastafeste.jpg\",\"contentUrl\":\"https:\/\/www.shalom.it\/wp-content\/uploads\/2026\/04\/I-guastafeste.jpg\",\"width\":700,\"height\":467,\"caption\":\"Tensioni al corteo per l'anniversario della Festa della Liberazione a Milano, 25 aprile 2026. ANSA\/MOURAD BALTI TOUATI\"},{\"@type\":\"BreadcrumbList\",\"@id\":\"https:\/\/www.shalom.it\/italia\/i-guastafeste-della-liberazione\/#breadcrumb\",\"itemListElement\":[{\"@type\":\"ListItem\",\"position\":1,\"name\":\"Home\",\"item\":\"https:\/\/www.shalom.it\/\"},{\"@type\":\"ListItem\",\"position\":2,\"name\":\"I guastafeste della Liberazione\"}]},{\"@type\":\"WebSite\",\"@id\":\"https:\/\/www.shalom.it\/#website\",\"url\":\"https:\/\/www.shalom.it\/\",\"name\":\"Shalom\",\"description\":\"Il Magazine della comunit\u00e0 ebraica di Roma\",\"potentialAction\":[{\"@type\":\"SearchAction\",\"target\":{\"@type\":\"EntryPoint\",\"urlTemplate\":\"https:\/\/www.shalom.it\/?s={search_term_string}\"},\"query-input\":{\"@type\":\"PropertyValueSpecification\",\"valueRequired\":true,\"valueName\":\"search_term_string\"}}],\"inLanguage\":\"it-IT\"},{\"@type\":\"Person\",\"@id\":\"https:\/\/www.shalom.it\/#\/schema\/person\/60863844fcce19d008f5cd64bb0fce26\",\"name\":\"Ariela Piattelli\",\"description\":\"Direttore di Shalom. Nata a Roma nel 1976, Ariela Piattelli ha collaborato con Shalom, con i quotidiani Il Giornale, Il Corriere della Sera e La Stampa, scrivendo principalmente di arte, storia, e cultura ebraica ed israeliana. Da oltre un decennio dirige EBRAICA \u2013 Festival Internazionale di Cultura, e il Pitigliani Kolno\u2019a Festival \u2013 Ebraismo e Israele nel Cinema, prodotto dal Centro Ebraico Italiano Il Pitigliani. Piattelli ha collaborato con varie istituzioni ebraiche italiane, come promotrice e curatrice di eventi culturali.\",\"url\":\"https:\/\/www.shalom.it\/author\/arielapiattelli\/\"}]}<\/script>\n<!-- \/ Yoast SEO plugin. -->","yoast_head_json":{"title":"I guastafeste della Liberazione - Shalom","robots":{"index":"index","follow":"follow","max-snippet":"max-snippet:-1","max-image-preview":"max-image-preview:large","max-video-preview":"max-video-preview:-1"},"canonical":"https:\/\/www.shalom.it\/italia\/i-guastafeste-della-liberazione\/","og_locale":"it_IT","og_type":"article","og_title":"I guastafeste della Liberazione - Shalom","og_description":"\u00abC\u2019\u00e8 poco da stupirsi\u00bb. Cos\u00ec il sindaco di Milano ha commentato quanto accaduto in piazza il 25 aprile: una giornata in cui la memoria della Liberazione dal nazifascismo \u00e8 stata deturpata e insultata. Parole che suonano come una resa, soprattutto perch\u00e9 non accompagnate da una condanna netta dell\u2019esclusione del vessillo e del corteo della Brigata [&hellip;]","og_url":"https:\/\/www.shalom.it\/italia\/i-guastafeste-della-liberazione\/","og_site_name":"Shalom","article_published_time":"2026-04-26T12:50:14+00:00","og_image":[{"width":700,"height":467,"url":"https:\/\/www.shalom.it\/wp-content\/uploads\/2026\/04\/I-guastafeste.jpg","type":"image\/jpeg"}],"author":"Ariela Piattelli","twitter_card":"summary_large_image","twitter_misc":{"Scritto da":"Ariela Piattelli","Tempo di lettura stimato":"1 minuto"},"schema":{"@context":"https:\/\/schema.org","@graph":[{"@type":"Article","@id":"https:\/\/www.shalom.it\/italia\/i-guastafeste-della-liberazione\/#article","isPartOf":{"@id":"https:\/\/www.shalom.it\/italia\/i-guastafeste-della-liberazione\/"},"author":{"name":"Ariela Piattelli","@id":"https:\/\/www.shalom.it\/#\/schema\/person\/60863844fcce19d008f5cd64bb0fce26"},"headline":"I guastafeste della Liberazione","datePublished":"2026-04-26T12:50:14+00:00","mainEntityOfPage":{"@id":"https:\/\/www.shalom.it\/italia\/i-guastafeste-della-liberazione\/"},"wordCount":387,"image":{"@id":"https:\/\/www.shalom.it\/italia\/i-guastafeste-della-liberazione\/#primaryimage"},"thumbnailUrl":"https:\/\/www.shalom.it\/wp-content\/uploads\/2026\/04\/I-guastafeste.jpg","articleSection":["ITALIA"],"inLanguage":"it-IT"},{"@type":"WebPage","@id":"https:\/\/www.shalom.it\/italia\/i-guastafeste-della-liberazione\/","url":"https:\/\/www.shalom.it\/italia\/i-guastafeste-della-liberazione\/","name":"I guastafeste della Liberazione - Shalom","isPartOf":{"@id":"https:\/\/www.shalom.it\/#website"},"primaryImageOfPage":{"@id":"https:\/\/www.shalom.it\/italia\/i-guastafeste-della-liberazione\/#primaryimage"},"image":{"@id":"https:\/\/www.shalom.it\/italia\/i-guastafeste-della-liberazione\/#primaryimage"},"thumbnailUrl":"https:\/\/www.shalom.it\/wp-content\/uploads\/2026\/04\/I-guastafeste.jpg","datePublished":"2026-04-26T12:50:14+00:00","author":{"@id":"https:\/\/www.shalom.it\/#\/schema\/person\/60863844fcce19d008f5cd64bb0fce26"},"breadcrumb":{"@id":"https:\/\/www.shalom.it\/italia\/i-guastafeste-della-liberazione\/#breadcrumb"},"inLanguage":"it-IT","potentialAction":[{"@type":"ReadAction","target":["https:\/\/www.shalom.it\/italia\/i-guastafeste-della-liberazione\/"]}]},{"@type":"ImageObject","inLanguage":"it-IT","@id":"https:\/\/www.shalom.it\/italia\/i-guastafeste-della-liberazione\/#primaryimage","url":"https:\/\/www.shalom.it\/wp-content\/uploads\/2026\/04\/I-guastafeste.jpg","contentUrl":"https:\/\/www.shalom.it\/wp-content\/uploads\/2026\/04\/I-guastafeste.jpg","width":700,"height":467,"caption":"Tensioni al corteo per l'anniversario della Festa della Liberazione a Milano, 25 aprile 2026. ANSA\/MOURAD BALTI TOUATI"},{"@type":"BreadcrumbList","@id":"https:\/\/www.shalom.it\/italia\/i-guastafeste-della-liberazione\/#breadcrumb","itemListElement":[{"@type":"ListItem","position":1,"name":"Home","item":"https:\/\/www.shalom.it\/"},{"@type":"ListItem","position":2,"name":"I guastafeste della Liberazione"}]},{"@type":"WebSite","@id":"https:\/\/www.shalom.it\/#website","url":"https:\/\/www.shalom.it\/","name":"Shalom","description":"Il Magazine della comunit\u00e0 ebraica di Roma","potentialAction":[{"@type":"SearchAction","target":{"@type":"EntryPoint","urlTemplate":"https:\/\/www.shalom.it\/?s={search_term_string}"},"query-input":{"@type":"PropertyValueSpecification","valueRequired":true,"valueName":"search_term_string"}}],"inLanguage":"it-IT"},{"@type":"Person","@id":"https:\/\/www.shalom.it\/#\/schema\/person\/60863844fcce19d008f5cd64bb0fce26","name":"Ariela Piattelli","description":"Direttore di Shalom. Nata a Roma nel 1976, Ariela Piattelli ha collaborato con Shalom, con i quotidiani Il Giornale, Il Corriere della Sera e La Stampa, scrivendo principalmente di arte, storia, e cultura ebraica ed israeliana. Da oltre un decennio dirige EBRAICA \u2013 Festival Internazionale di Cultura, e il Pitigliani Kolno\u2019a Festival \u2013 Ebraismo e Israele nel Cinema, prodotto dal Centro Ebraico Italiano Il Pitigliani. Piattelli ha collaborato con varie istituzioni ebraiche italiane, come promotrice e curatrice di eventi culturali.","url":"https:\/\/www.shalom.it\/author\/arielapiattelli\/"}]}},"jetpack_featured_media_url":"https:\/\/www.shalom.it\/wp-content\/uploads\/2026\/04\/I-guastafeste.jpg","jetpack_sharing_enabled":true,"_links":{"self":[{"href":"https:\/\/www.shalom.it\/wp-json\/wp\/v2\/posts\/126885","targetHints":{"allow":["GET"]}}],"collection":[{"href":"https:\/\/www.shalom.it\/wp-json\/wp\/v2\/posts"}],"about":[{"href":"https:\/\/www.shalom.it\/wp-json\/wp\/v2\/types\/post"}],"author":[{"embeddable":true,"href":"https:\/\/www.shalom.it\/wp-json\/wp\/v2\/users\/97"}],"replies":[{"embeddable":true,"href":"https:\/\/www.shalom.it\/wp-json\/wp\/v2\/comments?post=126885"}],"version-history":[{"count":1,"href":"https:\/\/www.shalom.it\/wp-json\/wp\/v2\/posts\/126885\/revisions"}],"predecessor-version":[{"id":126887,"href":"https:\/\/www.shalom.it\/wp-json\/wp\/v2\/posts\/126885\/revisions\/126887"}],"wp:featuredmedia":[{"embeddable":true,"href":"https:\/\/www.shalom.it\/wp-json\/wp\/v2\/media\/126886"}],"wp:attachment":[{"href":"https:\/\/www.shalom.it\/wp-json\/wp\/v2\/media?parent=126885"}],"wp:term":[{"taxonomy":"category","embeddable":true,"href":"https:\/\/www.shalom.it\/wp-json\/wp\/v2\/categories?post=126885"},{"taxonomy":"post_tag","embeddable":true,"href":"https:\/\/www.shalom.it\/wp-json\/wp\/v2\/tags?post=126885"}],"curies":[{"name":"wp","href":"https:\/\/api.w.org\/{rel}","templated":true}]}}