{"id":126786,"date":"2026-04-26T04:00:34","date_gmt":"2026-04-26T02:00:34","guid":{"rendered":"https:\/\/www.shalom.it\/?p=126786"},"modified":"2026-04-23T09:46:13","modified_gmt":"2026-04-23T07:46:13","slug":"karel-cudlin-mostra-praga","status":"publish","type":"post","link":"https:\/\/www.shalom.it\/cultura\/karel-cudlin-mostra-praga\/","title":{"rendered":"L&#8217;amore ardente di Israele nelle fotografie di Karel Cudli\u0301n in mostra a Praga"},"content":{"rendered":"<p>\u201cBurning Love: Israel Through the Lens of Karel Cudl\u00edn\u201d<strong>,<\/strong> \u201cAmore ardente: Israele attraverso l\u2019obiettivo di Karel Cudl\u00edn\u201d \u00e8 il titolo della mostra allestita nella Sinagoga Klausen del Museo ebraico di Praga che offre uno sguardo intenso e stratificato sullo Stato d\u2019Israele, un viaggio visivo e umano, in cui la fotografia diventa strumento di comprensione e testimonianza, un racconto che senza urlare lascia un segno profondo.<\/p>\n<p>L\u2019esposizione raccoglie circa duecento immagini realizzate dal fotografo ceco Karel Cudl\u00edn tra il 1996 e il 2026, componendo un racconto che oscilla tra quotidianit\u00e0 e tensione, intimit\u00e0 e conflitto. Fin dalle prime opere, il visitatore \u00e8 immerso in una narrazione lontana dagli stereotipi: Karel Cudl\u00edn evita la retorica del sensazionalismo per proporre un mosaico di gesti quotidiani, di famiglie, soldati, anziani, bambini, scene di strada. Le fotografie attraversano luoghi simbolici e periferici, dalle alture del Golan al deserto del Negev, restituendo una geografia emotiva di grande suggestione.<\/p>\n<p>L\u2019espressione \u201cBurning Love\u201d vuole suggerire una doppia chiave di lettura: da un lato l\u2019attaccamento profondo, quasi viscerale, alla terra e alla vita, dall\u2019altro la tensione costante in cui vive il popolo d\u2019Israele; questa ambivalenza emerge chiaramente negli scatti, in cui momenti di serenit\u00e0 convivono con segnali di precariet\u00e0 e di guerra.<\/p>\n<p>Karel Cudl\u00edn, con il suo bianco e nero rigoroso, riesce a congelare attimi sospesi, lasciando allo spettatore il compito di interpretarli. L\u2019allestimento valorizza il ritmo narrativo delle immagini, organizzate in sequenze tematiche e non cronologiche, in cui passato e presente si intrecciano. I curatori, che hanno lavorato in collaborazione con il collettivo fotografico 400 ASA, puntano a evidenziare la coerenza dello sguardo dell\u2019autore pi\u00f9 che la sua evoluzione stilistica. Karel Cudl\u00edn si avvicina ai soggetti con delicatezza e discrezione, senza mai invadere lo spazio personale, producendo immagini di grande intensit\u00e0 emotiva, in cui il visitatore stabilisce una relazione diretta con i volti e con le storie rappresentate. Non ci sono didascalie invasive: le fotografie sono chiare, lasciano spazio a interpretazioni multiple. A corredo della mostra \u00e8 stato pubblicato un volume che approfondisce il progetto espositivo, con testi dello scrittore israeliano Tsur Shezaf e con riflessioni letterarie che dialogano con la forza visiva degli scatti.<\/p>\n<p><img loading=\"lazy\" decoding=\"async\" class=\"aligncenter size-full wp-image-126788\" src=\"https:\/\/www.shalom.it\/wp-content\/uploads\/2026\/04\/Burning-Love-Praga.jpg\" alt=\"\" width=\"800\" height=\"500\" srcset=\"https:\/\/www.shalom.it\/wp-content\/uploads\/2026\/04\/Burning-Love-Praga.jpg 800w, https:\/\/www.shalom.it\/wp-content\/uploads\/2026\/04\/Burning-Love-Praga-300x188.jpg 300w, https:\/\/www.shalom.it\/wp-content\/uploads\/2026\/04\/Burning-Love-Praga-768x480.jpg 768w, https:\/\/www.shalom.it\/wp-content\/uploads\/2026\/04\/Burning-Love-Praga-185x115.jpg 185w\" sizes=\"auto, (max-width: 800px) 100vw, 800px\" \/><\/p>\n<p>La Sinagoga Klausen, nelle immediate vicinanze del Vecchio cimitero ebraico di Praga, \u00e8 stata edificata nel periodo barocco, era la pi\u00f9 grande del ghetto e la seconda per importanza della comunit\u00e0 ebraica di Praga, accoglie l\u2019esposizione permanente del Museo ebraico intitolata: \u201cUsi e costumi ebraici\u201d. In origine la sinagoga era composta da tre edifici, costruiti alla fine del XVI secolo dal celebre cittadino ebreo Mordechai Maisel, un\u2019area, ospitava la scuola di Talmud fondata dal Marahal di Praga, il rabbino Yehuda Loew, una seconda area era dedicata alle preghiere e la terza area era destinata al mikv\u00e8, bagno rituale, e alla cura dei malati. L\u2019edificio attuale risale al periodo successivo all\u2019incendio che distrusse l\u2019intero ghetto ebraico di Praga e fu completato nel 1694, non \u00e8 stato danneggiato significativamente durante la Seconda guerra mondiale.<\/p>\n<p><em>Photo credit: Karel Cudli\u0301n<\/em><\/p>\n","protected":false},"excerpt":{"rendered":"<p>\u201cBurning Love: Israel Through the Lens of Karel Cudl\u00edn\u201d, \u201cAmore ardente: Israele attraverso l\u2019obiettivo di Karel Cudl\u00edn\u201d \u00e8 il titolo della mostra allestita nella Sinagoga Klausen del Museo ebraico di Praga che offre uno sguardo intenso e stratificato sullo Stato d\u2019Israele, un viaggio visivo e umano, in cui la fotografia diventa strumento di comprensione e [&hellip;]<\/p>\n","protected":false},"author":52,"featured_media":126787,"comment_status":"closed","ping_status":"closed","sticky":false,"template":"","format":"standard","meta":{"_acf_changed":false,"_jetpack_memberships_contains_paid_content":false,"footnotes":""},"categories":[7],"tags":[],"class_list":["post-126786","post","type-post","status-publish","format-standard","has-post-thumbnail","hentry","category-cultura"],"acf":[],"yoast_head":"<!-- This site is optimized with the Yoast SEO plugin v26.9 - https:\/\/yoast.com\/product\/yoast-seo-wordpress\/ -->\n<title>L&#039;amore ardente di Israele nelle fotografie di Karel Cudli\u0301n in mostra a Praga - Shalom<\/title>\n<meta name=\"robots\" content=\"index, follow, max-snippet:-1, max-image-preview:large, max-video-preview:-1\" \/>\n<link rel=\"canonical\" href=\"https:\/\/www.shalom.it\/cultura\/karel-cudlin-mostra-praga\/\" \/>\n<meta property=\"og:locale\" content=\"it_IT\" \/>\n<meta property=\"og:type\" content=\"article\" \/>\n<meta property=\"og:title\" content=\"L&#039;amore ardente di Israele nelle fotografie di Karel Cudli\u0301n in mostra a Praga - Shalom\" \/>\n<meta property=\"og:description\" content=\"\u201cBurning Love: Israel Through the Lens of Karel Cudl\u00edn\u201d, \u201cAmore ardente: Israele attraverso l\u2019obiettivo di Karel Cudl\u00edn\u201d \u00e8 il titolo della mostra allestita nella Sinagoga Klausen del Museo ebraico di Praga che offre uno sguardo intenso e stratificato sullo Stato d\u2019Israele, un viaggio visivo e umano, in cui la fotografia diventa strumento di comprensione e [&hellip;]\" \/>\n<meta property=\"og:url\" content=\"https:\/\/www.shalom.it\/cultura\/karel-cudlin-mostra-praga\/\" \/>\n<meta property=\"og:site_name\" content=\"Shalom\" \/>\n<meta property=\"article:published_time\" content=\"2026-04-26T02:00:34+00:00\" \/>\n<meta property=\"og:image\" content=\"https:\/\/www.shalom.it\/wp-content\/uploads\/2026\/04\/BURNING-LOVE_mostra.jpg\" \/>\n\t<meta property=\"og:image:width\" content=\"2028\" \/>\n\t<meta property=\"og:image:height\" content=\"1124\" \/>\n\t<meta property=\"og:image:type\" content=\"image\/jpeg\" \/>\n<meta name=\"author\" content=\"Claudia De Benedetti\" \/>\n<meta name=\"twitter:card\" content=\"summary_large_image\" \/>\n<meta name=\"twitter:label1\" content=\"Scritto da\" \/>\n\t<meta name=\"twitter:data1\" content=\"Claudia De Benedetti\" \/>\n\t<meta name=\"twitter:label2\" content=\"Tempo di lettura stimato\" \/>\n\t<meta name=\"twitter:data2\" content=\"4 minuti\" \/>\n<script type=\"application\/ld+json\" class=\"yoast-schema-graph\">{\"@context\":\"https:\/\/schema.org\",\"@graph\":[{\"@type\":\"Article\",\"@id\":\"https:\/\/www.shalom.it\/cultura\/karel-cudlin-mostra-praga\/#article\",\"isPartOf\":{\"@id\":\"https:\/\/www.shalom.it\/cultura\/karel-cudlin-mostra-praga\/\"},\"author\":{\"name\":\"Claudia De Benedetti\",\"@id\":\"https:\/\/www.shalom.it\/#\/schema\/person\/c81302a32bb43b08926bca1e1ce2f8e1\"},\"headline\":\"L&#8217;amore ardente di Israele nelle fotografie di Karel Cudli\u0301n in mostra a Praga\",\"datePublished\":\"2026-04-26T02:00:34+00:00\",\"mainEntityOfPage\":{\"@id\":\"https:\/\/www.shalom.it\/cultura\/karel-cudlin-mostra-praga\/\"},\"wordCount\":520,\"image\":{\"@id\":\"https:\/\/www.shalom.it\/cultura\/karel-cudlin-mostra-praga\/#primaryimage\"},\"thumbnailUrl\":\"https:\/\/www.shalom.it\/wp-content\/uploads\/2026\/04\/BURNING-LOVE_mostra.jpg\",\"articleSection\":[\"Cultura\"],\"inLanguage\":\"it-IT\"},{\"@type\":\"WebPage\",\"@id\":\"https:\/\/www.shalom.it\/cultura\/karel-cudlin-mostra-praga\/\",\"url\":\"https:\/\/www.shalom.it\/cultura\/karel-cudlin-mostra-praga\/\",\"name\":\"L'amore ardente di Israele nelle fotografie di Karel Cudli\u0301n in mostra a Praga - Shalom\",\"isPartOf\":{\"@id\":\"https:\/\/www.shalom.it\/#website\"},\"primaryImageOfPage\":{\"@id\":\"https:\/\/www.shalom.it\/cultura\/karel-cudlin-mostra-praga\/#primaryimage\"},\"image\":{\"@id\":\"https:\/\/www.shalom.it\/cultura\/karel-cudlin-mostra-praga\/#primaryimage\"},\"thumbnailUrl\":\"https:\/\/www.shalom.it\/wp-content\/uploads\/2026\/04\/BURNING-LOVE_mostra.jpg\",\"datePublished\":\"2026-04-26T02:00:34+00:00\",\"author\":{\"@id\":\"https:\/\/www.shalom.it\/#\/schema\/person\/c81302a32bb43b08926bca1e1ce2f8e1\"},\"breadcrumb\":{\"@id\":\"https:\/\/www.shalom.it\/cultura\/karel-cudlin-mostra-praga\/#breadcrumb\"},\"inLanguage\":\"it-IT\",\"potentialAction\":[{\"@type\":\"ReadAction\",\"target\":[\"https:\/\/www.shalom.it\/cultura\/karel-cudlin-mostra-praga\/\"]}]},{\"@type\":\"ImageObject\",\"inLanguage\":\"it-IT\",\"@id\":\"https:\/\/www.shalom.it\/cultura\/karel-cudlin-mostra-praga\/#primaryimage\",\"url\":\"https:\/\/www.shalom.it\/wp-content\/uploads\/2026\/04\/BURNING-LOVE_mostra.jpg\",\"contentUrl\":\"https:\/\/www.shalom.it\/wp-content\/uploads\/2026\/04\/BURNING-LOVE_mostra.jpg\",\"width\":2028,\"height\":1124},{\"@type\":\"BreadcrumbList\",\"@id\":\"https:\/\/www.shalom.it\/cultura\/karel-cudlin-mostra-praga\/#breadcrumb\",\"itemListElement\":[{\"@type\":\"ListItem\",\"position\":1,\"name\":\"Home\",\"item\":\"https:\/\/www.shalom.it\/\"},{\"@type\":\"ListItem\",\"position\":2,\"name\":\"L&#8217;amore ardente di Israele nelle fotografie di Karel Cudli\u0301n in mostra a Praga\"}]},{\"@type\":\"WebSite\",\"@id\":\"https:\/\/www.shalom.it\/#website\",\"url\":\"https:\/\/www.shalom.it\/\",\"name\":\"Shalom\",\"description\":\"Il Magazine della comunit\u00e0 ebraica di Roma\",\"potentialAction\":[{\"@type\":\"SearchAction\",\"target\":{\"@type\":\"EntryPoint\",\"urlTemplate\":\"https:\/\/www.shalom.it\/?s={search_term_string}\"},\"query-input\":{\"@type\":\"PropertyValueSpecification\",\"valueRequired\":true,\"valueName\":\"search_term_string\"}}],\"inLanguage\":\"it-IT\"},{\"@type\":\"Person\",\"@id\":\"https:\/\/www.shalom.it\/#\/schema\/person\/c81302a32bb43b08926bca1e1ce2f8e1\",\"name\":\"Claudia De Benedetti\",\"url\":\"https:\/\/www.shalom.it\/author\/claudiadebenedetti\/\"}]}<\/script>\n<!-- \/ Yoast SEO plugin. -->","yoast_head_json":{"title":"L'amore ardente di Israele nelle fotografie di Karel Cudli\u0301n in mostra a Praga - Shalom","robots":{"index":"index","follow":"follow","max-snippet":"max-snippet:-1","max-image-preview":"max-image-preview:large","max-video-preview":"max-video-preview:-1"},"canonical":"https:\/\/www.shalom.it\/cultura\/karel-cudlin-mostra-praga\/","og_locale":"it_IT","og_type":"article","og_title":"L'amore ardente di Israele nelle fotografie di Karel Cudli\u0301n in mostra a Praga - Shalom","og_description":"\u201cBurning Love: Israel Through the Lens of Karel Cudl\u00edn\u201d, \u201cAmore ardente: Israele attraverso l\u2019obiettivo di Karel Cudl\u00edn\u201d \u00e8 il titolo della mostra allestita nella Sinagoga Klausen del Museo ebraico di Praga che offre uno sguardo intenso e stratificato sullo Stato d\u2019Israele, un viaggio visivo e umano, in cui la fotografia diventa strumento di comprensione e [&hellip;]","og_url":"https:\/\/www.shalom.it\/cultura\/karel-cudlin-mostra-praga\/","og_site_name":"Shalom","article_published_time":"2026-04-26T02:00:34+00:00","og_image":[{"width":2028,"height":1124,"url":"https:\/\/www.shalom.it\/wp-content\/uploads\/2026\/04\/BURNING-LOVE_mostra.jpg","type":"image\/jpeg"}],"author":"Claudia De Benedetti","twitter_card":"summary_large_image","twitter_misc":{"Scritto da":"Claudia De Benedetti","Tempo di lettura stimato":"4 minuti"},"schema":{"@context":"https:\/\/schema.org","@graph":[{"@type":"Article","@id":"https:\/\/www.shalom.it\/cultura\/karel-cudlin-mostra-praga\/#article","isPartOf":{"@id":"https:\/\/www.shalom.it\/cultura\/karel-cudlin-mostra-praga\/"},"author":{"name":"Claudia De Benedetti","@id":"https:\/\/www.shalom.it\/#\/schema\/person\/c81302a32bb43b08926bca1e1ce2f8e1"},"headline":"L&#8217;amore ardente di Israele nelle fotografie di Karel Cudli\u0301n in mostra a Praga","datePublished":"2026-04-26T02:00:34+00:00","mainEntityOfPage":{"@id":"https:\/\/www.shalom.it\/cultura\/karel-cudlin-mostra-praga\/"},"wordCount":520,"image":{"@id":"https:\/\/www.shalom.it\/cultura\/karel-cudlin-mostra-praga\/#primaryimage"},"thumbnailUrl":"https:\/\/www.shalom.it\/wp-content\/uploads\/2026\/04\/BURNING-LOVE_mostra.jpg","articleSection":["Cultura"],"inLanguage":"it-IT"},{"@type":"WebPage","@id":"https:\/\/www.shalom.it\/cultura\/karel-cudlin-mostra-praga\/","url":"https:\/\/www.shalom.it\/cultura\/karel-cudlin-mostra-praga\/","name":"L'amore ardente di Israele nelle fotografie di Karel Cudli\u0301n in mostra a Praga - Shalom","isPartOf":{"@id":"https:\/\/www.shalom.it\/#website"},"primaryImageOfPage":{"@id":"https:\/\/www.shalom.it\/cultura\/karel-cudlin-mostra-praga\/#primaryimage"},"image":{"@id":"https:\/\/www.shalom.it\/cultura\/karel-cudlin-mostra-praga\/#primaryimage"},"thumbnailUrl":"https:\/\/www.shalom.it\/wp-content\/uploads\/2026\/04\/BURNING-LOVE_mostra.jpg","datePublished":"2026-04-26T02:00:34+00:00","author":{"@id":"https:\/\/www.shalom.it\/#\/schema\/person\/c81302a32bb43b08926bca1e1ce2f8e1"},"breadcrumb":{"@id":"https:\/\/www.shalom.it\/cultura\/karel-cudlin-mostra-praga\/#breadcrumb"},"inLanguage":"it-IT","potentialAction":[{"@type":"ReadAction","target":["https:\/\/www.shalom.it\/cultura\/karel-cudlin-mostra-praga\/"]}]},{"@type":"ImageObject","inLanguage":"it-IT","@id":"https:\/\/www.shalom.it\/cultura\/karel-cudlin-mostra-praga\/#primaryimage","url":"https:\/\/www.shalom.it\/wp-content\/uploads\/2026\/04\/BURNING-LOVE_mostra.jpg","contentUrl":"https:\/\/www.shalom.it\/wp-content\/uploads\/2026\/04\/BURNING-LOVE_mostra.jpg","width":2028,"height":1124},{"@type":"BreadcrumbList","@id":"https:\/\/www.shalom.it\/cultura\/karel-cudlin-mostra-praga\/#breadcrumb","itemListElement":[{"@type":"ListItem","position":1,"name":"Home","item":"https:\/\/www.shalom.it\/"},{"@type":"ListItem","position":2,"name":"L&#8217;amore ardente di Israele nelle fotografie di Karel Cudli\u0301n in mostra a Praga"}]},{"@type":"WebSite","@id":"https:\/\/www.shalom.it\/#website","url":"https:\/\/www.shalom.it\/","name":"Shalom","description":"Il Magazine della comunit\u00e0 ebraica di Roma","potentialAction":[{"@type":"SearchAction","target":{"@type":"EntryPoint","urlTemplate":"https:\/\/www.shalom.it\/?s={search_term_string}"},"query-input":{"@type":"PropertyValueSpecification","valueRequired":true,"valueName":"search_term_string"}}],"inLanguage":"it-IT"},{"@type":"Person","@id":"https:\/\/www.shalom.it\/#\/schema\/person\/c81302a32bb43b08926bca1e1ce2f8e1","name":"Claudia De Benedetti","url":"https:\/\/www.shalom.it\/author\/claudiadebenedetti\/"}]}},"jetpack_featured_media_url":"https:\/\/www.shalom.it\/wp-content\/uploads\/2026\/04\/BURNING-LOVE_mostra.jpg","jetpack_sharing_enabled":true,"_links":{"self":[{"href":"https:\/\/www.shalom.it\/wp-json\/wp\/v2\/posts\/126786","targetHints":{"allow":["GET"]}}],"collection":[{"href":"https:\/\/www.shalom.it\/wp-json\/wp\/v2\/posts"}],"about":[{"href":"https:\/\/www.shalom.it\/wp-json\/wp\/v2\/types\/post"}],"author":[{"embeddable":true,"href":"https:\/\/www.shalom.it\/wp-json\/wp\/v2\/users\/52"}],"replies":[{"embeddable":true,"href":"https:\/\/www.shalom.it\/wp-json\/wp\/v2\/comments?post=126786"}],"version-history":[{"count":1,"href":"https:\/\/www.shalom.it\/wp-json\/wp\/v2\/posts\/126786\/revisions"}],"predecessor-version":[{"id":126789,"href":"https:\/\/www.shalom.it\/wp-json\/wp\/v2\/posts\/126786\/revisions\/126789"}],"wp:featuredmedia":[{"embeddable":true,"href":"https:\/\/www.shalom.it\/wp-json\/wp\/v2\/media\/126787"}],"wp:attachment":[{"href":"https:\/\/www.shalom.it\/wp-json\/wp\/v2\/media?parent=126786"}],"wp:term":[{"taxonomy":"category","embeddable":true,"href":"https:\/\/www.shalom.it\/wp-json\/wp\/v2\/categories?post=126786"},{"taxonomy":"post_tag","embeddable":true,"href":"https:\/\/www.shalom.it\/wp-json\/wp\/v2\/tags?post=126786"}],"curies":[{"name":"wp","href":"https:\/\/api.w.org\/{rel}","templated":true}]}}