{"id":126200,"date":"2026-04-01T11:55:08","date_gmt":"2026-04-01T09:55:08","guid":{"rendered":"https:\/\/www.shalom.it\/?p=126200"},"modified":"2026-04-01T11:55:08","modified_gmt":"2026-04-01T09:55:08","slug":"targa-a-giovanna-martorelli-fadlun-alla-barbarie-oppose-la-solidarieta","status":"publish","type":"post","link":"https:\/\/www.shalom.it\/italia\/targa-a-giovanna-martorelli-fadlun-alla-barbarie-oppose-la-solidarieta\/","title":{"rendered":"Targa a Giovanna Martorelli, Fadlun: \u201cAlla barbarie oppose la solidariet\u00e0\u201d"},"content":{"rendered":"<p style=\"text-align: justify;\">Ad Avezzano \u00e8 stata consegnata una targa di riconoscimento alla memoria di Giovanna Martorelli, che durante l\u2019occupazione nazista salv\u00f2 la vita a Ugo Bassan, ebreo perseguitato, nascondendolo nella propria casa. L\u2019attestato \u00e8 stato conferito dalla Comunit\u00e0 Ebraica di Roma e consegnato alla figlia Vincenza Di Girolamo, oggi novantatreenne. \u201cLa Comunit\u00e0 ebraica di Roma \u2013 si legge nel testo firmato dal Presidente della CER Victor Fadlun, come riporta il \u2018Corriere di Viterbo\u2019 &#8211; rende onore alla memoria di Giovanna Martorelli, donna di straordinario coraggio e di profonda umanit\u00e0, che nel periodo pi\u00f9 buio della persecuzione nazista tra il 1943 e il 1944 offr\u00ec rifugio e salvezza a Ugo Bassan, nascondendolo nella propria casa di Santo Stefano di Corvaro. Con consapevole abnegazione, mettendo a rischio la propria vita e quella della sua famiglia, ella oppose alla violenza e alla barbarie il gesto pi\u00f9 alto: la solidariet\u00e0 verso il prossimo perseguitato. La sua memoria \u00e8 e rester\u00e0 fonte di ispirazione e di gratitudine imperitura. Il presente attestato viene consegnato alla figlia Vincenza Di Girolamo testimone e partecipe di tali eventi quale impegno di riconoscenza e di affetto da parte dell\u2019intera Comunit\u00e0\u201d.<br \/>\nAlla cerimonia hanno partecipato i familiari, l\u2019Assessore alla Cultura della CER, Giacomo Moscati e il Direttore del Dipartimento per i Beni e le Attivit\u00e0 Culturali della CER, Claudio Procaccia.<br \/>\nLa vicenda \u00e8 emersa grazie alle ricerche dello storico Pierluigi Felli, raccolte nel libro \u201cNon chiusero le porte\u201d, che racconta le storie di solidariet\u00e0 avvenute a Borgorose e frazioni durante l\u2019occupazione nazista.<\/p>\n","protected":false},"excerpt":{"rendered":"<p>Durante l\u2019occupazione nazista offr\u00ec rifugio e salvezza a Ugo Bassan<\/p>\n","protected":false},"author":3,"featured_media":126201,"comment_status":"closed","ping_status":"closed","sticky":false,"template":"","format":"standard","meta":{"_acf_changed":false,"_jetpack_memberships_contains_paid_content":false,"footnotes":""},"categories":[3],"tags":[],"class_list":["post-126200","post","type-post","status-publish","format-standard","has-post-thumbnail","hentry","category-italia"],"acf":[],"yoast_head":"<!-- This site is optimized with the Yoast SEO plugin v26.9 - https:\/\/yoast.com\/product\/yoast-seo-wordpress\/ -->\n<title>Targa a Giovanna Martorelli, Fadlun: \u201cAlla barbarie oppose la solidariet\u00e0\u201d - Shalom<\/title>\n<meta name=\"robots\" content=\"index, follow, max-snippet:-1, max-image-preview:large, max-video-preview:-1\" \/>\n<link rel=\"canonical\" href=\"https:\/\/www.shalom.it\/italia\/targa-a-giovanna-martorelli-fadlun-alla-barbarie-oppose-la-solidarieta\/\" \/>\n<meta property=\"og:locale\" content=\"it_IT\" \/>\n<meta property=\"og:type\" content=\"article\" \/>\n<meta property=\"og:title\" content=\"Targa a Giovanna Martorelli, Fadlun: \u201cAlla barbarie oppose la solidariet\u00e0\u201d - Shalom\" \/>\n<meta property=\"og:description\" content=\"Durante l\u2019occupazione nazista offr\u00ec rifugio e salvezza a Ugo Bassan\" \/>\n<meta property=\"og:url\" content=\"https:\/\/www.shalom.it\/italia\/targa-a-giovanna-martorelli-fadlun-alla-barbarie-oppose-la-solidarieta\/\" \/>\n<meta property=\"og:site_name\" content=\"Shalom\" \/>\n<meta property=\"article:published_time\" content=\"2026-04-01T09:55:08+00:00\" \/>\n<meta property=\"og:image\" content=\"https:\/\/www.shalom.it\/wp-content\/uploads\/2026\/04\/martorelli-ok.jpeg\" \/>\n\t<meta property=\"og:image:width\" content=\"1280\" \/>\n\t<meta property=\"og:image:height\" content=\"960\" \/>\n\t<meta property=\"og:image:type\" content=\"image\/jpeg\" \/>\n<meta name=\"author\" content=\"Redazione\" \/>\n<meta name=\"twitter:card\" content=\"summary_large_image\" \/>\n<meta name=\"twitter:label1\" content=\"Scritto da\" \/>\n\t<meta name=\"twitter:data1\" content=\"Redazione\" \/>\n\t<meta name=\"twitter:label2\" content=\"Tempo di lettura stimato\" \/>\n\t<meta name=\"twitter:data2\" content=\"2 minuti\" \/>\n<script type=\"application\/ld+json\" class=\"yoast-schema-graph\">{\"@context\":\"https:\/\/schema.org\",\"@graph\":[{\"@type\":\"Article\",\"@id\":\"https:\/\/www.shalom.it\/italia\/targa-a-giovanna-martorelli-fadlun-alla-barbarie-oppose-la-solidarieta\/#article\",\"isPartOf\":{\"@id\":\"https:\/\/www.shalom.it\/italia\/targa-a-giovanna-martorelli-fadlun-alla-barbarie-oppose-la-solidarieta\/\"},\"author\":{\"name\":\"Redazione\",\"@id\":\"https:\/\/www.shalom.it\/#\/schema\/person\/d6d60e821a49d2a420ffe01f7af79dd8\"},\"headline\":\"Targa a Giovanna Martorelli, Fadlun: \u201cAlla barbarie oppose la solidariet\u00e0\u201d\",\"datePublished\":\"2026-04-01T09:55:08+00:00\",\"mainEntityOfPage\":{\"@id\":\"https:\/\/www.shalom.it\/italia\/targa-a-giovanna-martorelli-fadlun-alla-barbarie-oppose-la-solidarieta\/\"},\"wordCount\":257,\"image\":{\"@id\":\"https:\/\/www.shalom.it\/italia\/targa-a-giovanna-martorelli-fadlun-alla-barbarie-oppose-la-solidarieta\/#primaryimage\"},\"thumbnailUrl\":\"https:\/\/www.shalom.it\/wp-content\/uploads\/2026\/04\/martorelli-ok.jpeg\",\"articleSection\":[\"ITALIA\"],\"inLanguage\":\"it-IT\"},{\"@type\":\"WebPage\",\"@id\":\"https:\/\/www.shalom.it\/italia\/targa-a-giovanna-martorelli-fadlun-alla-barbarie-oppose-la-solidarieta\/\",\"url\":\"https:\/\/www.shalom.it\/italia\/targa-a-giovanna-martorelli-fadlun-alla-barbarie-oppose-la-solidarieta\/\",\"name\":\"Targa a Giovanna Martorelli, Fadlun: \u201cAlla barbarie oppose la solidariet\u00e0\u201d - Shalom\",\"isPartOf\":{\"@id\":\"https:\/\/www.shalom.it\/#website\"},\"primaryImageOfPage\":{\"@id\":\"https:\/\/www.shalom.it\/italia\/targa-a-giovanna-martorelli-fadlun-alla-barbarie-oppose-la-solidarieta\/#primaryimage\"},\"image\":{\"@id\":\"https:\/\/www.shalom.it\/italia\/targa-a-giovanna-martorelli-fadlun-alla-barbarie-oppose-la-solidarieta\/#primaryimage\"},\"thumbnailUrl\":\"https:\/\/www.shalom.it\/wp-content\/uploads\/2026\/04\/martorelli-ok.jpeg\",\"datePublished\":\"2026-04-01T09:55:08+00:00\",\"author\":{\"@id\":\"https:\/\/www.shalom.it\/#\/schema\/person\/d6d60e821a49d2a420ffe01f7af79dd8\"},\"breadcrumb\":{\"@id\":\"https:\/\/www.shalom.it\/italia\/targa-a-giovanna-martorelli-fadlun-alla-barbarie-oppose-la-solidarieta\/#breadcrumb\"},\"inLanguage\":\"it-IT\",\"potentialAction\":[{\"@type\":\"ReadAction\",\"target\":[\"https:\/\/www.shalom.it\/italia\/targa-a-giovanna-martorelli-fadlun-alla-barbarie-oppose-la-solidarieta\/\"]}]},{\"@type\":\"ImageObject\",\"inLanguage\":\"it-IT\",\"@id\":\"https:\/\/www.shalom.it\/italia\/targa-a-giovanna-martorelli-fadlun-alla-barbarie-oppose-la-solidarieta\/#primaryimage\",\"url\":\"https:\/\/www.shalom.it\/wp-content\/uploads\/2026\/04\/martorelli-ok.jpeg\",\"contentUrl\":\"https:\/\/www.shalom.it\/wp-content\/uploads\/2026\/04\/martorelli-ok.jpeg\",\"width\":1280,\"height\":960},{\"@type\":\"BreadcrumbList\",\"@id\":\"https:\/\/www.shalom.it\/italia\/targa-a-giovanna-martorelli-fadlun-alla-barbarie-oppose-la-solidarieta\/#breadcrumb\",\"itemListElement\":[{\"@type\":\"ListItem\",\"position\":1,\"name\":\"Home\",\"item\":\"https:\/\/www.shalom.it\/\"},{\"@type\":\"ListItem\",\"position\":2,\"name\":\"Targa a Giovanna Martorelli, Fadlun: \u201cAlla barbarie oppose la solidariet\u00e0\u201d\"}]},{\"@type\":\"WebSite\",\"@id\":\"https:\/\/www.shalom.it\/#website\",\"url\":\"https:\/\/www.shalom.it\/\",\"name\":\"Shalom\",\"description\":\"Il Magazine della comunit\u00e0 ebraica di Roma\",\"potentialAction\":[{\"@type\":\"SearchAction\",\"target\":{\"@type\":\"EntryPoint\",\"urlTemplate\":\"https:\/\/www.shalom.it\/?s={search_term_string}\"},\"query-input\":{\"@type\":\"PropertyValueSpecification\",\"valueRequired\":true,\"valueName\":\"search_term_string\"}}],\"inLanguage\":\"it-IT\"},{\"@type\":\"Person\",\"@id\":\"https:\/\/www.shalom.it\/#\/schema\/person\/d6d60e821a49d2a420ffe01f7af79dd8\",\"name\":\"Redazione\",\"url\":\"https:\/\/www.shalom.it\/author\/redazione\/\"}]}<\/script>\n<!-- \/ Yoast SEO plugin. -->","yoast_head_json":{"title":"Targa a Giovanna Martorelli, Fadlun: \u201cAlla barbarie oppose la solidariet\u00e0\u201d - Shalom","robots":{"index":"index","follow":"follow","max-snippet":"max-snippet:-1","max-image-preview":"max-image-preview:large","max-video-preview":"max-video-preview:-1"},"canonical":"https:\/\/www.shalom.it\/italia\/targa-a-giovanna-martorelli-fadlun-alla-barbarie-oppose-la-solidarieta\/","og_locale":"it_IT","og_type":"article","og_title":"Targa a Giovanna Martorelli, Fadlun: \u201cAlla barbarie oppose la solidariet\u00e0\u201d - Shalom","og_description":"Durante l\u2019occupazione nazista offr\u00ec rifugio e salvezza a Ugo Bassan","og_url":"https:\/\/www.shalom.it\/italia\/targa-a-giovanna-martorelli-fadlun-alla-barbarie-oppose-la-solidarieta\/","og_site_name":"Shalom","article_published_time":"2026-04-01T09:55:08+00:00","og_image":[{"width":1280,"height":960,"url":"https:\/\/www.shalom.it\/wp-content\/uploads\/2026\/04\/martorelli-ok.jpeg","type":"image\/jpeg"}],"author":"Redazione","twitter_card":"summary_large_image","twitter_misc":{"Scritto da":"Redazione","Tempo di lettura stimato":"2 minuti"},"schema":{"@context":"https:\/\/schema.org","@graph":[{"@type":"Article","@id":"https:\/\/www.shalom.it\/italia\/targa-a-giovanna-martorelli-fadlun-alla-barbarie-oppose-la-solidarieta\/#article","isPartOf":{"@id":"https:\/\/www.shalom.it\/italia\/targa-a-giovanna-martorelli-fadlun-alla-barbarie-oppose-la-solidarieta\/"},"author":{"name":"Redazione","@id":"https:\/\/www.shalom.it\/#\/schema\/person\/d6d60e821a49d2a420ffe01f7af79dd8"},"headline":"Targa a Giovanna Martorelli, Fadlun: \u201cAlla barbarie oppose la solidariet\u00e0\u201d","datePublished":"2026-04-01T09:55:08+00:00","mainEntityOfPage":{"@id":"https:\/\/www.shalom.it\/italia\/targa-a-giovanna-martorelli-fadlun-alla-barbarie-oppose-la-solidarieta\/"},"wordCount":257,"image":{"@id":"https:\/\/www.shalom.it\/italia\/targa-a-giovanna-martorelli-fadlun-alla-barbarie-oppose-la-solidarieta\/#primaryimage"},"thumbnailUrl":"https:\/\/www.shalom.it\/wp-content\/uploads\/2026\/04\/martorelli-ok.jpeg","articleSection":["ITALIA"],"inLanguage":"it-IT"},{"@type":"WebPage","@id":"https:\/\/www.shalom.it\/italia\/targa-a-giovanna-martorelli-fadlun-alla-barbarie-oppose-la-solidarieta\/","url":"https:\/\/www.shalom.it\/italia\/targa-a-giovanna-martorelli-fadlun-alla-barbarie-oppose-la-solidarieta\/","name":"Targa a Giovanna Martorelli, Fadlun: \u201cAlla barbarie oppose la solidariet\u00e0\u201d - Shalom","isPartOf":{"@id":"https:\/\/www.shalom.it\/#website"},"primaryImageOfPage":{"@id":"https:\/\/www.shalom.it\/italia\/targa-a-giovanna-martorelli-fadlun-alla-barbarie-oppose-la-solidarieta\/#primaryimage"},"image":{"@id":"https:\/\/www.shalom.it\/italia\/targa-a-giovanna-martorelli-fadlun-alla-barbarie-oppose-la-solidarieta\/#primaryimage"},"thumbnailUrl":"https:\/\/www.shalom.it\/wp-content\/uploads\/2026\/04\/martorelli-ok.jpeg","datePublished":"2026-04-01T09:55:08+00:00","author":{"@id":"https:\/\/www.shalom.it\/#\/schema\/person\/d6d60e821a49d2a420ffe01f7af79dd8"},"breadcrumb":{"@id":"https:\/\/www.shalom.it\/italia\/targa-a-giovanna-martorelli-fadlun-alla-barbarie-oppose-la-solidarieta\/#breadcrumb"},"inLanguage":"it-IT","potentialAction":[{"@type":"ReadAction","target":["https:\/\/www.shalom.it\/italia\/targa-a-giovanna-martorelli-fadlun-alla-barbarie-oppose-la-solidarieta\/"]}]},{"@type":"ImageObject","inLanguage":"it-IT","@id":"https:\/\/www.shalom.it\/italia\/targa-a-giovanna-martorelli-fadlun-alla-barbarie-oppose-la-solidarieta\/#primaryimage","url":"https:\/\/www.shalom.it\/wp-content\/uploads\/2026\/04\/martorelli-ok.jpeg","contentUrl":"https:\/\/www.shalom.it\/wp-content\/uploads\/2026\/04\/martorelli-ok.jpeg","width":1280,"height":960},{"@type":"BreadcrumbList","@id":"https:\/\/www.shalom.it\/italia\/targa-a-giovanna-martorelli-fadlun-alla-barbarie-oppose-la-solidarieta\/#breadcrumb","itemListElement":[{"@type":"ListItem","position":1,"name":"Home","item":"https:\/\/www.shalom.it\/"},{"@type":"ListItem","position":2,"name":"Targa a Giovanna Martorelli, Fadlun: \u201cAlla barbarie oppose la solidariet\u00e0\u201d"}]},{"@type":"WebSite","@id":"https:\/\/www.shalom.it\/#website","url":"https:\/\/www.shalom.it\/","name":"Shalom","description":"Il Magazine della comunit\u00e0 ebraica di Roma","potentialAction":[{"@type":"SearchAction","target":{"@type":"EntryPoint","urlTemplate":"https:\/\/www.shalom.it\/?s={search_term_string}"},"query-input":{"@type":"PropertyValueSpecification","valueRequired":true,"valueName":"search_term_string"}}],"inLanguage":"it-IT"},{"@type":"Person","@id":"https:\/\/www.shalom.it\/#\/schema\/person\/d6d60e821a49d2a420ffe01f7af79dd8","name":"Redazione","url":"https:\/\/www.shalom.it\/author\/redazione\/"}]}},"jetpack_featured_media_url":"https:\/\/www.shalom.it\/wp-content\/uploads\/2026\/04\/martorelli-ok.jpeg","jetpack_sharing_enabled":true,"_links":{"self":[{"href":"https:\/\/www.shalom.it\/wp-json\/wp\/v2\/posts\/126200","targetHints":{"allow":["GET"]}}],"collection":[{"href":"https:\/\/www.shalom.it\/wp-json\/wp\/v2\/posts"}],"about":[{"href":"https:\/\/www.shalom.it\/wp-json\/wp\/v2\/types\/post"}],"author":[{"embeddable":true,"href":"https:\/\/www.shalom.it\/wp-json\/wp\/v2\/users\/3"}],"replies":[{"embeddable":true,"href":"https:\/\/www.shalom.it\/wp-json\/wp\/v2\/comments?post=126200"}],"version-history":[{"count":1,"href":"https:\/\/www.shalom.it\/wp-json\/wp\/v2\/posts\/126200\/revisions"}],"predecessor-version":[{"id":126202,"href":"https:\/\/www.shalom.it\/wp-json\/wp\/v2\/posts\/126200\/revisions\/126202"}],"wp:featuredmedia":[{"embeddable":true,"href":"https:\/\/www.shalom.it\/wp-json\/wp\/v2\/media\/126201"}],"wp:attachment":[{"href":"https:\/\/www.shalom.it\/wp-json\/wp\/v2\/media?parent=126200"}],"wp:term":[{"taxonomy":"category","embeddable":true,"href":"https:\/\/www.shalom.it\/wp-json\/wp\/v2\/categories?post=126200"},{"taxonomy":"post_tag","embeddable":true,"href":"https:\/\/www.shalom.it\/wp-json\/wp\/v2\/tags?post=126200"}],"curies":[{"name":"wp","href":"https:\/\/api.w.org\/{rel}","templated":true}]}}