{"id":124900,"date":"2026-02-19T23:34:29","date_gmt":"2026-02-19T22:34:29","guid":{"rendered":"https:\/\/www.shalom.it\/?p=124900"},"modified":"2026-02-19T23:32:06","modified_gmt":"2026-02-19T22:32:06","slug":"crema-di-finocchi-e-ceci","status":"publish","type":"post","link":"https:\/\/www.shalom.it\/cultura\/crema-di-finocchi-e-ceci\/","title":{"rendered":"Crema di finocchi e ceci"},"content":{"rendered":"<p style=\"font-weight: 400;\">\u201cMishenichnas Adar marbim besimcha\u2019\u201d, \u201cQuando inizia il mese di Adar aumenta la nostra gioia\u201d.<\/p>\n<p style=\"font-weight: 400;\">Nel Libro di Ester la realt\u00e0 sembra dominata dall\u2019ingiustizia: potere arbitrario, decreti crudeli, silenzi forzati, ego spropositati e manie di potere. Eppure, proprio l\u00ec, nel momento pi\u00f9 oscuro, qualcosa si ribalta. A Purim non celebriamo solo la salvezza: celebriamo il ristabilimento dell\u2019equilibrio.<\/p>\n<p style=\"font-weight: 400;\">La gioia di Adar nasce quando la giustizia torna a respirare. Nel momento in cui l\u2019ordine viene ristabilito l\u2019esplosione di gioia \u00e8 dirompente e assoluta.<\/p>\n<p style=\"font-weight: 400;\">Nella meghill\u00e0 c\u2019\u00e8 un momento in cui tutto potrebbe restare fermo. Il decreto \u00e8 stato firmato. L\u2019ingiustizia \u00e8 stata pronunciata. E la cosa pi\u00f9 facile sarebbe il silenzio. Un silenzio elegante, prudente, quasi vigliacco.<\/p>\n<p style=\"font-weight: 400;\">\u00c8 il silenzio della connivenza.<br \/>\nQuel silenzio che non urla, non fa male nell\u2019immediato, ma permette al disordine di crescere.<\/p>\n<p style=\"font-weight: 400;\">Poi Ester decide di parlare. Non lo fa con rabbia. Non lo fa con clamore. Lo fa con consapevolezza. E in quel momento il silenzio si trasforma in suono. La paura si trasforma in responsabilit\u00e0. \u00c8 l\u00ec che inizia il canto della giustizia. \u00c8 l\u00ec che la gioia aumenta nei nostri cuori e nelle nostre vite.<\/p>\n<p style=\"font-weight: 400;\">Mi piace pensare che anche in cucina esista qualcosa di simile.<\/p>\n<p style=\"font-weight: 400;\">La giustizia in un piatto \u00e8 equilibrio. \u00c8 dare a ogni ingrediente il suo spazio senza che uno domini sull\u2019altro. \u00c8 non coprire, non zittire, non forzare.<\/p>\n<p style=\"font-weight: 400;\">Il silenzio della connivenza in cucina \u00e8 quando ignoriamo ci\u00f2 che non funziona.<br \/>\nIl canto della giustizia \u00e8 quando aggiustiamo con attenzione, quando correggiamo con misura, quando scegliamo armonia invece che eccesso.<\/p>\n<p style=\"font-weight: 400;\">E forse \u00e8 proprio questa la gioia di Adar.<\/p>\n<p style=\"font-weight: 400;\">Non una gioia rumorosa, ma quella che nasce quando qualcosa torna al suo posto.<br \/>\nQuando il disordine si ricompone.<br \/>\nQuando ci\u00f2 che \u00e8 giusto diventa anche buono.<\/p>\n<p style=\"font-weight: 400;\">E allora questa crema calda, semplice, vegetale, diventa pi\u00f9 di una ricetta.<br \/>\nDiventa un piccolo esercizio di ascolto.<br \/>\nUn allenamento alla misura.<br \/>\nUn promemoria che anche nella vita possiamo scegliere di non restare in silenzio \u2014 ma di cantare, con dolcezza e fermezza, ci\u00f2 che \u00e8 giusto.<\/p>\n<p style=\"font-weight: 400;\">Crema di finocchi e ceci<\/p>\n<p style=\"font-weight: 400;\"><strong><em><u>Ingredienti:<\/u><\/em><\/strong><\/p>\n<p style=\"font-weight: 400;\">500 gr di finocchi<\/p>\n<p style=\"font-weight: 400;\">250 gr di ceci in barattolo<\/p>\n<p style=\"font-weight: 400;\">Mezza cipolla<\/p>\n<p style=\"font-weight: 400;\">Mezza costa di sedano<\/p>\n<p style=\"font-weight: 400;\">Brodo vegetale<\/p>\n<p style=\"font-weight: 400;\">Olio di oliva<\/p>\n<p style=\"font-weight: 400;\">Sale e pepe<\/p>\n<p style=\"font-weight: 400;\"><strong><em><u>Procedimento:<\/u><\/em><\/strong><\/p>\n<p style=\"font-weight: 400;\">Lavate i finocchi e tagliateli a pezzetti. Scolate i ceci. Tritate in maniera grossolana cipolla e sedano e fateli soffriggere in poco olio. Unite poi il finocchio, i ceci, sale e pepe e mescolate per un paio di minuti.<\/p>\n<p style=\"font-weight: 400;\">Ricoprite con il brodo bollente e coprite con un coperchio abbassando la fiamma al minimo.<\/p>\n<p style=\"font-weight: 400;\">Cuocete per circa 20 minuti e poi frullate con il mixer ad immersione. Vi consiglio di servirla calda.<\/p>\n","protected":false},"excerpt":{"rendered":"<p>\u201cMishenichnas Adar marbim besimcha\u2019\u201d, \u201cQuando inizia il mese di Adar aumenta la nostra gioia\u201d. Nel Libro di Ester la realt\u00e0 sembra dominata dall\u2019ingiustizia: potere arbitrario, decreti crudeli, silenzi forzati, ego spropositati e manie di potere. Eppure, proprio l\u00ec, nel momento pi\u00f9 oscuro, qualcosa si ribalta. A Purim non celebriamo solo la salvezza: celebriamo il ristabilimento [&hellip;]<\/p>\n","protected":false},"author":37,"featured_media":124901,"comment_status":"closed","ping_status":"closed","sticky":false,"template":"","format":"standard","meta":{"_acf_changed":false,"_jetpack_memberships_contains_paid_content":false,"footnotes":""},"categories":[7],"tags":[60,21,66],"class_list":["post-124900","post","type-post","status-publish","format-standard","has-post-thumbnail","hentry","category-cultura","tag-cucina","tag-cucina-ebraica","tag-shalom-cucina"],"acf":[],"yoast_head":"<!-- This site is optimized with the Yoast SEO plugin v26.9 - https:\/\/yoast.com\/product\/yoast-seo-wordpress\/ -->\n<title>Crema di finocchi e ceci - Shalom<\/title>\n<meta name=\"robots\" content=\"index, follow, max-snippet:-1, max-image-preview:large, max-video-preview:-1\" \/>\n<link rel=\"canonical\" href=\"https:\/\/www.shalom.it\/cultura\/crema-di-finocchi-e-ceci\/\" \/>\n<meta property=\"og:locale\" content=\"it_IT\" \/>\n<meta property=\"og:type\" content=\"article\" \/>\n<meta property=\"og:title\" content=\"Crema di finocchi e ceci - Shalom\" \/>\n<meta property=\"og:description\" content=\"\u201cMishenichnas Adar marbim besimcha\u2019\u201d, \u201cQuando inizia il mese di Adar aumenta la nostra gioia\u201d. Nel Libro di Ester la realt\u00e0 sembra dominata dall\u2019ingiustizia: potere arbitrario, decreti crudeli, silenzi forzati, ego spropositati e manie di potere. Eppure, proprio l\u00ec, nel momento pi\u00f9 oscuro, qualcosa si ribalta. A Purim non celebriamo solo la salvezza: celebriamo il ristabilimento [&hellip;]\" \/>\n<meta property=\"og:url\" content=\"https:\/\/www.shalom.it\/cultura\/crema-di-finocchi-e-ceci\/\" \/>\n<meta property=\"og:site_name\" content=\"Shalom\" \/>\n<meta property=\"article:published_time\" content=\"2026-02-19T22:34:29+00:00\" \/>\n<meta property=\"og:image\" content=\"https:\/\/www.shalom.it\/wp-content\/uploads\/2026\/02\/crema-di-finocchi-e-ceci.jpg\" \/>\n\t<meta property=\"og:image:width\" content=\"1754\" \/>\n\t<meta property=\"og:image:height\" content=\"1240\" \/>\n\t<meta property=\"og:image:type\" content=\"image\/jpeg\" \/>\n<meta name=\"author\" content=\"Donato Moscati\" \/>\n<meta name=\"twitter:card\" content=\"summary_large_image\" \/>\n<meta name=\"twitter:label1\" content=\"Scritto da\" \/>\n\t<meta name=\"twitter:data1\" content=\"Donato Moscati\" \/>\n\t<meta name=\"twitter:label2\" content=\"Tempo di lettura stimato\" \/>\n\t<meta name=\"twitter:data2\" content=\"3 minuti\" \/>\n<script type=\"application\/ld+json\" class=\"yoast-schema-graph\">{\"@context\":\"https:\/\/schema.org\",\"@graph\":[{\"@type\":\"Article\",\"@id\":\"https:\/\/www.shalom.it\/cultura\/crema-di-finocchi-e-ceci\/#article\",\"isPartOf\":{\"@id\":\"https:\/\/www.shalom.it\/cultura\/crema-di-finocchi-e-ceci\/\"},\"author\":{\"name\":\"Donato Moscati\",\"@id\":\"https:\/\/www.shalom.it\/#\/schema\/person\/13ae4cec9003e7d1f15e729be3eda88f\"},\"headline\":\"Crema di finocchi e ceci\",\"datePublished\":\"2026-02-19T22:34:29+00:00\",\"mainEntityOfPage\":{\"@id\":\"https:\/\/www.shalom.it\/cultura\/crema-di-finocchi-e-ceci\/\"},\"wordCount\":441,\"image\":{\"@id\":\"https:\/\/www.shalom.it\/cultura\/crema-di-finocchi-e-ceci\/#primaryimage\"},\"thumbnailUrl\":\"https:\/\/www.shalom.it\/wp-content\/uploads\/2026\/02\/crema-di-finocchi-e-ceci.jpg\",\"keywords\":[\"cucina\",\"cucina ebraica\",\"shalom cucina\"],\"articleSection\":[\"Cultura\"],\"inLanguage\":\"it-IT\"},{\"@type\":\"WebPage\",\"@id\":\"https:\/\/www.shalom.it\/cultura\/crema-di-finocchi-e-ceci\/\",\"url\":\"https:\/\/www.shalom.it\/cultura\/crema-di-finocchi-e-ceci\/\",\"name\":\"Crema di finocchi e ceci - Shalom\",\"isPartOf\":{\"@id\":\"https:\/\/www.shalom.it\/#website\"},\"primaryImageOfPage\":{\"@id\":\"https:\/\/www.shalom.it\/cultura\/crema-di-finocchi-e-ceci\/#primaryimage\"},\"image\":{\"@id\":\"https:\/\/www.shalom.it\/cultura\/crema-di-finocchi-e-ceci\/#primaryimage\"},\"thumbnailUrl\":\"https:\/\/www.shalom.it\/wp-content\/uploads\/2026\/02\/crema-di-finocchi-e-ceci.jpg\",\"datePublished\":\"2026-02-19T22:34:29+00:00\",\"author\":{\"@id\":\"https:\/\/www.shalom.it\/#\/schema\/person\/13ae4cec9003e7d1f15e729be3eda88f\"},\"breadcrumb\":{\"@id\":\"https:\/\/www.shalom.it\/cultura\/crema-di-finocchi-e-ceci\/#breadcrumb\"},\"inLanguage\":\"it-IT\",\"potentialAction\":[{\"@type\":\"ReadAction\",\"target\":[\"https:\/\/www.shalom.it\/cultura\/crema-di-finocchi-e-ceci\/\"]}]},{\"@type\":\"ImageObject\",\"inLanguage\":\"it-IT\",\"@id\":\"https:\/\/www.shalom.it\/cultura\/crema-di-finocchi-e-ceci\/#primaryimage\",\"url\":\"https:\/\/www.shalom.it\/wp-content\/uploads\/2026\/02\/crema-di-finocchi-e-ceci.jpg\",\"contentUrl\":\"https:\/\/www.shalom.it\/wp-content\/uploads\/2026\/02\/crema-di-finocchi-e-ceci.jpg\",\"width\":1754,\"height\":1240},{\"@type\":\"BreadcrumbList\",\"@id\":\"https:\/\/www.shalom.it\/cultura\/crema-di-finocchi-e-ceci\/#breadcrumb\",\"itemListElement\":[{\"@type\":\"ListItem\",\"position\":1,\"name\":\"Home\",\"item\":\"https:\/\/www.shalom.it\/\"},{\"@type\":\"ListItem\",\"position\":2,\"name\":\"Crema di finocchi e ceci\"}]},{\"@type\":\"WebSite\",\"@id\":\"https:\/\/www.shalom.it\/#website\",\"url\":\"https:\/\/www.shalom.it\/\",\"name\":\"Shalom\",\"description\":\"Il Magazine della comunit\u00e0 ebraica di Roma\",\"potentialAction\":[{\"@type\":\"SearchAction\",\"target\":{\"@type\":\"EntryPoint\",\"urlTemplate\":\"https:\/\/www.shalom.it\/?s={search_term_string}\"},\"query-input\":{\"@type\":\"PropertyValueSpecification\",\"valueRequired\":true,\"valueName\":\"search_term_string\"}}],\"inLanguage\":\"it-IT\"},{\"@type\":\"Person\",\"@id\":\"https:\/\/www.shalom.it\/#\/schema\/person\/13ae4cec9003e7d1f15e729be3eda88f\",\"name\":\"Donato Moscati\",\"url\":\"https:\/\/www.shalom.it\/author\/mdonato\/\"}]}<\/script>\n<!-- \/ Yoast SEO plugin. -->","yoast_head_json":{"title":"Crema di finocchi e ceci - Shalom","robots":{"index":"index","follow":"follow","max-snippet":"max-snippet:-1","max-image-preview":"max-image-preview:large","max-video-preview":"max-video-preview:-1"},"canonical":"https:\/\/www.shalom.it\/cultura\/crema-di-finocchi-e-ceci\/","og_locale":"it_IT","og_type":"article","og_title":"Crema di finocchi e ceci - Shalom","og_description":"\u201cMishenichnas Adar marbim besimcha\u2019\u201d, \u201cQuando inizia il mese di Adar aumenta la nostra gioia\u201d. Nel Libro di Ester la realt\u00e0 sembra dominata dall\u2019ingiustizia: potere arbitrario, decreti crudeli, silenzi forzati, ego spropositati e manie di potere. Eppure, proprio l\u00ec, nel momento pi\u00f9 oscuro, qualcosa si ribalta. A Purim non celebriamo solo la salvezza: celebriamo il ristabilimento [&hellip;]","og_url":"https:\/\/www.shalom.it\/cultura\/crema-di-finocchi-e-ceci\/","og_site_name":"Shalom","article_published_time":"2026-02-19T22:34:29+00:00","og_image":[{"width":1754,"height":1240,"url":"https:\/\/www.shalom.it\/wp-content\/uploads\/2026\/02\/crema-di-finocchi-e-ceci.jpg","type":"image\/jpeg"}],"author":"Donato Moscati","twitter_card":"summary_large_image","twitter_misc":{"Scritto da":"Donato Moscati","Tempo di lettura stimato":"3 minuti"},"schema":{"@context":"https:\/\/schema.org","@graph":[{"@type":"Article","@id":"https:\/\/www.shalom.it\/cultura\/crema-di-finocchi-e-ceci\/#article","isPartOf":{"@id":"https:\/\/www.shalom.it\/cultura\/crema-di-finocchi-e-ceci\/"},"author":{"name":"Donato Moscati","@id":"https:\/\/www.shalom.it\/#\/schema\/person\/13ae4cec9003e7d1f15e729be3eda88f"},"headline":"Crema di finocchi e ceci","datePublished":"2026-02-19T22:34:29+00:00","mainEntityOfPage":{"@id":"https:\/\/www.shalom.it\/cultura\/crema-di-finocchi-e-ceci\/"},"wordCount":441,"image":{"@id":"https:\/\/www.shalom.it\/cultura\/crema-di-finocchi-e-ceci\/#primaryimage"},"thumbnailUrl":"https:\/\/www.shalom.it\/wp-content\/uploads\/2026\/02\/crema-di-finocchi-e-ceci.jpg","keywords":["cucina","cucina ebraica","shalom cucina"],"articleSection":["Cultura"],"inLanguage":"it-IT"},{"@type":"WebPage","@id":"https:\/\/www.shalom.it\/cultura\/crema-di-finocchi-e-ceci\/","url":"https:\/\/www.shalom.it\/cultura\/crema-di-finocchi-e-ceci\/","name":"Crema di finocchi e ceci - Shalom","isPartOf":{"@id":"https:\/\/www.shalom.it\/#website"},"primaryImageOfPage":{"@id":"https:\/\/www.shalom.it\/cultura\/crema-di-finocchi-e-ceci\/#primaryimage"},"image":{"@id":"https:\/\/www.shalom.it\/cultura\/crema-di-finocchi-e-ceci\/#primaryimage"},"thumbnailUrl":"https:\/\/www.shalom.it\/wp-content\/uploads\/2026\/02\/crema-di-finocchi-e-ceci.jpg","datePublished":"2026-02-19T22:34:29+00:00","author":{"@id":"https:\/\/www.shalom.it\/#\/schema\/person\/13ae4cec9003e7d1f15e729be3eda88f"},"breadcrumb":{"@id":"https:\/\/www.shalom.it\/cultura\/crema-di-finocchi-e-ceci\/#breadcrumb"},"inLanguage":"it-IT","potentialAction":[{"@type":"ReadAction","target":["https:\/\/www.shalom.it\/cultura\/crema-di-finocchi-e-ceci\/"]}]},{"@type":"ImageObject","inLanguage":"it-IT","@id":"https:\/\/www.shalom.it\/cultura\/crema-di-finocchi-e-ceci\/#primaryimage","url":"https:\/\/www.shalom.it\/wp-content\/uploads\/2026\/02\/crema-di-finocchi-e-ceci.jpg","contentUrl":"https:\/\/www.shalom.it\/wp-content\/uploads\/2026\/02\/crema-di-finocchi-e-ceci.jpg","width":1754,"height":1240},{"@type":"BreadcrumbList","@id":"https:\/\/www.shalom.it\/cultura\/crema-di-finocchi-e-ceci\/#breadcrumb","itemListElement":[{"@type":"ListItem","position":1,"name":"Home","item":"https:\/\/www.shalom.it\/"},{"@type":"ListItem","position":2,"name":"Crema di finocchi e ceci"}]},{"@type":"WebSite","@id":"https:\/\/www.shalom.it\/#website","url":"https:\/\/www.shalom.it\/","name":"Shalom","description":"Il Magazine della comunit\u00e0 ebraica di Roma","potentialAction":[{"@type":"SearchAction","target":{"@type":"EntryPoint","urlTemplate":"https:\/\/www.shalom.it\/?s={search_term_string}"},"query-input":{"@type":"PropertyValueSpecification","valueRequired":true,"valueName":"search_term_string"}}],"inLanguage":"it-IT"},{"@type":"Person","@id":"https:\/\/www.shalom.it\/#\/schema\/person\/13ae4cec9003e7d1f15e729be3eda88f","name":"Donato Moscati","url":"https:\/\/www.shalom.it\/author\/mdonato\/"}]}},"jetpack_featured_media_url":"https:\/\/www.shalom.it\/wp-content\/uploads\/2026\/02\/crema-di-finocchi-e-ceci.jpg","jetpack_sharing_enabled":true,"_links":{"self":[{"href":"https:\/\/www.shalom.it\/wp-json\/wp\/v2\/posts\/124900","targetHints":{"allow":["GET"]}}],"collection":[{"href":"https:\/\/www.shalom.it\/wp-json\/wp\/v2\/posts"}],"about":[{"href":"https:\/\/www.shalom.it\/wp-json\/wp\/v2\/types\/post"}],"author":[{"embeddable":true,"href":"https:\/\/www.shalom.it\/wp-json\/wp\/v2\/users\/37"}],"replies":[{"embeddable":true,"href":"https:\/\/www.shalom.it\/wp-json\/wp\/v2\/comments?post=124900"}],"version-history":[{"count":1,"href":"https:\/\/www.shalom.it\/wp-json\/wp\/v2\/posts\/124900\/revisions"}],"predecessor-version":[{"id":124902,"href":"https:\/\/www.shalom.it\/wp-json\/wp\/v2\/posts\/124900\/revisions\/124902"}],"wp:featuredmedia":[{"embeddable":true,"href":"https:\/\/www.shalom.it\/wp-json\/wp\/v2\/media\/124901"}],"wp:attachment":[{"href":"https:\/\/www.shalom.it\/wp-json\/wp\/v2\/media?parent=124900"}],"wp:term":[{"taxonomy":"category","embeddable":true,"href":"https:\/\/www.shalom.it\/wp-json\/wp\/v2\/categories?post=124900"},{"taxonomy":"post_tag","embeddable":true,"href":"https:\/\/www.shalom.it\/wp-json\/wp\/v2\/tags?post=124900"}],"curies":[{"name":"wp","href":"https:\/\/api.w.org\/{rel}","templated":true}]}}