{"id":122942,"date":"2025-12-03T10:21:06","date_gmt":"2025-12-03T09:21:06","guid":{"rendered":"https:\/\/www.shalom.it\/?p=122942"},"modified":"2025-12-03T13:06:44","modified_gmt":"2025-12-03T12:06:44","slug":"congresso-nazionale-uaii","status":"publish","type":"post","link":"https:\/\/www.shalom.it\/italia\/congresso-nazionale-uaii\/","title":{"rendered":"Congresso nazionale UAII: un nuovo impegno per la libert\u00e0 contro l\u2019antisionismo"},"content":{"rendered":"<p>Una giornata intensa di interventi e collegamenti internazionali ha scandito ieri alla Camera dei deputati il Congresso nazionale dell\u2019Unione Associazioni Italia Israele (UAII), che ha rilanciato un appello alla responsabilit\u00e0 politica e civile contro ogni forma di antisionismo.Un evento che ha riunito esponenti politici, istituzionali e rappresentanti della comunit\u00e0 ebraica. L&#8217;iniziativa, organizzata in collaborazione con l\u2019Istituto Milton Friedman e con la partecipazione del suo rappresentante Alessandro Bertoldi, ha ribadito i valori liberali condivisi e il comune impegno nella difesa di Israele. A presiedere i lavori sono stati la presidente UAII, Celeste Vichi, e il vicepresidente Lidano Grassucci.<\/p>\n<p><img loading=\"lazy\" decoding=\"async\" class=\"alignnone size-full wp-image-122943\" src=\"https:\/\/www.shalom.it\/wp-content\/uploads\/2025\/12\/camera-UAII.jpg\" alt=\"\" width=\"853\" height=\"640\" srcset=\"https:\/\/www.shalom.it\/wp-content\/uploads\/2025\/12\/camera-UAII.jpg 853w, https:\/\/www.shalom.it\/wp-content\/uploads\/2025\/12\/camera-UAII-300x225.jpg 300w, https:\/\/www.shalom.it\/wp-content\/uploads\/2025\/12\/camera-UAII-768x576.jpg 768w\" sizes=\"auto, (max-width: 853px) 100vw, 853px\" \/><\/p>\n<p>Nel corso del Congresso sono intervenuti: l\u2019ambasciatore di Israele in Italia Jonathan Peled, la ministra Eugenia Maria Roccella, il capogruppo di Forza Italia al Senato Maurizio Gasparri, l\u2019onorevole Simonetta Matone e il consigliere regionale piemontese Fabrizio Ricca. Inoltre \u00e8 stato trasmesso in collegamente il contributo dell&#8217; On. Mauro Malaguti, Benedetto Della Vedova, Luigi Marattin e Graziano Delrio. Per la Comunit\u00e0 Ebraica ha preso la parola Alex Luzon, Stefano Parisi dell\u2019Associazione Setteottobre, Claudia De Benedetti per Sochnut e Rabbi Carlos Tapiero, vicedirettore generale della Maccabi World Union. In collegamento da Gerusalemme gli onorevoli Formentini, Orsini e Fassino, offrendo una panoramica sulla situazione politica e di sicurezza in Israele. L&#8217;incontro \u00e8 proseguito con una serie di focus di approfondimento che hanno coinvolto la giornalista Giulia Sorrentino, Luigi Florio e Francesco Vitale.<\/p>\n<p>Con un suo intervento il direttore di Shalom Ariela Piattelli ha raccontato come la stampa ebraica ha affrontato due anni di \u201ctempesta\u201d a partire dal 7 ottobre 2023: \u201cesiste un codice etico implicito, che sostanzialmente coincide con l\u2019imperativo \u201cE lo racconterai ai tuoi figli\u201d. \u2013 ha detto Piattelli &#8211; Immaginare le domande che ci porranno i nostri figli tra 10 anni e i nostri nipoti tra 20 anni \u00e8 un dovere morale di fronte agli eventi straordinari e alle catastrofi. Cosa risponderemo quando ci chiederanno \u201ccome vi siete comportati dopo il 7 ottobre? Che cosa avete scritto? Come avete denunciato l\u2019antisemitismo?\u201d. Quali risposte troveranno sfogliando le pagine del nostro giornale? Sono domande che ogni giorno rivolgo io a me stessa. La priorit\u00e0, che peraltro \u00e8 stata tale anche per gli israeliani dalla prima ora dopo il pogrom del 7 ottobre, \u00e8 stata quella di costruire una memoria del massacro e della reazione d\u2019Israele che ha trovato la via d\u2019uscita nella sua \u201carma segreta\u201d, ovvero nel suo capitale umano. Cos\u00ec abbiamo raccontato le storie di coloro che sono stati uccisi dalla furia assassina dei terroristi, dei rapiti, e degli eroi che hanno sacrificato la propria vita per salvarne altre, delle persone, dei volontari che si sono mobilitati per aiutare il prossimo. Tutto questo per consegnare al futuro la memoria del 7 ottobre e anche la speranza\u201d.<\/p>\n<p><img loading=\"lazy\" decoding=\"async\" class=\"alignnone size-large wp-image-122944\" src=\"https:\/\/www.shalom.it\/wp-content\/uploads\/2025\/12\/foto-gruppo-1024x503.jpg\" alt=\"\" width=\"800\" height=\"393\" srcset=\"https:\/\/www.shalom.it\/wp-content\/uploads\/2025\/12\/foto-gruppo-1024x503.jpg 1024w, https:\/\/www.shalom.it\/wp-content\/uploads\/2025\/12\/foto-gruppo-300x147.jpg 300w, https:\/\/www.shalom.it\/wp-content\/uploads\/2025\/12\/foto-gruppo-768x378.jpg 768w, https:\/\/www.shalom.it\/wp-content\/uploads\/2025\/12\/foto-gruppo.jpg 1302w\" sizes=\"auto, (max-width: 800px) 100vw, 800px\" \/><\/p>\n<p>Successivamente \u00e8 stato trasmesso un videomessaggio di saluto e sostegno dal ministro israeliano della Diaspora, Amichai Chikli, che ha espresso il proprio apprezzamento per l\u2019impegno costante dell\u2019associazione nel promuovere il dialogo e una corretta informazione su Israele. Nel corso dei lavori- Il Congresso ha poi fatto proprio il documento del Comitato Giuristi pro Israele riguardo alla riassegnazione del mandato ONU a Francesca Albanese. Nel testo sono state contestate alcune irregolarit\u00e0 nella procedura, gi\u00e0 segnalate da Hillel Neuer e da UN Watch, chiedendo maggiore trasparenza da parte delle Nazioni Unite. Nel corso della seduta conclusiva sono state rinnovate anche le cariche interne dell\u2019associazione. Alla guida dell\u2019UAII \u00e8 stata confermata Celeste Vichi, affiancata dal vicepresidente e responsabile della comunicazione Lidano Grassucci. Il nuovo direttivo comprende inoltre Kishore Bombaci nel ruolo di segretario, Luigi Florio agli affari legali, Enrico Tateo ai rapporti con la sanit\u00e0 e Giusi Pesce come tesoriera. Sono state assegnate anche le deleghe tematiche: Alessia Trotta per l\u2019universit\u00e0, Elisabetta No\u00e8 per la scuola, Marco Leati per i rapporti con i partiti politici e Marco Zanetti per le istituzioni e gli enti locali. Il collegio dei probiviri \u00e8 stato composto da Claudia De Benedetti, Matteo Oriani e Piermario Morra, mentre il comitato scientifico \u00e8 stato formato da Dario Peirone, Alessandra Veronese, Antonio Donno, Giuliana Iurlano, Francesco Vitale e Fabrizio Ricca, con Federica Iaria nel ruolo di segretario.<\/p>\n","protected":false},"excerpt":{"rendered":"<p>Una giornata intensa di interventi e collegamenti internazionali ha scandito ieri alla Camera dei deputati il Congresso nazionale dell\u2019Unione Associazioni Italia Israele (UAII), che ha rilanciato un appello alla responsabilit\u00e0 politica e civile contro ogni forma di antisionismo.Un evento che ha riunito esponenti politici, istituzionali e rappresentanti della comunit\u00e0 ebraica. L&#8217;iniziativa, organizzata in collaborazione con [&hellip;]<\/p>\n","protected":false},"author":89,"featured_media":122946,"comment_status":"closed","ping_status":"closed","sticky":false,"template":"","format":"standard","meta":{"_acf_changed":false,"_jetpack_memberships_contains_paid_content":false,"footnotes":""},"categories":[3],"tags":[],"class_list":["post-122942","post","type-post","status-publish","format-standard","has-post-thumbnail","hentry","category-italia"],"acf":[],"yoast_head":"<!-- This site is optimized with the Yoast SEO plugin v26.9 - https:\/\/yoast.com\/product\/yoast-seo-wordpress\/ -->\n<title>Congresso nazionale UAII: un nuovo impegno per la libert\u00e0 contro l\u2019antisionismo - Shalom<\/title>\n<meta name=\"robots\" content=\"index, follow, max-snippet:-1, max-image-preview:large, max-video-preview:-1\" \/>\n<link rel=\"canonical\" href=\"https:\/\/www.shalom.it\/italia\/congresso-nazionale-uaii\/\" \/>\n<meta property=\"og:locale\" content=\"it_IT\" \/>\n<meta property=\"og:type\" content=\"article\" \/>\n<meta property=\"og:title\" content=\"Congresso nazionale UAII: un nuovo impegno per la libert\u00e0 contro l\u2019antisionismo - Shalom\" \/>\n<meta property=\"og:description\" content=\"Una giornata intensa di interventi e collegamenti internazionali ha scandito ieri alla Camera dei deputati il Congresso nazionale dell\u2019Unione Associazioni Italia Israele (UAII), che ha rilanciato un appello alla responsabilit\u00e0 politica e civile contro ogni forma di antisionismo.Un evento che ha riunito esponenti politici, istituzionali e rappresentanti della comunit\u00e0 ebraica. L&#8217;iniziativa, organizzata in collaborazione con [&hellip;]\" \/>\n<meta property=\"og:url\" content=\"https:\/\/www.shalom.it\/italia\/congresso-nazionale-uaii\/\" \/>\n<meta property=\"og:site_name\" content=\"Shalom\" \/>\n<meta property=\"article:published_time\" content=\"2025-12-03T09:21:06+00:00\" \/>\n<meta property=\"article:modified_time\" content=\"2025-12-03T12:06:44+00:00\" \/>\n<meta property=\"og:image\" content=\"https:\/\/www.shalom.it\/wp-content\/uploads\/2025\/12\/UAII-Piattelli.jpeg\" \/>\n\t<meta property=\"og:image:width\" content=\"1400\" \/>\n\t<meta property=\"og:image:height\" content=\"721\" \/>\n\t<meta property=\"og:image:type\" content=\"image\/jpeg\" \/>\n<meta name=\"author\" content=\"Michelle Zarfati\" \/>\n<meta name=\"twitter:card\" content=\"summary_large_image\" \/>\n<meta name=\"twitter:label1\" content=\"Scritto da\" \/>\n\t<meta name=\"twitter:data1\" content=\"Michelle Zarfati\" \/>\n\t<meta name=\"twitter:label2\" content=\"Tempo di lettura stimato\" \/>\n\t<meta name=\"twitter:data2\" content=\"4 minuti\" \/>\n<script type=\"application\/ld+json\" class=\"yoast-schema-graph\">{\"@context\":\"https:\/\/schema.org\",\"@graph\":[{\"@type\":\"Article\",\"@id\":\"https:\/\/www.shalom.it\/italia\/congresso-nazionale-uaii\/#article\",\"isPartOf\":{\"@id\":\"https:\/\/www.shalom.it\/italia\/congresso-nazionale-uaii\/\"},\"author\":{\"name\":\"Michelle Zarfati\",\"@id\":\"https:\/\/www.shalom.it\/#\/schema\/person\/d9f18de0c8e16f0e7113889b42fd88c0\"},\"headline\":\"Congresso nazionale UAII: un nuovo impegno per la libert\u00e0 contro l\u2019antisionismo\",\"datePublished\":\"2025-12-03T09:21:06+00:00\",\"dateModified\":\"2025-12-03T12:06:44+00:00\",\"mainEntityOfPage\":{\"@id\":\"https:\/\/www.shalom.it\/italia\/congresso-nazionale-uaii\/\"},\"wordCount\":689,\"image\":{\"@id\":\"https:\/\/www.shalom.it\/italia\/congresso-nazionale-uaii\/#primaryimage\"},\"thumbnailUrl\":\"https:\/\/www.shalom.it\/wp-content\/uploads\/2025\/12\/UAII-Piattelli.jpeg\",\"articleSection\":[\"ITALIA\"],\"inLanguage\":\"it-IT\"},{\"@type\":\"WebPage\",\"@id\":\"https:\/\/www.shalom.it\/italia\/congresso-nazionale-uaii\/\",\"url\":\"https:\/\/www.shalom.it\/italia\/congresso-nazionale-uaii\/\",\"name\":\"Congresso nazionale UAII: un nuovo impegno per la libert\u00e0 contro l\u2019antisionismo - Shalom\",\"isPartOf\":{\"@id\":\"https:\/\/www.shalom.it\/#website\"},\"primaryImageOfPage\":{\"@id\":\"https:\/\/www.shalom.it\/italia\/congresso-nazionale-uaii\/#primaryimage\"},\"image\":{\"@id\":\"https:\/\/www.shalom.it\/italia\/congresso-nazionale-uaii\/#primaryimage\"},\"thumbnailUrl\":\"https:\/\/www.shalom.it\/wp-content\/uploads\/2025\/12\/UAII-Piattelli.jpeg\",\"datePublished\":\"2025-12-03T09:21:06+00:00\",\"dateModified\":\"2025-12-03T12:06:44+00:00\",\"author\":{\"@id\":\"https:\/\/www.shalom.it\/#\/schema\/person\/d9f18de0c8e16f0e7113889b42fd88c0\"},\"breadcrumb\":{\"@id\":\"https:\/\/www.shalom.it\/italia\/congresso-nazionale-uaii\/#breadcrumb\"},\"inLanguage\":\"it-IT\",\"potentialAction\":[{\"@type\":\"ReadAction\",\"target\":[\"https:\/\/www.shalom.it\/italia\/congresso-nazionale-uaii\/\"]}]},{\"@type\":\"ImageObject\",\"inLanguage\":\"it-IT\",\"@id\":\"https:\/\/www.shalom.it\/italia\/congresso-nazionale-uaii\/#primaryimage\",\"url\":\"https:\/\/www.shalom.it\/wp-content\/uploads\/2025\/12\/UAII-Piattelli.jpeg\",\"contentUrl\":\"https:\/\/www.shalom.it\/wp-content\/uploads\/2025\/12\/UAII-Piattelli.jpeg\",\"width\":1400,\"height\":721},{\"@type\":\"BreadcrumbList\",\"@id\":\"https:\/\/www.shalom.it\/italia\/congresso-nazionale-uaii\/#breadcrumb\",\"itemListElement\":[{\"@type\":\"ListItem\",\"position\":1,\"name\":\"Home\",\"item\":\"https:\/\/www.shalom.it\/\"},{\"@type\":\"ListItem\",\"position\":2,\"name\":\"Congresso nazionale UAII: un nuovo impegno per la libert\u00e0 contro l\u2019antisionismo\"}]},{\"@type\":\"WebSite\",\"@id\":\"https:\/\/www.shalom.it\/#website\",\"url\":\"https:\/\/www.shalom.it\/\",\"name\":\"Shalom\",\"description\":\"Il Magazine della comunit\u00e0 ebraica di Roma\",\"potentialAction\":[{\"@type\":\"SearchAction\",\"target\":{\"@type\":\"EntryPoint\",\"urlTemplate\":\"https:\/\/www.shalom.it\/?s={search_term_string}\"},\"query-input\":{\"@type\":\"PropertyValueSpecification\",\"valueRequired\":true,\"valueName\":\"search_term_string\"}}],\"inLanguage\":\"it-IT\"},{\"@type\":\"Person\",\"@id\":\"https:\/\/www.shalom.it\/#\/schema\/person\/d9f18de0c8e16f0e7113889b42fd88c0\",\"name\":\"Michelle Zarfati\",\"url\":\"https:\/\/www.shalom.it\/author\/michellezarfati\/\"}]}<\/script>\n<!-- \/ Yoast SEO plugin. -->","yoast_head_json":{"title":"Congresso nazionale UAII: un nuovo impegno per la libert\u00e0 contro l\u2019antisionismo - Shalom","robots":{"index":"index","follow":"follow","max-snippet":"max-snippet:-1","max-image-preview":"max-image-preview:large","max-video-preview":"max-video-preview:-1"},"canonical":"https:\/\/www.shalom.it\/italia\/congresso-nazionale-uaii\/","og_locale":"it_IT","og_type":"article","og_title":"Congresso nazionale UAII: un nuovo impegno per la libert\u00e0 contro l\u2019antisionismo - Shalom","og_description":"Una giornata intensa di interventi e collegamenti internazionali ha scandito ieri alla Camera dei deputati il Congresso nazionale dell\u2019Unione Associazioni Italia Israele (UAII), che ha rilanciato un appello alla responsabilit\u00e0 politica e civile contro ogni forma di antisionismo.Un evento che ha riunito esponenti politici, istituzionali e rappresentanti della comunit\u00e0 ebraica. L&#8217;iniziativa, organizzata in collaborazione con [&hellip;]","og_url":"https:\/\/www.shalom.it\/italia\/congresso-nazionale-uaii\/","og_site_name":"Shalom","article_published_time":"2025-12-03T09:21:06+00:00","article_modified_time":"2025-12-03T12:06:44+00:00","og_image":[{"width":1400,"height":721,"url":"https:\/\/www.shalom.it\/wp-content\/uploads\/2025\/12\/UAII-Piattelli.jpeg","type":"image\/jpeg"}],"author":"Michelle Zarfati","twitter_card":"summary_large_image","twitter_misc":{"Scritto da":"Michelle Zarfati","Tempo di lettura stimato":"4 minuti"},"schema":{"@context":"https:\/\/schema.org","@graph":[{"@type":"Article","@id":"https:\/\/www.shalom.it\/italia\/congresso-nazionale-uaii\/#article","isPartOf":{"@id":"https:\/\/www.shalom.it\/italia\/congresso-nazionale-uaii\/"},"author":{"name":"Michelle Zarfati","@id":"https:\/\/www.shalom.it\/#\/schema\/person\/d9f18de0c8e16f0e7113889b42fd88c0"},"headline":"Congresso nazionale UAII: un nuovo impegno per la libert\u00e0 contro l\u2019antisionismo","datePublished":"2025-12-03T09:21:06+00:00","dateModified":"2025-12-03T12:06:44+00:00","mainEntityOfPage":{"@id":"https:\/\/www.shalom.it\/italia\/congresso-nazionale-uaii\/"},"wordCount":689,"image":{"@id":"https:\/\/www.shalom.it\/italia\/congresso-nazionale-uaii\/#primaryimage"},"thumbnailUrl":"https:\/\/www.shalom.it\/wp-content\/uploads\/2025\/12\/UAII-Piattelli.jpeg","articleSection":["ITALIA"],"inLanguage":"it-IT"},{"@type":"WebPage","@id":"https:\/\/www.shalom.it\/italia\/congresso-nazionale-uaii\/","url":"https:\/\/www.shalom.it\/italia\/congresso-nazionale-uaii\/","name":"Congresso nazionale UAII: un nuovo impegno per la libert\u00e0 contro l\u2019antisionismo - Shalom","isPartOf":{"@id":"https:\/\/www.shalom.it\/#website"},"primaryImageOfPage":{"@id":"https:\/\/www.shalom.it\/italia\/congresso-nazionale-uaii\/#primaryimage"},"image":{"@id":"https:\/\/www.shalom.it\/italia\/congresso-nazionale-uaii\/#primaryimage"},"thumbnailUrl":"https:\/\/www.shalom.it\/wp-content\/uploads\/2025\/12\/UAII-Piattelli.jpeg","datePublished":"2025-12-03T09:21:06+00:00","dateModified":"2025-12-03T12:06:44+00:00","author":{"@id":"https:\/\/www.shalom.it\/#\/schema\/person\/d9f18de0c8e16f0e7113889b42fd88c0"},"breadcrumb":{"@id":"https:\/\/www.shalom.it\/italia\/congresso-nazionale-uaii\/#breadcrumb"},"inLanguage":"it-IT","potentialAction":[{"@type":"ReadAction","target":["https:\/\/www.shalom.it\/italia\/congresso-nazionale-uaii\/"]}]},{"@type":"ImageObject","inLanguage":"it-IT","@id":"https:\/\/www.shalom.it\/italia\/congresso-nazionale-uaii\/#primaryimage","url":"https:\/\/www.shalom.it\/wp-content\/uploads\/2025\/12\/UAII-Piattelli.jpeg","contentUrl":"https:\/\/www.shalom.it\/wp-content\/uploads\/2025\/12\/UAII-Piattelli.jpeg","width":1400,"height":721},{"@type":"BreadcrumbList","@id":"https:\/\/www.shalom.it\/italia\/congresso-nazionale-uaii\/#breadcrumb","itemListElement":[{"@type":"ListItem","position":1,"name":"Home","item":"https:\/\/www.shalom.it\/"},{"@type":"ListItem","position":2,"name":"Congresso nazionale UAII: un nuovo impegno per la libert\u00e0 contro l\u2019antisionismo"}]},{"@type":"WebSite","@id":"https:\/\/www.shalom.it\/#website","url":"https:\/\/www.shalom.it\/","name":"Shalom","description":"Il Magazine della comunit\u00e0 ebraica di Roma","potentialAction":[{"@type":"SearchAction","target":{"@type":"EntryPoint","urlTemplate":"https:\/\/www.shalom.it\/?s={search_term_string}"},"query-input":{"@type":"PropertyValueSpecification","valueRequired":true,"valueName":"search_term_string"}}],"inLanguage":"it-IT"},{"@type":"Person","@id":"https:\/\/www.shalom.it\/#\/schema\/person\/d9f18de0c8e16f0e7113889b42fd88c0","name":"Michelle Zarfati","url":"https:\/\/www.shalom.it\/author\/michellezarfati\/"}]}},"jetpack_featured_media_url":"https:\/\/www.shalom.it\/wp-content\/uploads\/2025\/12\/UAII-Piattelli.jpeg","jetpack_sharing_enabled":true,"_links":{"self":[{"href":"https:\/\/www.shalom.it\/wp-json\/wp\/v2\/posts\/122942","targetHints":{"allow":["GET"]}}],"collection":[{"href":"https:\/\/www.shalom.it\/wp-json\/wp\/v2\/posts"}],"about":[{"href":"https:\/\/www.shalom.it\/wp-json\/wp\/v2\/types\/post"}],"author":[{"embeddable":true,"href":"https:\/\/www.shalom.it\/wp-json\/wp\/v2\/users\/89"}],"replies":[{"embeddable":true,"href":"https:\/\/www.shalom.it\/wp-json\/wp\/v2\/comments?post=122942"}],"version-history":[{"count":3,"href":"https:\/\/www.shalom.it\/wp-json\/wp\/v2\/posts\/122942\/revisions"}],"predecessor-version":[{"id":122948,"href":"https:\/\/www.shalom.it\/wp-json\/wp\/v2\/posts\/122942\/revisions\/122948"}],"wp:featuredmedia":[{"embeddable":true,"href":"https:\/\/www.shalom.it\/wp-json\/wp\/v2\/media\/122946"}],"wp:attachment":[{"href":"https:\/\/www.shalom.it\/wp-json\/wp\/v2\/media?parent=122942"}],"wp:term":[{"taxonomy":"category","embeddable":true,"href":"https:\/\/www.shalom.it\/wp-json\/wp\/v2\/categories?post=122942"},{"taxonomy":"post_tag","embeddable":true,"href":"https:\/\/www.shalom.it\/wp-json\/wp\/v2\/tags?post=122942"}],"curies":[{"name":"wp","href":"https:\/\/api.w.org\/{rel}","templated":true}]}}