{"id":12188,"date":"2020-01-20T00:00:00","date_gmt":"2020-01-19T23:00:00","guid":{"rendered":"https:\/\/www.shalom.it\/senza-categoria\/educare-i-bambini-alla-memoria-b713421\/"},"modified":"2024-05-31T00:23:14","modified_gmt":"2024-05-30T22:23:14","slug":"educare-i-bambini-alla-memoria-b713421","status":"publish","type":"post","link":"https:\/\/www.shalom.it\/italia\/educare-i-bambini-alla-memoria-b713421\/","title":{"rendered":"Educare i bambini alla Memoria"},"content":{"rendered":"<p class=\"MsoNormal\" style=\"height: auto;\"><span data-originalfontsize=\"14pt\" data-originalcomputedfontsize=\"18.66666603088379\" style=\"line-height: 21.466665267944336px;\">Coltivare la memoria di bambini e ragazzi \u00e8 responsabilit\u00e0 di ogni adulto, a casa, a scuola e in tutti i luoghi di crescita. Nasce da questa osservazione il libro &#8220;I bambini raccontano la Shoah&#8221; di Maria Teresa Milano e Sarah Kaminski (Edizioni Sonda) che vuole portare ai pi\u00f9 giovani delle testimonianze dirette di chi ha vissuto la tragedia della Shoah.<\/span><\/p>\n<p class=\"MsoNormal\" style=\"height: auto;\"><span data-originalfontsize=\"14pt\" data-originalcomputedfontsize=\"18.66666603088379\" style=\"line-height: 21.466665267944336px;\">Due esperienze autobiografiche, di Lia Levi e Uri Orlev, trascinano il lettore tra speranze e paure dei bambini vittime della persecuzione razziale. Il racconto di Ela e Marian Kaminski, ebrei polacchi che dopo aver vissuto la guerra hanno saputo ricostruire una nuova vita. E Sarah Kaminski \u2013 loro figlia &#8211; che dai propri genitori eredita e ci consegna la favola amara del ghetto di Lodz, tristemente celebre per il lavoro minorile.<\/span><\/p>\n<p class=\"MsoNormal\" style=\"height: auto;\"><span data-originalfontsize=\"14pt\" data-originalcomputedfontsize=\"18.66666603088379\" style=\"line-height: 21.466665267944336px;\">A seguire, Maria Teresa Milano, co-autrice del volume, apre le porte della fortezza di Terez\u00edn, il ghetto in cui diverse persone hanno rischiato la propria vita per proteggere i pi\u00f9 piccoli dalla follia nazista. Infine il racconto di Cesare Alvazzi Del Frate, bambino sotto il regime fascista e poi ragazzo partigiano. \u00c8 uno degli ultimi testimoni del coraggio di opporsi all\u2019odio di un regime totalitario, in difesa della libert\u00e0 di tutti.<\/span><\/p>\n<p class=\"MsoNormal\" style=\"height: auto;\"><span data-originalfontsize=\"14pt\" data-originalcomputedfontsize=\"18.66666603088379\" style=\"line-height: 21.466665267944336px;\">Un libro molto interessante con al suo interno delle schede didattiche e materiale storico e artistico inedito in Italia. Maria Teresa Milano non \u00e8 nuova a queste argomentazioni in quanto \u00e8 laureata in Filologia ebraica, con dottorato in Ebraistica e specializzazione su La musica della Shoah. Autrice di saggi e performance teatral-musicali, \u00e8 una delle maggiori esperte italiane di cultura ebraica e viaggia spesso nei luoghi pi\u00f9 iconici della Shoah.&nbsp;<\/span><\/p>\n<p class=\"MsoNormal\" style=\"height: auto;\"><span data-originalfontsize=\"14pt\" data-originalcomputedfontsize=\"18.66666603088379\" style=\"line-height: 21.466665267944336px;\">Sarah Kaminski, invece, \u00e8 docente di Ebraico moderno all\u2019Universit\u00e0 di Torino e traduttrice. Si \u00e8 specializzata in didattica della Shoah presso la Scuola di Yad Vashem, Gerusalemme. La casa editrice Sonda \u00e8 da sempre attenta e sensibile alle tematiche ebraiche. Tra le loro pubblicazioni, infatti, molti titoli inerenti all&#8217;importanza della memoria di ci\u00f2 che accadde durante la Seconda Guerra Mondiale per gli ebrei di tutto il mondo e le altre minoranze perseguitate.<\/span><\/p>\n","protected":false},"excerpt":{"rendered":"<p>Coltivare la memoria di bambini e ragazzi \u00e8 responsabilit\u00e0 di ogni adulto, a casa, a scuola e in tutti i luoghi di crescita. Nasce da questa osservazione il libro &#8220;I bambini raccontano la Shoah&#8221; di Maria Teresa Milano e Sarah Kaminski (Edizioni Sonda) che vuole portare ai pi\u00f9 giovani delle testimonianze dirette di chi ha [&hellip;]<\/p>\n","protected":false},"author":43,"featured_media":12189,"comment_status":"open","ping_status":"open","sticky":false,"template":"","format":"standard","meta":{"_acf_changed":false,"_jetpack_memberships_contains_paid_content":false,"footnotes":""},"categories":[3],"tags":[],"class_list":["post-12188","post","type-post","status-publish","format-standard","has-post-thumbnail","hentry","category-italia"],"acf":[],"yoast_head":"<!-- This site is optimized with the Yoast SEO plugin v26.9 - https:\/\/yoast.com\/product\/yoast-seo-wordpress\/ -->\n<title>Educare i bambini alla Memoria - Shalom<\/title>\n<meta name=\"robots\" content=\"index, follow, max-snippet:-1, max-image-preview:large, max-video-preview:-1\" \/>\n<link rel=\"canonical\" href=\"https:\/\/www.shalom.it\/italia\/educare-i-bambini-alla-memoria-b713421\/\" \/>\n<meta property=\"og:locale\" content=\"it_IT\" \/>\n<meta property=\"og:type\" content=\"article\" \/>\n<meta property=\"og:title\" content=\"Educare i bambini alla Memoria - Shalom\" \/>\n<meta property=\"og:description\" content=\"Coltivare la memoria di bambini e ragazzi \u00e8 responsabilit\u00e0 di ogni adulto, a casa, a scuola e in tutti i luoghi di crescita. Nasce da questa osservazione il libro &#8220;I bambini raccontano la Shoah&#8221; di Maria Teresa Milano e Sarah Kaminski (Edizioni Sonda) che vuole portare ai pi\u00f9 giovani delle testimonianze dirette di chi ha [&hellip;]\" \/>\n<meta property=\"og:url\" content=\"https:\/\/www.shalom.it\/italia\/educare-i-bambini-alla-memoria-b713421\/\" \/>\n<meta property=\"og:site_name\" content=\"Shalom\" \/>\n<meta property=\"article:published_time\" content=\"2020-01-19T23:00:00+00:00\" \/>\n<meta property=\"article:modified_time\" content=\"2024-05-30T22:23:14+00:00\" \/>\n<meta property=\"og:image\" content=\"https:\/\/www.shalom.it\/wp-content\/uploads\/2021\/08\/B0281D1F-51C3-448C-9A44-7CEBBE47C233.jpeg\" \/>\n\t<meta property=\"og:image:width\" content=\"435\" \/>\n\t<meta property=\"og:image:height\" content=\"626\" \/>\n\t<meta property=\"og:image:type\" content=\"image\/jpeg\" \/>\n<meta name=\"author\" content=\"miriamspizzichino\" \/>\n<meta name=\"twitter:card\" content=\"summary_large_image\" \/>\n<meta name=\"twitter:label1\" content=\"Scritto da\" \/>\n\t<meta name=\"twitter:data1\" content=\"miriamspizzichino\" \/>\n\t<meta name=\"twitter:label2\" content=\"Tempo di lettura stimato\" \/>\n\t<meta name=\"twitter:data2\" content=\"2 minuti\" \/>\n<script type=\"application\/ld+json\" class=\"yoast-schema-graph\">{\"@context\":\"https:\/\/schema.org\",\"@graph\":[{\"@type\":\"Article\",\"@id\":\"https:\/\/www.shalom.it\/italia\/educare-i-bambini-alla-memoria-b713421\/#article\",\"isPartOf\":{\"@id\":\"https:\/\/www.shalom.it\/italia\/educare-i-bambini-alla-memoria-b713421\/\"},\"author\":{\"name\":\"miriamspizzichino\",\"@id\":\"https:\/\/www.shalom.it\/#\/schema\/person\/db9f9a87bb27c3175e52c64a38aa0394\"},\"headline\":\"Educare i bambini alla Memoria\",\"datePublished\":\"2020-01-19T23:00:00+00:00\",\"dateModified\":\"2024-05-30T22:23:14+00:00\",\"mainEntityOfPage\":{\"@id\":\"https:\/\/www.shalom.it\/italia\/educare-i-bambini-alla-memoria-b713421\/\"},\"wordCount\":345,\"commentCount\":0,\"image\":{\"@id\":\"https:\/\/www.shalom.it\/italia\/educare-i-bambini-alla-memoria-b713421\/#primaryimage\"},\"thumbnailUrl\":\"https:\/\/www.shalom.it\/wp-content\/uploads\/2021\/08\/B0281D1F-51C3-448C-9A44-7CEBBE47C233.jpeg\",\"articleSection\":[\"ITALIA\"],\"inLanguage\":\"it-IT\"},{\"@type\":\"WebPage\",\"@id\":\"https:\/\/www.shalom.it\/italia\/educare-i-bambini-alla-memoria-b713421\/\",\"url\":\"https:\/\/www.shalom.it\/italia\/educare-i-bambini-alla-memoria-b713421\/\",\"name\":\"Educare i bambini alla Memoria - Shalom\",\"isPartOf\":{\"@id\":\"https:\/\/www.shalom.it\/#website\"},\"primaryImageOfPage\":{\"@id\":\"https:\/\/www.shalom.it\/italia\/educare-i-bambini-alla-memoria-b713421\/#primaryimage\"},\"image\":{\"@id\":\"https:\/\/www.shalom.it\/italia\/educare-i-bambini-alla-memoria-b713421\/#primaryimage\"},\"thumbnailUrl\":\"https:\/\/www.shalom.it\/wp-content\/uploads\/2021\/08\/B0281D1F-51C3-448C-9A44-7CEBBE47C233.jpeg\",\"datePublished\":\"2020-01-19T23:00:00+00:00\",\"dateModified\":\"2024-05-30T22:23:14+00:00\",\"author\":{\"@id\":\"https:\/\/www.shalom.it\/#\/schema\/person\/db9f9a87bb27c3175e52c64a38aa0394\"},\"breadcrumb\":{\"@id\":\"https:\/\/www.shalom.it\/italia\/educare-i-bambini-alla-memoria-b713421\/#breadcrumb\"},\"inLanguage\":\"it-IT\",\"potentialAction\":[{\"@type\":\"ReadAction\",\"target\":[\"https:\/\/www.shalom.it\/italia\/educare-i-bambini-alla-memoria-b713421\/\"]}]},{\"@type\":\"ImageObject\",\"inLanguage\":\"it-IT\",\"@id\":\"https:\/\/www.shalom.it\/italia\/educare-i-bambini-alla-memoria-b713421\/#primaryimage\",\"url\":\"https:\/\/www.shalom.it\/wp-content\/uploads\/2021\/08\/B0281D1F-51C3-448C-9A44-7CEBBE47C233.jpeg\",\"contentUrl\":\"https:\/\/www.shalom.it\/wp-content\/uploads\/2021\/08\/B0281D1F-51C3-448C-9A44-7CEBBE47C233.jpeg\",\"width\":435,\"height\":626},{\"@type\":\"BreadcrumbList\",\"@id\":\"https:\/\/www.shalom.it\/italia\/educare-i-bambini-alla-memoria-b713421\/#breadcrumb\",\"itemListElement\":[{\"@type\":\"ListItem\",\"position\":1,\"name\":\"Home\",\"item\":\"https:\/\/www.shalom.it\/\"},{\"@type\":\"ListItem\",\"position\":2,\"name\":\"Educare i bambini alla Memoria\"}]},{\"@type\":\"WebSite\",\"@id\":\"https:\/\/www.shalom.it\/#website\",\"url\":\"https:\/\/www.shalom.it\/\",\"name\":\"Shalom\",\"description\":\"Il Magazine della comunit\u00e0 ebraica di Roma\",\"potentialAction\":[{\"@type\":\"SearchAction\",\"target\":{\"@type\":\"EntryPoint\",\"urlTemplate\":\"https:\/\/www.shalom.it\/?s={search_term_string}\"},\"query-input\":{\"@type\":\"PropertyValueSpecification\",\"valueRequired\":true,\"valueName\":\"search_term_string\"}}],\"inLanguage\":\"it-IT\"},{\"@type\":\"Person\",\"@id\":\"https:\/\/www.shalom.it\/#\/schema\/person\/db9f9a87bb27c3175e52c64a38aa0394\",\"name\":\"miriamspizzichino\",\"description\":\"Laureata in Scienze della Comunicazione e specializzanda in &quot;Informazione, editoria e giornalismo&quot;. Iscritta all'Ordine dei Giornalisti del Lazio come Pubblicista. Ha scritto diversi libri, tra cui una raccolta di racconti brevi a sfondo sociale: &quot;le malattie del nostro mondo&quot;. Attualmente lavora come Giornalista, Ufficio Stampa e Social Media Manager.\",\"url\":\"https:\/\/www.shalom.it\/author\/miriamspizzichino\/\"}]}<\/script>\n<!-- \/ Yoast SEO plugin. -->","yoast_head_json":{"title":"Educare i bambini alla Memoria - Shalom","robots":{"index":"index","follow":"follow","max-snippet":"max-snippet:-1","max-image-preview":"max-image-preview:large","max-video-preview":"max-video-preview:-1"},"canonical":"https:\/\/www.shalom.it\/italia\/educare-i-bambini-alla-memoria-b713421\/","og_locale":"it_IT","og_type":"article","og_title":"Educare i bambini alla Memoria - Shalom","og_description":"Coltivare la memoria di bambini e ragazzi \u00e8 responsabilit\u00e0 di ogni adulto, a casa, a scuola e in tutti i luoghi di crescita. Nasce da questa osservazione il libro &#8220;I bambini raccontano la Shoah&#8221; di Maria Teresa Milano e Sarah Kaminski (Edizioni Sonda) che vuole portare ai pi\u00f9 giovani delle testimonianze dirette di chi ha [&hellip;]","og_url":"https:\/\/www.shalom.it\/italia\/educare-i-bambini-alla-memoria-b713421\/","og_site_name":"Shalom","article_published_time":"2020-01-19T23:00:00+00:00","article_modified_time":"2024-05-30T22:23:14+00:00","og_image":[{"width":435,"height":626,"url":"https:\/\/www.shalom.it\/wp-content\/uploads\/2021\/08\/B0281D1F-51C3-448C-9A44-7CEBBE47C233.jpeg","type":"image\/jpeg"}],"author":"miriamspizzichino","twitter_card":"summary_large_image","twitter_misc":{"Scritto da":"miriamspizzichino","Tempo di lettura stimato":"2 minuti"},"schema":{"@context":"https:\/\/schema.org","@graph":[{"@type":"Article","@id":"https:\/\/www.shalom.it\/italia\/educare-i-bambini-alla-memoria-b713421\/#article","isPartOf":{"@id":"https:\/\/www.shalom.it\/italia\/educare-i-bambini-alla-memoria-b713421\/"},"author":{"name":"miriamspizzichino","@id":"https:\/\/www.shalom.it\/#\/schema\/person\/db9f9a87bb27c3175e52c64a38aa0394"},"headline":"Educare i bambini alla Memoria","datePublished":"2020-01-19T23:00:00+00:00","dateModified":"2024-05-30T22:23:14+00:00","mainEntityOfPage":{"@id":"https:\/\/www.shalom.it\/italia\/educare-i-bambini-alla-memoria-b713421\/"},"wordCount":345,"commentCount":0,"image":{"@id":"https:\/\/www.shalom.it\/italia\/educare-i-bambini-alla-memoria-b713421\/#primaryimage"},"thumbnailUrl":"https:\/\/www.shalom.it\/wp-content\/uploads\/2021\/08\/B0281D1F-51C3-448C-9A44-7CEBBE47C233.jpeg","articleSection":["ITALIA"],"inLanguage":"it-IT"},{"@type":"WebPage","@id":"https:\/\/www.shalom.it\/italia\/educare-i-bambini-alla-memoria-b713421\/","url":"https:\/\/www.shalom.it\/italia\/educare-i-bambini-alla-memoria-b713421\/","name":"Educare i bambini alla Memoria - Shalom","isPartOf":{"@id":"https:\/\/www.shalom.it\/#website"},"primaryImageOfPage":{"@id":"https:\/\/www.shalom.it\/italia\/educare-i-bambini-alla-memoria-b713421\/#primaryimage"},"image":{"@id":"https:\/\/www.shalom.it\/italia\/educare-i-bambini-alla-memoria-b713421\/#primaryimage"},"thumbnailUrl":"https:\/\/www.shalom.it\/wp-content\/uploads\/2021\/08\/B0281D1F-51C3-448C-9A44-7CEBBE47C233.jpeg","datePublished":"2020-01-19T23:00:00+00:00","dateModified":"2024-05-30T22:23:14+00:00","author":{"@id":"https:\/\/www.shalom.it\/#\/schema\/person\/db9f9a87bb27c3175e52c64a38aa0394"},"breadcrumb":{"@id":"https:\/\/www.shalom.it\/italia\/educare-i-bambini-alla-memoria-b713421\/#breadcrumb"},"inLanguage":"it-IT","potentialAction":[{"@type":"ReadAction","target":["https:\/\/www.shalom.it\/italia\/educare-i-bambini-alla-memoria-b713421\/"]}]},{"@type":"ImageObject","inLanguage":"it-IT","@id":"https:\/\/www.shalom.it\/italia\/educare-i-bambini-alla-memoria-b713421\/#primaryimage","url":"https:\/\/www.shalom.it\/wp-content\/uploads\/2021\/08\/B0281D1F-51C3-448C-9A44-7CEBBE47C233.jpeg","contentUrl":"https:\/\/www.shalom.it\/wp-content\/uploads\/2021\/08\/B0281D1F-51C3-448C-9A44-7CEBBE47C233.jpeg","width":435,"height":626},{"@type":"BreadcrumbList","@id":"https:\/\/www.shalom.it\/italia\/educare-i-bambini-alla-memoria-b713421\/#breadcrumb","itemListElement":[{"@type":"ListItem","position":1,"name":"Home","item":"https:\/\/www.shalom.it\/"},{"@type":"ListItem","position":2,"name":"Educare i bambini alla Memoria"}]},{"@type":"WebSite","@id":"https:\/\/www.shalom.it\/#website","url":"https:\/\/www.shalom.it\/","name":"Shalom","description":"Il Magazine della comunit\u00e0 ebraica di Roma","potentialAction":[{"@type":"SearchAction","target":{"@type":"EntryPoint","urlTemplate":"https:\/\/www.shalom.it\/?s={search_term_string}"},"query-input":{"@type":"PropertyValueSpecification","valueRequired":true,"valueName":"search_term_string"}}],"inLanguage":"it-IT"},{"@type":"Person","@id":"https:\/\/www.shalom.it\/#\/schema\/person\/db9f9a87bb27c3175e52c64a38aa0394","name":"miriamspizzichino","description":"Laureata in Scienze della Comunicazione e specializzanda in &quot;Informazione, editoria e giornalismo&quot;. Iscritta all'Ordine dei Giornalisti del Lazio come Pubblicista. Ha scritto diversi libri, tra cui una raccolta di racconti brevi a sfondo sociale: &quot;le malattie del nostro mondo&quot;. Attualmente lavora come Giornalista, Ufficio Stampa e Social Media Manager.","url":"https:\/\/www.shalom.it\/author\/miriamspizzichino\/"}]}},"jetpack_featured_media_url":"https:\/\/www.shalom.it\/wp-content\/uploads\/2021\/08\/B0281D1F-51C3-448C-9A44-7CEBBE47C233.jpeg","jetpack_sharing_enabled":true,"_links":{"self":[{"href":"https:\/\/www.shalom.it\/wp-json\/wp\/v2\/posts\/12188","targetHints":{"allow":["GET"]}}],"collection":[{"href":"https:\/\/www.shalom.it\/wp-json\/wp\/v2\/posts"}],"about":[{"href":"https:\/\/www.shalom.it\/wp-json\/wp\/v2\/types\/post"}],"author":[{"embeddable":true,"href":"https:\/\/www.shalom.it\/wp-json\/wp\/v2\/users\/43"}],"replies":[{"embeddable":true,"href":"https:\/\/www.shalom.it\/wp-json\/wp\/v2\/comments?post=12188"}],"version-history":[{"count":1,"href":"https:\/\/www.shalom.it\/wp-json\/wp\/v2\/posts\/12188\/revisions"}],"predecessor-version":[{"id":12382,"href":"https:\/\/www.shalom.it\/wp-json\/wp\/v2\/posts\/12188\/revisions\/12382"}],"wp:featuredmedia":[{"embeddable":true,"href":"https:\/\/www.shalom.it\/wp-json\/wp\/v2\/media\/12189"}],"wp:attachment":[{"href":"https:\/\/www.shalom.it\/wp-json\/wp\/v2\/media?parent=12188"}],"wp:term":[{"taxonomy":"category","embeddable":true,"href":"https:\/\/www.shalom.it\/wp-json\/wp\/v2\/categories?post=12188"},{"taxonomy":"post_tag","embeddable":true,"href":"https:\/\/www.shalom.it\/wp-json\/wp\/v2\/tags?post=12188"}],"curies":[{"name":"wp","href":"https:\/\/api.w.org\/{rel}","templated":true}]}}