{"id":116727,"date":"2025-08-25T00:02:30","date_gmt":"2025-08-24T22:02:30","guid":{"rendered":"https:\/\/www.shalom.it\/?p=116727"},"modified":"2025-08-24T23:56:24","modified_gmt":"2025-08-24T21:56:24","slug":"francoforte-membri-della-comunita-ebraica-aggrediti-durante-una-veglia-per-gli-ostaggi","status":"publish","type":"post","link":"https:\/\/www.shalom.it\/europa\/francoforte-membri-della-comunita-ebraica-aggrediti-durante-una-veglia-per-gli-ostaggi\/","title":{"rendered":"Francoforte, membri della comunit\u00e0 ebraica aggrediti durante una veglia per gli ostaggi"},"content":{"rendered":"<div>\n<p class=\"Normale1\">Tre membri della comunit\u00e0 ebraica di Francoforte sono stati aggrediti venerd\u00ec pomeriggio mentre partecipavano a una veglia per i 50 ostaggi israeliani ancora nelle mani di Hamas a Gaza.<\/p>\n<\/div>\n<div>\n<p class=\"Normale1\">Secondo quanto riportato da <i>Bild<\/i>, Sacha Stawski, 55 anni, attivista e presidente dell\u2019organizzazione <i>Honestly Concerned<\/i>, impegnata da anni nella lotta contro l\u2019antisemitismo, si trovava con altri partecipanti nel parco Gr\u00fcneburg, dove stavano appendendo le foto degli ostaggi a una recinzione. Stawski ha raccontato che tra 20 e 30 attivisti pro-Palestina erano presenti sul posto e hanno cercato di ostacolare l\u2019iniziativa, scandendo slogan ostili. \u201cAbbiamo sentito cori antisemiti, ci hanno chiamati \u2018assassini di bambini\u2019 e urlato \u2018Free Palestine\u2019 e \u2018genocide\u2019. Poi siamo stati attaccati con la vernice. Alcuni schizzi sono finiti sui miei occhiali e non riuscivo pi\u00f9 a vedere bene l\u2019aggressore\u201d, ha dichiarato.<\/p>\n<\/div>\n<div>\n<p class=\"Normale1\">I rappresentanti della comunit\u00e0 ebraica hanno espresso forte preoccupazione, sottolineando al <i>Frankfurter Allgemeine<\/i>che la rimozione delle immagini non rappresenta solo un gesto politico, ma \u201cun colpo inferto alle famiglie degli ostaggi a Gaza\u201d e deve essere considerata a tutti gli effetti un atto antisemita. Fonti comunitarie hanno inoltre segnalato la presenza, nella stessa area, di un campo pro-Palestina dal quale spesso vengono organizzati eventi caratterizzati da incitamento contro Israele e dalla diffusione di posizioni estremiste nello spazio pubblico.<\/p>\n<\/div>\n<div>\n<p class=\"Normale1\">La polizia di Francoforte ha confermato l\u2019accaduto e annunciato un rafforzamento della presenza delle forze dell\u2019ordine nell\u2019area, oltre a un aggiornamento dei piani di sicurezza. L\u2019ambasciatore tedesco in Israele ha condannato l\u2019episodio, mentre il governo federale ha ribadito la propria posizione sulla crisi mediorientale. Un portavoce ufficiale ha escluso per ora il riconoscimento unilaterale di uno Stato palestinese, definendolo \u201ccontroproducente\u201d, e ha riaffermato che l\u2019obiettivo resta \u201cuna soluzione negoziata a due Stati, per quanto oggi sembri lontana\u201d.<\/p>\n<\/div>\n","protected":false},"excerpt":{"rendered":"<p>Tre membri della comunit\u00e0 ebraica di Francoforte sono stati aggrediti venerd\u00ec pomeriggio mentre partecipavano a una veglia per i 50 ostaggi israeliani ancora nelle mani di Hamas a Gaza. Secondo quanto riportato da Bild, Sacha Stawski, 55 anni, attivista e presidente dell\u2019organizzazione Honestly Concerned, impegnata da anni nella lotta contro l\u2019antisemitismo, si trovava con altri [&hellip;]<\/p>\n","protected":false},"author":27,"featured_media":116728,"comment_status":"closed","ping_status":"closed","sticky":false,"template":"","format":"standard","meta":{"_acf_changed":false,"_jetpack_memberships_contains_paid_content":false,"footnotes":""},"categories":[34],"tags":[],"class_list":["post-116727","post","type-post","status-publish","format-standard","has-post-thumbnail","hentry","category-europa"],"acf":[],"yoast_head":"<!-- This site is optimized with the Yoast SEO plugin v26.9 - https:\/\/yoast.com\/product\/yoast-seo-wordpress\/ -->\n<title>Francoforte, membri della comunit\u00e0 ebraica aggrediti durante una veglia per gli ostaggi - Shalom<\/title>\n<meta name=\"robots\" content=\"index, follow, max-snippet:-1, max-image-preview:large, max-video-preview:-1\" \/>\n<link rel=\"canonical\" href=\"https:\/\/www.shalom.it\/europa\/francoforte-membri-della-comunita-ebraica-aggrediti-durante-una-veglia-per-gli-ostaggi\/\" \/>\n<meta property=\"og:locale\" content=\"it_IT\" \/>\n<meta property=\"og:type\" content=\"article\" \/>\n<meta property=\"og:title\" content=\"Francoforte, membri della comunit\u00e0 ebraica aggrediti durante una veglia per gli ostaggi - Shalom\" \/>\n<meta property=\"og:description\" content=\"Tre membri della comunit\u00e0 ebraica di Francoforte sono stati aggrediti venerd\u00ec pomeriggio mentre partecipavano a una veglia per i 50 ostaggi israeliani ancora nelle mani di Hamas a Gaza. Secondo quanto riportato da Bild, Sacha Stawski, 55 anni, attivista e presidente dell\u2019organizzazione Honestly Concerned, impegnata da anni nella lotta contro l\u2019antisemitismo, si trovava con altri [&hellip;]\" \/>\n<meta property=\"og:url\" content=\"https:\/\/www.shalom.it\/europa\/francoforte-membri-della-comunita-ebraica-aggrediti-durante-una-veglia-per-gli-ostaggi\/\" \/>\n<meta property=\"og:site_name\" content=\"Shalom\" \/>\n<meta property=\"article:published_time\" content=\"2025-08-24T22:02:30+00:00\" \/>\n<meta property=\"og:image\" content=\"https:\/\/www.shalom.it\/wp-content\/uploads\/2025\/08\/aggressione-franoforte.jpeg\" \/>\n\t<meta property=\"og:image:width\" content=\"992\" \/>\n\t<meta property=\"og:image:height\" content=\"558\" \/>\n\t<meta property=\"og:image:type\" content=\"image\/jpeg\" \/>\n<meta name=\"author\" content=\"Luca Spizzichino\" \/>\n<meta name=\"twitter:card\" content=\"summary_large_image\" \/>\n<meta name=\"twitter:label1\" content=\"Scritto da\" \/>\n\t<meta name=\"twitter:data1\" content=\"Luca Spizzichino\" \/>\n\t<meta name=\"twitter:label2\" content=\"Tempo di lettura stimato\" \/>\n\t<meta name=\"twitter:data2\" content=\"2 minuti\" \/>\n<script type=\"application\/ld+json\" class=\"yoast-schema-graph\">{\"@context\":\"https:\/\/schema.org\",\"@graph\":[{\"@type\":\"Article\",\"@id\":\"https:\/\/www.shalom.it\/europa\/francoforte-membri-della-comunita-ebraica-aggrediti-durante-una-veglia-per-gli-ostaggi\/#article\",\"isPartOf\":{\"@id\":\"https:\/\/www.shalom.it\/europa\/francoforte-membri-della-comunita-ebraica-aggrediti-durante-una-veglia-per-gli-ostaggi\/\"},\"author\":{\"name\":\"Luca Spizzichino\",\"@id\":\"https:\/\/www.shalom.it\/#\/schema\/person\/f483c6444fb990af899bfa711bf01ac8\"},\"headline\":\"Francoforte, membri della comunit\u00e0 ebraica aggrediti durante una veglia per gli ostaggi\",\"datePublished\":\"2025-08-24T22:02:30+00:00\",\"mainEntityOfPage\":{\"@id\":\"https:\/\/www.shalom.it\/europa\/francoforte-membri-della-comunita-ebraica-aggrediti-durante-una-veglia-per-gli-ostaggi\/\"},\"wordCount\":306,\"image\":{\"@id\":\"https:\/\/www.shalom.it\/europa\/francoforte-membri-della-comunita-ebraica-aggrediti-durante-una-veglia-per-gli-ostaggi\/#primaryimage\"},\"thumbnailUrl\":\"https:\/\/www.shalom.it\/wp-content\/uploads\/2025\/08\/aggressione-franoforte.jpeg\",\"articleSection\":[\"EUROPA\"],\"inLanguage\":\"it-IT\"},{\"@type\":\"WebPage\",\"@id\":\"https:\/\/www.shalom.it\/europa\/francoforte-membri-della-comunita-ebraica-aggrediti-durante-una-veglia-per-gli-ostaggi\/\",\"url\":\"https:\/\/www.shalom.it\/europa\/francoforte-membri-della-comunita-ebraica-aggrediti-durante-una-veglia-per-gli-ostaggi\/\",\"name\":\"Francoforte, membri della comunit\u00e0 ebraica aggrediti durante una veglia per gli ostaggi - Shalom\",\"isPartOf\":{\"@id\":\"https:\/\/www.shalom.it\/#website\"},\"primaryImageOfPage\":{\"@id\":\"https:\/\/www.shalom.it\/europa\/francoforte-membri-della-comunita-ebraica-aggrediti-durante-una-veglia-per-gli-ostaggi\/#primaryimage\"},\"image\":{\"@id\":\"https:\/\/www.shalom.it\/europa\/francoforte-membri-della-comunita-ebraica-aggrediti-durante-una-veglia-per-gli-ostaggi\/#primaryimage\"},\"thumbnailUrl\":\"https:\/\/www.shalom.it\/wp-content\/uploads\/2025\/08\/aggressione-franoforte.jpeg\",\"datePublished\":\"2025-08-24T22:02:30+00:00\",\"author\":{\"@id\":\"https:\/\/www.shalom.it\/#\/schema\/person\/f483c6444fb990af899bfa711bf01ac8\"},\"breadcrumb\":{\"@id\":\"https:\/\/www.shalom.it\/europa\/francoforte-membri-della-comunita-ebraica-aggrediti-durante-una-veglia-per-gli-ostaggi\/#breadcrumb\"},\"inLanguage\":\"it-IT\",\"potentialAction\":[{\"@type\":\"ReadAction\",\"target\":[\"https:\/\/www.shalom.it\/europa\/francoforte-membri-della-comunita-ebraica-aggrediti-durante-una-veglia-per-gli-ostaggi\/\"]}]},{\"@type\":\"ImageObject\",\"inLanguage\":\"it-IT\",\"@id\":\"https:\/\/www.shalom.it\/europa\/francoforte-membri-della-comunita-ebraica-aggrediti-durante-una-veglia-per-gli-ostaggi\/#primaryimage\",\"url\":\"https:\/\/www.shalom.it\/wp-content\/uploads\/2025\/08\/aggressione-franoforte.jpeg\",\"contentUrl\":\"https:\/\/www.shalom.it\/wp-content\/uploads\/2025\/08\/aggressione-franoforte.jpeg\",\"width\":992,\"height\":558},{\"@type\":\"BreadcrumbList\",\"@id\":\"https:\/\/www.shalom.it\/europa\/francoforte-membri-della-comunita-ebraica-aggrediti-durante-una-veglia-per-gli-ostaggi\/#breadcrumb\",\"itemListElement\":[{\"@type\":\"ListItem\",\"position\":1,\"name\":\"Home\",\"item\":\"https:\/\/www.shalom.it\/\"},{\"@type\":\"ListItem\",\"position\":2,\"name\":\"Francoforte, membri della comunit\u00e0 ebraica aggrediti durante una veglia per gli ostaggi\"}]},{\"@type\":\"WebSite\",\"@id\":\"https:\/\/www.shalom.it\/#website\",\"url\":\"https:\/\/www.shalom.it\/\",\"name\":\"Shalom\",\"description\":\"Il Magazine della comunit\u00e0 ebraica di Roma\",\"potentialAction\":[{\"@type\":\"SearchAction\",\"target\":{\"@type\":\"EntryPoint\",\"urlTemplate\":\"https:\/\/www.shalom.it\/?s={search_term_string}\"},\"query-input\":{\"@type\":\"PropertyValueSpecification\",\"valueRequired\":true,\"valueName\":\"search_term_string\"}}],\"inLanguage\":\"it-IT\"},{\"@type\":\"Person\",\"@id\":\"https:\/\/www.shalom.it\/#\/schema\/person\/f483c6444fb990af899bfa711bf01ac8\",\"name\":\"Luca Spizzichino\",\"url\":\"https:\/\/www.shalom.it\/author\/lucaspizzichino\/\"}]}<\/script>\n<!-- \/ Yoast SEO plugin. -->","yoast_head_json":{"title":"Francoforte, membri della comunit\u00e0 ebraica aggrediti durante una veglia per gli ostaggi - Shalom","robots":{"index":"index","follow":"follow","max-snippet":"max-snippet:-1","max-image-preview":"max-image-preview:large","max-video-preview":"max-video-preview:-1"},"canonical":"https:\/\/www.shalom.it\/europa\/francoforte-membri-della-comunita-ebraica-aggrediti-durante-una-veglia-per-gli-ostaggi\/","og_locale":"it_IT","og_type":"article","og_title":"Francoforte, membri della comunit\u00e0 ebraica aggrediti durante una veglia per gli ostaggi - Shalom","og_description":"Tre membri della comunit\u00e0 ebraica di Francoforte sono stati aggrediti venerd\u00ec pomeriggio mentre partecipavano a una veglia per i 50 ostaggi israeliani ancora nelle mani di Hamas a Gaza. Secondo quanto riportato da Bild, Sacha Stawski, 55 anni, attivista e presidente dell\u2019organizzazione Honestly Concerned, impegnata da anni nella lotta contro l\u2019antisemitismo, si trovava con altri [&hellip;]","og_url":"https:\/\/www.shalom.it\/europa\/francoforte-membri-della-comunita-ebraica-aggrediti-durante-una-veglia-per-gli-ostaggi\/","og_site_name":"Shalom","article_published_time":"2025-08-24T22:02:30+00:00","og_image":[{"width":992,"height":558,"url":"https:\/\/www.shalom.it\/wp-content\/uploads\/2025\/08\/aggressione-franoforte.jpeg","type":"image\/jpeg"}],"author":"Luca Spizzichino","twitter_card":"summary_large_image","twitter_misc":{"Scritto da":"Luca Spizzichino","Tempo di lettura stimato":"2 minuti"},"schema":{"@context":"https:\/\/schema.org","@graph":[{"@type":"Article","@id":"https:\/\/www.shalom.it\/europa\/francoforte-membri-della-comunita-ebraica-aggrediti-durante-una-veglia-per-gli-ostaggi\/#article","isPartOf":{"@id":"https:\/\/www.shalom.it\/europa\/francoforte-membri-della-comunita-ebraica-aggrediti-durante-una-veglia-per-gli-ostaggi\/"},"author":{"name":"Luca Spizzichino","@id":"https:\/\/www.shalom.it\/#\/schema\/person\/f483c6444fb990af899bfa711bf01ac8"},"headline":"Francoforte, membri della comunit\u00e0 ebraica aggrediti durante una veglia per gli ostaggi","datePublished":"2025-08-24T22:02:30+00:00","mainEntityOfPage":{"@id":"https:\/\/www.shalom.it\/europa\/francoforte-membri-della-comunita-ebraica-aggrediti-durante-una-veglia-per-gli-ostaggi\/"},"wordCount":306,"image":{"@id":"https:\/\/www.shalom.it\/europa\/francoforte-membri-della-comunita-ebraica-aggrediti-durante-una-veglia-per-gli-ostaggi\/#primaryimage"},"thumbnailUrl":"https:\/\/www.shalom.it\/wp-content\/uploads\/2025\/08\/aggressione-franoforte.jpeg","articleSection":["EUROPA"],"inLanguage":"it-IT"},{"@type":"WebPage","@id":"https:\/\/www.shalom.it\/europa\/francoforte-membri-della-comunita-ebraica-aggrediti-durante-una-veglia-per-gli-ostaggi\/","url":"https:\/\/www.shalom.it\/europa\/francoforte-membri-della-comunita-ebraica-aggrediti-durante-una-veglia-per-gli-ostaggi\/","name":"Francoforte, membri della comunit\u00e0 ebraica aggrediti durante una veglia per gli ostaggi - Shalom","isPartOf":{"@id":"https:\/\/www.shalom.it\/#website"},"primaryImageOfPage":{"@id":"https:\/\/www.shalom.it\/europa\/francoforte-membri-della-comunita-ebraica-aggrediti-durante-una-veglia-per-gli-ostaggi\/#primaryimage"},"image":{"@id":"https:\/\/www.shalom.it\/europa\/francoforte-membri-della-comunita-ebraica-aggrediti-durante-una-veglia-per-gli-ostaggi\/#primaryimage"},"thumbnailUrl":"https:\/\/www.shalom.it\/wp-content\/uploads\/2025\/08\/aggressione-franoforte.jpeg","datePublished":"2025-08-24T22:02:30+00:00","author":{"@id":"https:\/\/www.shalom.it\/#\/schema\/person\/f483c6444fb990af899bfa711bf01ac8"},"breadcrumb":{"@id":"https:\/\/www.shalom.it\/europa\/francoforte-membri-della-comunita-ebraica-aggrediti-durante-una-veglia-per-gli-ostaggi\/#breadcrumb"},"inLanguage":"it-IT","potentialAction":[{"@type":"ReadAction","target":["https:\/\/www.shalom.it\/europa\/francoforte-membri-della-comunita-ebraica-aggrediti-durante-una-veglia-per-gli-ostaggi\/"]}]},{"@type":"ImageObject","inLanguage":"it-IT","@id":"https:\/\/www.shalom.it\/europa\/francoforte-membri-della-comunita-ebraica-aggrediti-durante-una-veglia-per-gli-ostaggi\/#primaryimage","url":"https:\/\/www.shalom.it\/wp-content\/uploads\/2025\/08\/aggressione-franoforte.jpeg","contentUrl":"https:\/\/www.shalom.it\/wp-content\/uploads\/2025\/08\/aggressione-franoforte.jpeg","width":992,"height":558},{"@type":"BreadcrumbList","@id":"https:\/\/www.shalom.it\/europa\/francoforte-membri-della-comunita-ebraica-aggrediti-durante-una-veglia-per-gli-ostaggi\/#breadcrumb","itemListElement":[{"@type":"ListItem","position":1,"name":"Home","item":"https:\/\/www.shalom.it\/"},{"@type":"ListItem","position":2,"name":"Francoforte, membri della comunit\u00e0 ebraica aggrediti durante una veglia per gli ostaggi"}]},{"@type":"WebSite","@id":"https:\/\/www.shalom.it\/#website","url":"https:\/\/www.shalom.it\/","name":"Shalom","description":"Il Magazine della comunit\u00e0 ebraica di Roma","potentialAction":[{"@type":"SearchAction","target":{"@type":"EntryPoint","urlTemplate":"https:\/\/www.shalom.it\/?s={search_term_string}"},"query-input":{"@type":"PropertyValueSpecification","valueRequired":true,"valueName":"search_term_string"}}],"inLanguage":"it-IT"},{"@type":"Person","@id":"https:\/\/www.shalom.it\/#\/schema\/person\/f483c6444fb990af899bfa711bf01ac8","name":"Luca Spizzichino","url":"https:\/\/www.shalom.it\/author\/lucaspizzichino\/"}]}},"jetpack_featured_media_url":"https:\/\/www.shalom.it\/wp-content\/uploads\/2025\/08\/aggressione-franoforte.jpeg","jetpack_sharing_enabled":true,"_links":{"self":[{"href":"https:\/\/www.shalom.it\/wp-json\/wp\/v2\/posts\/116727","targetHints":{"allow":["GET"]}}],"collection":[{"href":"https:\/\/www.shalom.it\/wp-json\/wp\/v2\/posts"}],"about":[{"href":"https:\/\/www.shalom.it\/wp-json\/wp\/v2\/types\/post"}],"author":[{"embeddable":true,"href":"https:\/\/www.shalom.it\/wp-json\/wp\/v2\/users\/27"}],"replies":[{"embeddable":true,"href":"https:\/\/www.shalom.it\/wp-json\/wp\/v2\/comments?post=116727"}],"version-history":[{"count":1,"href":"https:\/\/www.shalom.it\/wp-json\/wp\/v2\/posts\/116727\/revisions"}],"predecessor-version":[{"id":116729,"href":"https:\/\/www.shalom.it\/wp-json\/wp\/v2\/posts\/116727\/revisions\/116729"}],"wp:featuredmedia":[{"embeddable":true,"href":"https:\/\/www.shalom.it\/wp-json\/wp\/v2\/media\/116728"}],"wp:attachment":[{"href":"https:\/\/www.shalom.it\/wp-json\/wp\/v2\/media?parent=116727"}],"wp:term":[{"taxonomy":"category","embeddable":true,"href":"https:\/\/www.shalom.it\/wp-json\/wp\/v2\/categories?post=116727"},{"taxonomy":"post_tag","embeddable":true,"href":"https:\/\/www.shalom.it\/wp-json\/wp\/v2\/tags?post=116727"}],"curies":[{"name":"wp","href":"https:\/\/api.w.org\/{rel}","templated":true}]}}