{"id":116722,"date":"2025-08-25T00:01:10","date_gmt":"2025-08-24T22:01:10","guid":{"rendered":"https:\/\/www.shalom.it\/?p=116722"},"modified":"2025-08-25T10:35:28","modified_gmt":"2025-08-25T08:35:28","slug":"la-grande-amarezza-a-venezia","status":"publish","type":"post","link":"https:\/\/www.shalom.it\/italia\/la-grande-amarezza-a-venezia\/","title":{"rendered":"La grande amarezza a Venezia: quel cinema che si consegna ai pro pal"},"content":{"rendered":"<p>Si, c\u2019\u00e8 da aver paura, molta paura quando un bel pezzo del mondo del cinema firma un appello sconnesso, contraddittorio e grondante sangue, come questo \u201cVenice for Palestine\u201d in occasione della 82\u00b0 edizione della Mostra del Cinema di Venezia.<br \/>\nPaura perch\u00e9 tanta brava gente del cinema, sicuramente mossa da buoni sentimenti e propositi pacifisti, si \u00e8 lasciata trascinare in una macchina dell\u2019odio, e del fango, senza battere ciglio. Voglio pensare, e questo non \u00e8 bene, che i pi\u00f9 non abbiano letto ci\u00f2 che hanno firmato. Che gli hanno proposto un \u201cappello per Gaza\u201d e tutti a dire: s\u00ec, certo!<\/p>\n<p>E allora, intanto questo \u00e8 un appello che incita il venir meno proprio della funzione del cinema, che sarebbe il core business della Mostra di Venezia. \u00c8 attraverso le immagini e le sceneggiature infatti che il cinema dovrebbe parlare: occhio sul mondo e sulle diverse realt\u00e0, strumento di denuncia e resistenza, di conoscenza e informazione, di parola e pensiero.<\/p>\n<p>Accade invece che la campagna V4P (roba professionale eh, studiata da mesi, mica improvvisazione emotiva!) da un lato sostenga : \u201c<em>La Biennale e la Mostra Internazionale d\u2019Arte Cinematografica dovrebbero celebrare la potenza dell\u2019arte come mezzo di trasformazione, di testimonianza, di rappresentazione dell\u2019umano e di sviluppo della coscienza critica. Ed \u00e8 proprio questo a renderla uno straordinario mezzo di riflessione, di partecipazione attiva e di resistenza.<\/em>\u201d<br \/>\nE, in contemporanea invita : \u201c<em>chi lavora nel cinema a immaginare, coordinare e realizzare insieme, durante la Mostra, azioni che diano risonanza al dissenso verso le politiche governative filosioniste: un dissenso espresso nel segno della creativit\u00e0, grazie alle nostre capacit\u00e0 artistiche, comunicative e organizzative<\/em>\u201d.<\/p>\n<p>Non basta dunque la potenza dell\u2019arte. Ci vuole lo squadernamento dell\u2019odio, degli occhi iniettati di sangue, delle bandiere pro-pal sguainate per minacciare emarginare e censurare gli artisti israeliani. Gal Gadot e Gerard Butler sono solo i primi a finire nel mirino dei guardiani del cinema di regime, con la richiesta di esclusione dalla mostra.<br \/>\nUrleranno che non tutti i palestinesi sono con Hamas, al contrario tutti gli artisti israeliani (bambini compresi) sono complici del presunto genocidio.<br \/>\nCome avrebbe detto Orwel alcune manifestazioni artistiche sono universali ma altre sono meno universali. Potenza del totalitarismo del pensiero.<\/p>\n<p>Lo sanno le tante brave persone del cinema che hanno firmato per una grafica che disegna Israele, col sangue? Che lo cancella dalla mappa del Medioriente? Non una legittima critica politica (d\u2019accordo o no) ma la rappresentazione di un popolo intero (bambini compresi ovviamente) con le mani sporche di sangue?<br \/>\nLo sanno di aver firmato per un falso storico e per di pi\u00f9 negazionista?<br \/>\nPer queste parole: \u201c<em>che non venga mai meno la voce della verit\u00e0\u2026\u2026\u2026sul colonialismo e su tutti i crimini contro l\u2019umanit\u00e0 commessi da Israele per decenni e non solo dal 7 ottobre<\/em>.\u201d<br \/>\nParole che, proprio in sintesi, negano la legittimit\u00e0 dello Stato di Israele (Non rifacciamo la storia che Israele \u00e8 dal 48 che viene attaccata e vive stabilmente sotto una pioggia di missili ecc.. ecc.. tanto \u00e8 proprio questo che negano inventandosi decenni di crimini).<br \/>\nParole che, sempre in sintesi, non citandolo, negano l\u2019orrore del 7 ottobre anzi, peggio, quasi lo giustificano\u2026<\/p>\n<p>Parole che raccontano un Paese come la summa di tutte le negativit\u00e0 del mondo. Un Paese da odiare. Da cancellare. A cui \u00e8 negato il diritto a difendersi. Il diritto alla verit\u00e0, a contrastare le narrazioni menzognere. Che deve abbassare il capo davanti alle aggressioni. Che diventa esso stesso responsabile dei vomitevoli fenomeni di antisemitismo a cui stiamo assistendo. Parole che sanno tanto di venir fuori dal repertorio dei fiancheggiatori di Hamas.<\/p>\n<p>Parole che, probabilmente, la brava gente del cinema non ha letto o non ha approfondito prima di firmare (almeno crediamo). Ed \u00e8 questo che ci spaventa: come l\u2019odio cieco e incondizionato venga spesso alimentato da chi ha troppo timore o troppa pigrizia per guardare oltre il main stream e sventare l\u2019ipnosi della propaganda.<br \/>\nMagari ha anche buone intenzioni ma, come diceva un guru di certo pensiero come Karl Marx, \u201c\u00e8 proprio di buone intenzioni che \u00e8 lastricata la strada per l\u2019inferno\u201d.<\/p>\n","protected":false},"excerpt":{"rendered":"<p>Si, c\u2019\u00e8 da aver paura, molta paura quando un bel pezzo del mondo del cinema firma un appello sconnesso, contraddittorio e grondante sangue, come questo \u201cVenice for Palestine\u201d in occasione della 82\u00b0 edizione della Mostra del Cinema di Venezia. Paura perch\u00e9 tanta brava gente del cinema, sicuramente mossa da buoni sentimenti e propositi pacifisti, si [&hellip;]<\/p>\n","protected":false},"author":37,"featured_media":116725,"comment_status":"closed","ping_status":"closed","sticky":false,"template":"","format":"standard","meta":{"_acf_changed":false,"_jetpack_memberships_contains_paid_content":false,"footnotes":""},"categories":[3],"tags":[],"class_list":["post-116722","post","type-post","status-publish","format-standard","has-post-thumbnail","hentry","category-italia"],"acf":[],"yoast_head":"<!-- This site is optimized with the Yoast SEO plugin v26.9 - https:\/\/yoast.com\/product\/yoast-seo-wordpress\/ -->\n<title>La grande amarezza a Venezia: quel cinema che si consegna ai pro pal - Shalom<\/title>\n<meta name=\"robots\" content=\"index, follow, max-snippet:-1, max-image-preview:large, max-video-preview:-1\" \/>\n<link rel=\"canonical\" href=\"https:\/\/www.shalom.it\/italia\/la-grande-amarezza-a-venezia\/\" \/>\n<meta property=\"og:locale\" content=\"it_IT\" \/>\n<meta property=\"og:type\" content=\"article\" \/>\n<meta property=\"og:title\" content=\"La grande amarezza a Venezia: quel cinema che si consegna ai pro pal - Shalom\" \/>\n<meta property=\"og:description\" content=\"Si, c\u2019\u00e8 da aver paura, molta paura quando un bel pezzo del mondo del cinema firma un appello sconnesso, contraddittorio e grondante sangue, come questo \u201cVenice for Palestine\u201d in occasione della 82\u00b0 edizione della Mostra del Cinema di Venezia. Paura perch\u00e9 tanta brava gente del cinema, sicuramente mossa da buoni sentimenti e propositi pacifisti, si [&hellip;]\" \/>\n<meta property=\"og:url\" content=\"https:\/\/www.shalom.it\/italia\/la-grande-amarezza-a-venezia\/\" \/>\n<meta property=\"og:site_name\" content=\"Shalom\" \/>\n<meta property=\"article:published_time\" content=\"2025-08-24T22:01:10+00:00\" \/>\n<meta property=\"article:modified_time\" content=\"2025-08-25T08:35:28+00:00\" \/>\n<meta property=\"og:image\" content=\"https:\/\/www.shalom.it\/wp-content\/uploads\/2025\/08\/venice.jpg\" \/>\n\t<meta property=\"og:image:width\" content=\"1920\" \/>\n\t<meta property=\"og:image:height\" content=\"1080\" \/>\n\t<meta property=\"og:image:type\" content=\"image\/jpeg\" \/>\n<meta name=\"author\" content=\"Donato Moscati\" \/>\n<meta name=\"twitter:card\" content=\"summary_large_image\" \/>\n<meta name=\"twitter:label1\" content=\"Scritto da\" \/>\n\t<meta name=\"twitter:data1\" content=\"Donato Moscati\" \/>\n\t<meta name=\"twitter:label2\" content=\"Tempo di lettura stimato\" \/>\n\t<meta name=\"twitter:data2\" content=\"4 minuti\" \/>\n<script type=\"application\/ld+json\" class=\"yoast-schema-graph\">{\"@context\":\"https:\/\/schema.org\",\"@graph\":[{\"@type\":\"Article\",\"@id\":\"https:\/\/www.shalom.it\/italia\/la-grande-amarezza-a-venezia\/#article\",\"isPartOf\":{\"@id\":\"https:\/\/www.shalom.it\/italia\/la-grande-amarezza-a-venezia\/\"},\"author\":{\"name\":\"Donato Moscati\",\"@id\":\"https:\/\/www.shalom.it\/#\/schema\/person\/13ae4cec9003e7d1f15e729be3eda88f\"},\"headline\":\"La grande amarezza a Venezia: quel cinema che si consegna ai pro pal\",\"datePublished\":\"2025-08-24T22:01:10+00:00\",\"dateModified\":\"2025-08-25T08:35:28+00:00\",\"mainEntityOfPage\":{\"@id\":\"https:\/\/www.shalom.it\/italia\/la-grande-amarezza-a-venezia\/\"},\"wordCount\":681,\"image\":{\"@id\":\"https:\/\/www.shalom.it\/italia\/la-grande-amarezza-a-venezia\/#primaryimage\"},\"thumbnailUrl\":\"https:\/\/www.shalom.it\/wp-content\/uploads\/2025\/08\/venice.jpg\",\"articleSection\":[\"ITALIA\"],\"inLanguage\":\"it-IT\"},{\"@type\":\"WebPage\",\"@id\":\"https:\/\/www.shalom.it\/italia\/la-grande-amarezza-a-venezia\/\",\"url\":\"https:\/\/www.shalom.it\/italia\/la-grande-amarezza-a-venezia\/\",\"name\":\"La grande amarezza a Venezia: quel cinema che si consegna ai pro pal - Shalom\",\"isPartOf\":{\"@id\":\"https:\/\/www.shalom.it\/#website\"},\"primaryImageOfPage\":{\"@id\":\"https:\/\/www.shalom.it\/italia\/la-grande-amarezza-a-venezia\/#primaryimage\"},\"image\":{\"@id\":\"https:\/\/www.shalom.it\/italia\/la-grande-amarezza-a-venezia\/#primaryimage\"},\"thumbnailUrl\":\"https:\/\/www.shalom.it\/wp-content\/uploads\/2025\/08\/venice.jpg\",\"datePublished\":\"2025-08-24T22:01:10+00:00\",\"dateModified\":\"2025-08-25T08:35:28+00:00\",\"author\":{\"@id\":\"https:\/\/www.shalom.it\/#\/schema\/person\/13ae4cec9003e7d1f15e729be3eda88f\"},\"breadcrumb\":{\"@id\":\"https:\/\/www.shalom.it\/italia\/la-grande-amarezza-a-venezia\/#breadcrumb\"},\"inLanguage\":\"it-IT\",\"potentialAction\":[{\"@type\":\"ReadAction\",\"target\":[\"https:\/\/www.shalom.it\/italia\/la-grande-amarezza-a-venezia\/\"]}]},{\"@type\":\"ImageObject\",\"inLanguage\":\"it-IT\",\"@id\":\"https:\/\/www.shalom.it\/italia\/la-grande-amarezza-a-venezia\/#primaryimage\",\"url\":\"https:\/\/www.shalom.it\/wp-content\/uploads\/2025\/08\/venice.jpg\",\"contentUrl\":\"https:\/\/www.shalom.it\/wp-content\/uploads\/2025\/08\/venice.jpg\",\"width\":1920,\"height\":1080},{\"@type\":\"BreadcrumbList\",\"@id\":\"https:\/\/www.shalom.it\/italia\/la-grande-amarezza-a-venezia\/#breadcrumb\",\"itemListElement\":[{\"@type\":\"ListItem\",\"position\":1,\"name\":\"Home\",\"item\":\"https:\/\/www.shalom.it\/\"},{\"@type\":\"ListItem\",\"position\":2,\"name\":\"La grande amarezza a Venezia: quel cinema che si consegna ai pro pal\"}]},{\"@type\":\"WebSite\",\"@id\":\"https:\/\/www.shalom.it\/#website\",\"url\":\"https:\/\/www.shalom.it\/\",\"name\":\"Shalom\",\"description\":\"Il Magazine della comunit\u00e0 ebraica di Roma\",\"potentialAction\":[{\"@type\":\"SearchAction\",\"target\":{\"@type\":\"EntryPoint\",\"urlTemplate\":\"https:\/\/www.shalom.it\/?s={search_term_string}\"},\"query-input\":{\"@type\":\"PropertyValueSpecification\",\"valueRequired\":true,\"valueName\":\"search_term_string\"}}],\"inLanguage\":\"it-IT\"},{\"@type\":\"Person\",\"@id\":\"https:\/\/www.shalom.it\/#\/schema\/person\/13ae4cec9003e7d1f15e729be3eda88f\",\"name\":\"Donato Moscati\",\"url\":\"https:\/\/www.shalom.it\/author\/mdonato\/\"}]}<\/script>\n<!-- \/ Yoast SEO plugin. -->","yoast_head_json":{"title":"La grande amarezza a Venezia: quel cinema che si consegna ai pro pal - Shalom","robots":{"index":"index","follow":"follow","max-snippet":"max-snippet:-1","max-image-preview":"max-image-preview:large","max-video-preview":"max-video-preview:-1"},"canonical":"https:\/\/www.shalom.it\/italia\/la-grande-amarezza-a-venezia\/","og_locale":"it_IT","og_type":"article","og_title":"La grande amarezza a Venezia: quel cinema che si consegna ai pro pal - Shalom","og_description":"Si, c\u2019\u00e8 da aver paura, molta paura quando un bel pezzo del mondo del cinema firma un appello sconnesso, contraddittorio e grondante sangue, come questo \u201cVenice for Palestine\u201d in occasione della 82\u00b0 edizione della Mostra del Cinema di Venezia. Paura perch\u00e9 tanta brava gente del cinema, sicuramente mossa da buoni sentimenti e propositi pacifisti, si [&hellip;]","og_url":"https:\/\/www.shalom.it\/italia\/la-grande-amarezza-a-venezia\/","og_site_name":"Shalom","article_published_time":"2025-08-24T22:01:10+00:00","article_modified_time":"2025-08-25T08:35:28+00:00","og_image":[{"width":1920,"height":1080,"url":"https:\/\/www.shalom.it\/wp-content\/uploads\/2025\/08\/venice.jpg","type":"image\/jpeg"}],"author":"Donato Moscati","twitter_card":"summary_large_image","twitter_misc":{"Scritto da":"Donato Moscati","Tempo di lettura stimato":"4 minuti"},"schema":{"@context":"https:\/\/schema.org","@graph":[{"@type":"Article","@id":"https:\/\/www.shalom.it\/italia\/la-grande-amarezza-a-venezia\/#article","isPartOf":{"@id":"https:\/\/www.shalom.it\/italia\/la-grande-amarezza-a-venezia\/"},"author":{"name":"Donato Moscati","@id":"https:\/\/www.shalom.it\/#\/schema\/person\/13ae4cec9003e7d1f15e729be3eda88f"},"headline":"La grande amarezza a Venezia: quel cinema che si consegna ai pro pal","datePublished":"2025-08-24T22:01:10+00:00","dateModified":"2025-08-25T08:35:28+00:00","mainEntityOfPage":{"@id":"https:\/\/www.shalom.it\/italia\/la-grande-amarezza-a-venezia\/"},"wordCount":681,"image":{"@id":"https:\/\/www.shalom.it\/italia\/la-grande-amarezza-a-venezia\/#primaryimage"},"thumbnailUrl":"https:\/\/www.shalom.it\/wp-content\/uploads\/2025\/08\/venice.jpg","articleSection":["ITALIA"],"inLanguage":"it-IT"},{"@type":"WebPage","@id":"https:\/\/www.shalom.it\/italia\/la-grande-amarezza-a-venezia\/","url":"https:\/\/www.shalom.it\/italia\/la-grande-amarezza-a-venezia\/","name":"La grande amarezza a Venezia: quel cinema che si consegna ai pro pal - Shalom","isPartOf":{"@id":"https:\/\/www.shalom.it\/#website"},"primaryImageOfPage":{"@id":"https:\/\/www.shalom.it\/italia\/la-grande-amarezza-a-venezia\/#primaryimage"},"image":{"@id":"https:\/\/www.shalom.it\/italia\/la-grande-amarezza-a-venezia\/#primaryimage"},"thumbnailUrl":"https:\/\/www.shalom.it\/wp-content\/uploads\/2025\/08\/venice.jpg","datePublished":"2025-08-24T22:01:10+00:00","dateModified":"2025-08-25T08:35:28+00:00","author":{"@id":"https:\/\/www.shalom.it\/#\/schema\/person\/13ae4cec9003e7d1f15e729be3eda88f"},"breadcrumb":{"@id":"https:\/\/www.shalom.it\/italia\/la-grande-amarezza-a-venezia\/#breadcrumb"},"inLanguage":"it-IT","potentialAction":[{"@type":"ReadAction","target":["https:\/\/www.shalom.it\/italia\/la-grande-amarezza-a-venezia\/"]}]},{"@type":"ImageObject","inLanguage":"it-IT","@id":"https:\/\/www.shalom.it\/italia\/la-grande-amarezza-a-venezia\/#primaryimage","url":"https:\/\/www.shalom.it\/wp-content\/uploads\/2025\/08\/venice.jpg","contentUrl":"https:\/\/www.shalom.it\/wp-content\/uploads\/2025\/08\/venice.jpg","width":1920,"height":1080},{"@type":"BreadcrumbList","@id":"https:\/\/www.shalom.it\/italia\/la-grande-amarezza-a-venezia\/#breadcrumb","itemListElement":[{"@type":"ListItem","position":1,"name":"Home","item":"https:\/\/www.shalom.it\/"},{"@type":"ListItem","position":2,"name":"La grande amarezza a Venezia: quel cinema che si consegna ai pro pal"}]},{"@type":"WebSite","@id":"https:\/\/www.shalom.it\/#website","url":"https:\/\/www.shalom.it\/","name":"Shalom","description":"Il Magazine della comunit\u00e0 ebraica di Roma","potentialAction":[{"@type":"SearchAction","target":{"@type":"EntryPoint","urlTemplate":"https:\/\/www.shalom.it\/?s={search_term_string}"},"query-input":{"@type":"PropertyValueSpecification","valueRequired":true,"valueName":"search_term_string"}}],"inLanguage":"it-IT"},{"@type":"Person","@id":"https:\/\/www.shalom.it\/#\/schema\/person\/13ae4cec9003e7d1f15e729be3eda88f","name":"Donato Moscati","url":"https:\/\/www.shalom.it\/author\/mdonato\/"}]}},"jetpack_featured_media_url":"https:\/\/www.shalom.it\/wp-content\/uploads\/2025\/08\/venice.jpg","jetpack_sharing_enabled":true,"_links":{"self":[{"href":"https:\/\/www.shalom.it\/wp-json\/wp\/v2\/posts\/116722","targetHints":{"allow":["GET"]}}],"collection":[{"href":"https:\/\/www.shalom.it\/wp-json\/wp\/v2\/posts"}],"about":[{"href":"https:\/\/www.shalom.it\/wp-json\/wp\/v2\/types\/post"}],"author":[{"embeddable":true,"href":"https:\/\/www.shalom.it\/wp-json\/wp\/v2\/users\/37"}],"replies":[{"embeddable":true,"href":"https:\/\/www.shalom.it\/wp-json\/wp\/v2\/comments?post=116722"}],"version-history":[{"count":3,"href":"https:\/\/www.shalom.it\/wp-json\/wp\/v2\/posts\/116722\/revisions"}],"predecessor-version":[{"id":116777,"href":"https:\/\/www.shalom.it\/wp-json\/wp\/v2\/posts\/116722\/revisions\/116777"}],"wp:featuredmedia":[{"embeddable":true,"href":"https:\/\/www.shalom.it\/wp-json\/wp\/v2\/media\/116725"}],"wp:attachment":[{"href":"https:\/\/www.shalom.it\/wp-json\/wp\/v2\/media?parent=116722"}],"wp:term":[{"taxonomy":"category","embeddable":true,"href":"https:\/\/www.shalom.it\/wp-json\/wp\/v2\/categories?post=116722"},{"taxonomy":"post_tag","embeddable":true,"href":"https:\/\/www.shalom.it\/wp-json\/wp\/v2\/tags?post=116722"}],"curies":[{"name":"wp","href":"https:\/\/api.w.org\/{rel}","templated":true}]}}