{"id":103034,"date":"2025-05-01T22:05:00","date_gmt":"2025-05-01T20:05:00","guid":{"rendered":"https:\/\/www.shalom.it\/?p=103034"},"modified":"2025-05-01T22:05:00","modified_gmt":"2025-05-01T20:05:00","slug":"concerto-del-primo-maggio-fadlun-sullesibizione-propal-dei-patagarri-show-ignobile-un-messaggio-di-odio-e-violenza","status":"publish","type":"post","link":"https:\/\/www.shalom.it\/italia\/concerto-del-primo-maggio-fadlun-sullesibizione-propal-dei-patagarri-show-ignobile-un-messaggio-di-odio-e-violenza\/","title":{"rendered":"Concerto del Primo Maggio: Fadlun sull\u2019esibizione propal dei Patagarri: \u201cShow ignobile. Un messaggio di odio e violenza\u201d"},"content":{"rendered":"<p>\u201cAppropriarsi della nostra cultura, delle melodie a noi pi\u00f9 care, per invocarne la distruzione \u00e8 un gesto ignobile\u201d. Cos\u00ec Victor Fadlun, presidente della Comunit\u00e0 Ebraica di Roma, ha commentato l\u2019esibizione della band milanese Patagarri sul palco del Concerto del Primo Maggio, in piazza San Giovanni. Durante lo spettacolo, trasmesso in diretta su Rai 3 e davanti a decine di migliaia di spettatori, il gruppo ha reinterpretato, distorcendola, la celebre melodia ebraica Hava Nagila, trasformandola in un brano a sfondo propal, culminato con il grido \u201cFree Palestine, Palestina libera!\u201d.<\/p>\n<p>L\u2019esibizione ha immediatamente provocato l\u2019indignazione della Comunit\u00e0 Ebraica di Roma. In una nota, Fadlun ha definito la performance di Patagarri uno \u201cspettacolo indegno\u201d, definendo \u201csinistra e macabra\u201d la scelta di appropriarsi e strumentalizzare un simbolo del patrimonio culturale ebraico. \u201cHava Nagila \u00e8 un inno alla vita e alla speranza. Sentirla trasformata in un messaggio d\u2019odio \u00e8 una violenza per la nostra comunit\u00e0\u201d, ha dichiarato Fadlun, aggiungendo: \u201cC&#8217;\u00e8 qualcosa di profondamente inquietante nell\u2019esibizione dei Patagarri. I nostri peggiori persecutori nella storia sono sempre stati coloro che hanno manipolato la nostra cultura per rivoltarcela contro. \u00c8 ci\u00f2 che ha fatto Hamas con i nostri bambini, consapevole di colpire nel cuore ci\u00f2 che per noi \u00e8 sacro: la speranza\u201d.<\/p>\n<p>\u201cAscoltare una nostra canzone dal palco del Primo Maggio, in diretta televisiva, culminare nello slogan \u2018Palestina Libera\u2019 \u00e8 un insulto e una violenza inaccettabile\u201d, ha proseguito.<\/p>\n<p>Il presidente ha concluso sottolineando l\u2019amarezza per l\u2019accaduto in una manifestazione dedicata alla celebrazione del lavoro: \u201cMai ci saremmo aspettati un simile episodio durante un concerto che dovrebbe unire. Penso al Nova Music Festival, trasformato dai terroristi palestinesi in un massacro ancora aperto, con 59 ostaggi israeliani ancora detenuti a Gaza. Di fronte a queste provocazioni, sentiamo restringersi lo spazio delle nostre libert\u00e0. Ma non siamo solo noi ebrei a perdere in libert\u00e0: \u00e8 l\u2019intera societ\u00e0 civile\u201d.<\/p>\n<p>Al momento, n\u00e9 la Rai n\u00e9 le sigle sindacali organizzatrici dell\u2019evento \u2013 CGIL, CISL e UIL \u2013 hanno rilasciato commenti sull&#8217;accaduto.<\/p>\n","protected":false},"excerpt":{"rendered":"<p>\u201cAppropriarsi della nostra cultura, delle melodie a noi pi\u00f9 care, per invocarne la distruzione \u00e8 un gesto ignobile\u201d. Cos\u00ec Victor Fadlun, presidente della Comunit\u00e0 Ebraica di Roma, ha commentato l\u2019esibizione della band milanese Patagarri sul palco del Concerto del Primo Maggio, in piazza San Giovanni. Durante lo spettacolo, trasmesso in diretta su Rai 3 e [&hellip;]<\/p>\n","protected":false},"author":27,"featured_media":103035,"comment_status":"closed","ping_status":"closed","sticky":false,"template":"","format":"standard","meta":{"_acf_changed":false,"_jetpack_memberships_contains_paid_content":false,"footnotes":""},"categories":[3],"tags":[],"class_list":["post-103034","post","type-post","status-publish","format-standard","has-post-thumbnail","hentry","category-italia"],"acf":[],"yoast_head":"<!-- This site is optimized with the Yoast SEO plugin v26.9 - https:\/\/yoast.com\/product\/yoast-seo-wordpress\/ -->\n<title>Concerto del Primo Maggio: Fadlun sull\u2019esibizione propal dei Patagarri: \u201cShow ignobile. Un messaggio di odio e violenza\u201d - Shalom<\/title>\n<meta name=\"robots\" content=\"index, follow, max-snippet:-1, max-image-preview:large, max-video-preview:-1\" \/>\n<link rel=\"canonical\" href=\"https:\/\/www.shalom.it\/italia\/concerto-del-primo-maggio-fadlun-sullesibizione-propal-dei-patagarri-show-ignobile-un-messaggio-di-odio-e-violenza\/\" \/>\n<meta property=\"og:locale\" content=\"it_IT\" \/>\n<meta property=\"og:type\" content=\"article\" \/>\n<meta property=\"og:title\" content=\"Concerto del Primo Maggio: Fadlun sull\u2019esibizione propal dei Patagarri: \u201cShow ignobile. Un messaggio di odio e violenza\u201d - Shalom\" \/>\n<meta property=\"og:description\" content=\"\u201cAppropriarsi della nostra cultura, delle melodie a noi pi\u00f9 care, per invocarne la distruzione \u00e8 un gesto ignobile\u201d. Cos\u00ec Victor Fadlun, presidente della Comunit\u00e0 Ebraica di Roma, ha commentato l\u2019esibizione della band milanese Patagarri sul palco del Concerto del Primo Maggio, in piazza San Giovanni. Durante lo spettacolo, trasmesso in diretta su Rai 3 e [&hellip;]\" \/>\n<meta property=\"og:url\" content=\"https:\/\/www.shalom.it\/italia\/concerto-del-primo-maggio-fadlun-sullesibizione-propal-dei-patagarri-show-ignobile-un-messaggio-di-odio-e-violenza\/\" \/>\n<meta property=\"og:site_name\" content=\"Shalom\" \/>\n<meta property=\"article:published_time\" content=\"2025-05-01T20:05:00+00:00\" \/>\n<meta property=\"og:image\" content=\"https:\/\/www.shalom.it\/wp-content\/uploads\/2025\/05\/fadlun-patagarri.jpg\" \/>\n\t<meta property=\"og:image:width\" content=\"1920\" \/>\n\t<meta property=\"og:image:height\" content=\"1080\" \/>\n\t<meta property=\"og:image:type\" content=\"image\/jpeg\" \/>\n<meta name=\"author\" content=\"Luca Spizzichino\" \/>\n<meta name=\"twitter:card\" content=\"summary_large_image\" \/>\n<meta name=\"twitter:label1\" content=\"Scritto da\" \/>\n\t<meta name=\"twitter:data1\" content=\"Luca Spizzichino\" \/>\n\t<meta name=\"twitter:label2\" content=\"Tempo di lettura stimato\" \/>\n\t<meta name=\"twitter:data2\" content=\"2 minuti\" \/>\n<script type=\"application\/ld+json\" class=\"yoast-schema-graph\">{\"@context\":\"https:\/\/schema.org\",\"@graph\":[{\"@type\":\"Article\",\"@id\":\"https:\/\/www.shalom.it\/italia\/concerto-del-primo-maggio-fadlun-sullesibizione-propal-dei-patagarri-show-ignobile-un-messaggio-di-odio-e-violenza\/#article\",\"isPartOf\":{\"@id\":\"https:\/\/www.shalom.it\/italia\/concerto-del-primo-maggio-fadlun-sullesibizione-propal-dei-patagarri-show-ignobile-un-messaggio-di-odio-e-violenza\/\"},\"author\":{\"name\":\"Luca Spizzichino\",\"@id\":\"https:\/\/www.shalom.it\/#\/schema\/person\/f483c6444fb990af899bfa711bf01ac8\"},\"headline\":\"Concerto del Primo Maggio: Fadlun sull\u2019esibizione propal dei Patagarri: \u201cShow ignobile. Un messaggio di odio e violenza\u201d\",\"datePublished\":\"2025-05-01T20:05:00+00:00\",\"mainEntityOfPage\":{\"@id\":\"https:\/\/www.shalom.it\/italia\/concerto-del-primo-maggio-fadlun-sullesibizione-propal-dei-patagarri-show-ignobile-un-messaggio-di-odio-e-violenza\/\"},\"wordCount\":345,\"image\":{\"@id\":\"https:\/\/www.shalom.it\/italia\/concerto-del-primo-maggio-fadlun-sullesibizione-propal-dei-patagarri-show-ignobile-un-messaggio-di-odio-e-violenza\/#primaryimage\"},\"thumbnailUrl\":\"https:\/\/www.shalom.it\/wp-content\/uploads\/2025\/05\/fadlun-patagarri.jpg\",\"articleSection\":[\"ITALIA\"],\"inLanguage\":\"it-IT\"},{\"@type\":\"WebPage\",\"@id\":\"https:\/\/www.shalom.it\/italia\/concerto-del-primo-maggio-fadlun-sullesibizione-propal-dei-patagarri-show-ignobile-un-messaggio-di-odio-e-violenza\/\",\"url\":\"https:\/\/www.shalom.it\/italia\/concerto-del-primo-maggio-fadlun-sullesibizione-propal-dei-patagarri-show-ignobile-un-messaggio-di-odio-e-violenza\/\",\"name\":\"Concerto del Primo Maggio: Fadlun sull\u2019esibizione propal dei Patagarri: \u201cShow ignobile. Un messaggio di odio e violenza\u201d - Shalom\",\"isPartOf\":{\"@id\":\"https:\/\/www.shalom.it\/#website\"},\"primaryImageOfPage\":{\"@id\":\"https:\/\/www.shalom.it\/italia\/concerto-del-primo-maggio-fadlun-sullesibizione-propal-dei-patagarri-show-ignobile-un-messaggio-di-odio-e-violenza\/#primaryimage\"},\"image\":{\"@id\":\"https:\/\/www.shalom.it\/italia\/concerto-del-primo-maggio-fadlun-sullesibizione-propal-dei-patagarri-show-ignobile-un-messaggio-di-odio-e-violenza\/#primaryimage\"},\"thumbnailUrl\":\"https:\/\/www.shalom.it\/wp-content\/uploads\/2025\/05\/fadlun-patagarri.jpg\",\"datePublished\":\"2025-05-01T20:05:00+00:00\",\"author\":{\"@id\":\"https:\/\/www.shalom.it\/#\/schema\/person\/f483c6444fb990af899bfa711bf01ac8\"},\"breadcrumb\":{\"@id\":\"https:\/\/www.shalom.it\/italia\/concerto-del-primo-maggio-fadlun-sullesibizione-propal-dei-patagarri-show-ignobile-un-messaggio-di-odio-e-violenza\/#breadcrumb\"},\"inLanguage\":\"it-IT\",\"potentialAction\":[{\"@type\":\"ReadAction\",\"target\":[\"https:\/\/www.shalom.it\/italia\/concerto-del-primo-maggio-fadlun-sullesibizione-propal-dei-patagarri-show-ignobile-un-messaggio-di-odio-e-violenza\/\"]}]},{\"@type\":\"ImageObject\",\"inLanguage\":\"it-IT\",\"@id\":\"https:\/\/www.shalom.it\/italia\/concerto-del-primo-maggio-fadlun-sullesibizione-propal-dei-patagarri-show-ignobile-un-messaggio-di-odio-e-violenza\/#primaryimage\",\"url\":\"https:\/\/www.shalom.it\/wp-content\/uploads\/2025\/05\/fadlun-patagarri.jpg\",\"contentUrl\":\"https:\/\/www.shalom.it\/wp-content\/uploads\/2025\/05\/fadlun-patagarri.jpg\",\"width\":1920,\"height\":1080},{\"@type\":\"BreadcrumbList\",\"@id\":\"https:\/\/www.shalom.it\/italia\/concerto-del-primo-maggio-fadlun-sullesibizione-propal-dei-patagarri-show-ignobile-un-messaggio-di-odio-e-violenza\/#breadcrumb\",\"itemListElement\":[{\"@type\":\"ListItem\",\"position\":1,\"name\":\"Home\",\"item\":\"https:\/\/www.shalom.it\/\"},{\"@type\":\"ListItem\",\"position\":2,\"name\":\"Concerto del Primo Maggio: Fadlun sull\u2019esibizione propal dei Patagarri: \u201cShow ignobile. Un messaggio di odio e violenza\u201d\"}]},{\"@type\":\"WebSite\",\"@id\":\"https:\/\/www.shalom.it\/#website\",\"url\":\"https:\/\/www.shalom.it\/\",\"name\":\"Shalom\",\"description\":\"Il Magazine della comunit\u00e0 ebraica di Roma\",\"potentialAction\":[{\"@type\":\"SearchAction\",\"target\":{\"@type\":\"EntryPoint\",\"urlTemplate\":\"https:\/\/www.shalom.it\/?s={search_term_string}\"},\"query-input\":{\"@type\":\"PropertyValueSpecification\",\"valueRequired\":true,\"valueName\":\"search_term_string\"}}],\"inLanguage\":\"it-IT\"},{\"@type\":\"Person\",\"@id\":\"https:\/\/www.shalom.it\/#\/schema\/person\/f483c6444fb990af899bfa711bf01ac8\",\"name\":\"Luca Spizzichino\",\"url\":\"https:\/\/www.shalom.it\/author\/lucaspizzichino\/\"}]}<\/script>\n<!-- \/ Yoast SEO plugin. -->","yoast_head_json":{"title":"Concerto del Primo Maggio: Fadlun sull\u2019esibizione propal dei Patagarri: \u201cShow ignobile. Un messaggio di odio e violenza\u201d - Shalom","robots":{"index":"index","follow":"follow","max-snippet":"max-snippet:-1","max-image-preview":"max-image-preview:large","max-video-preview":"max-video-preview:-1"},"canonical":"https:\/\/www.shalom.it\/italia\/concerto-del-primo-maggio-fadlun-sullesibizione-propal-dei-patagarri-show-ignobile-un-messaggio-di-odio-e-violenza\/","og_locale":"it_IT","og_type":"article","og_title":"Concerto del Primo Maggio: Fadlun sull\u2019esibizione propal dei Patagarri: \u201cShow ignobile. Un messaggio di odio e violenza\u201d - Shalom","og_description":"\u201cAppropriarsi della nostra cultura, delle melodie a noi pi\u00f9 care, per invocarne la distruzione \u00e8 un gesto ignobile\u201d. Cos\u00ec Victor Fadlun, presidente della Comunit\u00e0 Ebraica di Roma, ha commentato l\u2019esibizione della band milanese Patagarri sul palco del Concerto del Primo Maggio, in piazza San Giovanni. Durante lo spettacolo, trasmesso in diretta su Rai 3 e [&hellip;]","og_url":"https:\/\/www.shalom.it\/italia\/concerto-del-primo-maggio-fadlun-sullesibizione-propal-dei-patagarri-show-ignobile-un-messaggio-di-odio-e-violenza\/","og_site_name":"Shalom","article_published_time":"2025-05-01T20:05:00+00:00","og_image":[{"width":1920,"height":1080,"url":"https:\/\/www.shalom.it\/wp-content\/uploads\/2025\/05\/fadlun-patagarri.jpg","type":"image\/jpeg"}],"author":"Luca Spizzichino","twitter_card":"summary_large_image","twitter_misc":{"Scritto da":"Luca Spizzichino","Tempo di lettura stimato":"2 minuti"},"schema":{"@context":"https:\/\/schema.org","@graph":[{"@type":"Article","@id":"https:\/\/www.shalom.it\/italia\/concerto-del-primo-maggio-fadlun-sullesibizione-propal-dei-patagarri-show-ignobile-un-messaggio-di-odio-e-violenza\/#article","isPartOf":{"@id":"https:\/\/www.shalom.it\/italia\/concerto-del-primo-maggio-fadlun-sullesibizione-propal-dei-patagarri-show-ignobile-un-messaggio-di-odio-e-violenza\/"},"author":{"name":"Luca Spizzichino","@id":"https:\/\/www.shalom.it\/#\/schema\/person\/f483c6444fb990af899bfa711bf01ac8"},"headline":"Concerto del Primo Maggio: Fadlun sull\u2019esibizione propal dei Patagarri: \u201cShow ignobile. Un messaggio di odio e violenza\u201d","datePublished":"2025-05-01T20:05:00+00:00","mainEntityOfPage":{"@id":"https:\/\/www.shalom.it\/italia\/concerto-del-primo-maggio-fadlun-sullesibizione-propal-dei-patagarri-show-ignobile-un-messaggio-di-odio-e-violenza\/"},"wordCount":345,"image":{"@id":"https:\/\/www.shalom.it\/italia\/concerto-del-primo-maggio-fadlun-sullesibizione-propal-dei-patagarri-show-ignobile-un-messaggio-di-odio-e-violenza\/#primaryimage"},"thumbnailUrl":"https:\/\/www.shalom.it\/wp-content\/uploads\/2025\/05\/fadlun-patagarri.jpg","articleSection":["ITALIA"],"inLanguage":"it-IT"},{"@type":"WebPage","@id":"https:\/\/www.shalom.it\/italia\/concerto-del-primo-maggio-fadlun-sullesibizione-propal-dei-patagarri-show-ignobile-un-messaggio-di-odio-e-violenza\/","url":"https:\/\/www.shalom.it\/italia\/concerto-del-primo-maggio-fadlun-sullesibizione-propal-dei-patagarri-show-ignobile-un-messaggio-di-odio-e-violenza\/","name":"Concerto del Primo Maggio: Fadlun sull\u2019esibizione propal dei Patagarri: \u201cShow ignobile. Un messaggio di odio e violenza\u201d - Shalom","isPartOf":{"@id":"https:\/\/www.shalom.it\/#website"},"primaryImageOfPage":{"@id":"https:\/\/www.shalom.it\/italia\/concerto-del-primo-maggio-fadlun-sullesibizione-propal-dei-patagarri-show-ignobile-un-messaggio-di-odio-e-violenza\/#primaryimage"},"image":{"@id":"https:\/\/www.shalom.it\/italia\/concerto-del-primo-maggio-fadlun-sullesibizione-propal-dei-patagarri-show-ignobile-un-messaggio-di-odio-e-violenza\/#primaryimage"},"thumbnailUrl":"https:\/\/www.shalom.it\/wp-content\/uploads\/2025\/05\/fadlun-patagarri.jpg","datePublished":"2025-05-01T20:05:00+00:00","author":{"@id":"https:\/\/www.shalom.it\/#\/schema\/person\/f483c6444fb990af899bfa711bf01ac8"},"breadcrumb":{"@id":"https:\/\/www.shalom.it\/italia\/concerto-del-primo-maggio-fadlun-sullesibizione-propal-dei-patagarri-show-ignobile-un-messaggio-di-odio-e-violenza\/#breadcrumb"},"inLanguage":"it-IT","potentialAction":[{"@type":"ReadAction","target":["https:\/\/www.shalom.it\/italia\/concerto-del-primo-maggio-fadlun-sullesibizione-propal-dei-patagarri-show-ignobile-un-messaggio-di-odio-e-violenza\/"]}]},{"@type":"ImageObject","inLanguage":"it-IT","@id":"https:\/\/www.shalom.it\/italia\/concerto-del-primo-maggio-fadlun-sullesibizione-propal-dei-patagarri-show-ignobile-un-messaggio-di-odio-e-violenza\/#primaryimage","url":"https:\/\/www.shalom.it\/wp-content\/uploads\/2025\/05\/fadlun-patagarri.jpg","contentUrl":"https:\/\/www.shalom.it\/wp-content\/uploads\/2025\/05\/fadlun-patagarri.jpg","width":1920,"height":1080},{"@type":"BreadcrumbList","@id":"https:\/\/www.shalom.it\/italia\/concerto-del-primo-maggio-fadlun-sullesibizione-propal-dei-patagarri-show-ignobile-un-messaggio-di-odio-e-violenza\/#breadcrumb","itemListElement":[{"@type":"ListItem","position":1,"name":"Home","item":"https:\/\/www.shalom.it\/"},{"@type":"ListItem","position":2,"name":"Concerto del Primo Maggio: Fadlun sull\u2019esibizione propal dei Patagarri: \u201cShow ignobile. Un messaggio di odio e violenza\u201d"}]},{"@type":"WebSite","@id":"https:\/\/www.shalom.it\/#website","url":"https:\/\/www.shalom.it\/","name":"Shalom","description":"Il Magazine della comunit\u00e0 ebraica di Roma","potentialAction":[{"@type":"SearchAction","target":{"@type":"EntryPoint","urlTemplate":"https:\/\/www.shalom.it\/?s={search_term_string}"},"query-input":{"@type":"PropertyValueSpecification","valueRequired":true,"valueName":"search_term_string"}}],"inLanguage":"it-IT"},{"@type":"Person","@id":"https:\/\/www.shalom.it\/#\/schema\/person\/f483c6444fb990af899bfa711bf01ac8","name":"Luca Spizzichino","url":"https:\/\/www.shalom.it\/author\/lucaspizzichino\/"}]}},"jetpack_featured_media_url":"https:\/\/www.shalom.it\/wp-content\/uploads\/2025\/05\/fadlun-patagarri.jpg","jetpack_sharing_enabled":true,"_links":{"self":[{"href":"https:\/\/www.shalom.it\/wp-json\/wp\/v2\/posts\/103034","targetHints":{"allow":["GET"]}}],"collection":[{"href":"https:\/\/www.shalom.it\/wp-json\/wp\/v2\/posts"}],"about":[{"href":"https:\/\/www.shalom.it\/wp-json\/wp\/v2\/types\/post"}],"author":[{"embeddable":true,"href":"https:\/\/www.shalom.it\/wp-json\/wp\/v2\/users\/27"}],"replies":[{"embeddable":true,"href":"https:\/\/www.shalom.it\/wp-json\/wp\/v2\/comments?post=103034"}],"version-history":[{"count":1,"href":"https:\/\/www.shalom.it\/wp-json\/wp\/v2\/posts\/103034\/revisions"}],"predecessor-version":[{"id":103036,"href":"https:\/\/www.shalom.it\/wp-json\/wp\/v2\/posts\/103034\/revisions\/103036"}],"wp:featuredmedia":[{"embeddable":true,"href":"https:\/\/www.shalom.it\/wp-json\/wp\/v2\/media\/103035"}],"wp:attachment":[{"href":"https:\/\/www.shalom.it\/wp-json\/wp\/v2\/media?parent=103034"}],"wp:term":[{"taxonomy":"category","embeddable":true,"href":"https:\/\/www.shalom.it\/wp-json\/wp\/v2\/categories?post=103034"},{"taxonomy":"post_tag","embeddable":true,"href":"https:\/\/www.shalom.it\/wp-json\/wp\/v2\/tags?post=103034"}],"curies":[{"name":"wp","href":"https:\/\/api.w.org\/{rel}","templated":true}]}}