{"id":102763,"date":"2025-04-28T10:40:42","date_gmt":"2025-04-28T08:40:42","guid":{"rendered":"https:\/\/www.shalom.it\/?p=102763"},"modified":"2025-04-28T10:44:58","modified_gmt":"2025-04-28T08:44:58","slug":"muore-a-100-anni-mario-pollarolo-storico-esponente-della-comunita-ebraica-di-vercelli","status":"publish","type":"post","link":"https:\/\/www.shalom.it\/italia\/muore-a-100-anni-mario-pollarolo-storico-esponente-della-comunita-ebraica-di-vercelli\/","title":{"rendered":"Muore a 100 anni Mario Pollarolo, storico esponente della comunit\u00e0 ebraica di Vercelli"},"content":{"rendered":"<p>La comunit\u00e0 vercellese e tutta l\u2019Italia ebraica piangono la scomparsa di Mario Pollarolo, storico membro dell\u2019ebraismo del capoluogo piemontese.<br \/>\nNato nel 1925, Mario era figlio unico di Maria Sacerdote e Angelo Pollarolo. Proprio poche settimane fa, a met\u00e0 febbraio, aveva tagliato il traguardo dei cento anni. A dispetto dell\u2019et\u00e0 ha sempre avuto una grande lucidit\u00e0 e uno straordinario entusiasmo.<br \/>\nFrequent\u00f2 l&#8217;Asilo Levi e visse intensamente la vita comunitaria attorno alla grande Sinagoga ottocentesca. Di quegli anni serbava ricordi vivissimi, come il suo emozionato Bar Mitzv\u00e0, celebrato sotto le volte maestose di un Tempio che avrebbe sempre considerato casa.<br \/>\nL\u2019infanzia serena fu brutalmente interrotta dalle leggi razziali del 1938. Espulso da scuola, costretto a interrompere gli studi da geometra, Mario entr\u00f2 in fabbrica. Non si pieg\u00f2 mai: antifascista per istinto e convinzione, dopo l&#8217;8 settembre 1943 sfugg\u00ec alle persecuzioni, trovando rifugio tra le montagne della Val Varaita, dove lott\u00f2 come partigiano nelle fila di &#8220;Giustizia e Libert\u00e0&#8221;.<br \/>\nIl dopoguerra lo vide ricostruirsi la vita: lavoro in Svizzera, poi il ritorno ad Asigliano Vercellese, dedicandosi alle sue passioni \u2014 la fotografia, la pesca, la musica lirica \u2014 sempre con l&#8217;animo curioso e aperto del ragazzo che era stato. Negli ultimi anni, accanto alla presidente della Comunit\u00e0 Ebraica di Vercelli, Rossella Bottini Treves, Mario ha voluto tramandare le sue memorie, consapevole che raccontare significava mantenere vivo ci\u00f2 che era stato.<br \/>\nNon mancava mai alle commemorazioni, come nella Giornata della Memoria del 2021, quando, pur in piena pandemia e con il gelo dell\u2019inverno, inton\u00f2 davanti alla lapide dei deportati il \u201cShem\u00e0 Israel\u201d, incantando chi aveva avuto il privilegio di ascoltarlo.<br \/>\nAnche negli ultimi mesi aveva partecipato con entusiasmo al progetto \u201cOgni giorno \u00e8 Memoria\u201d, contribuendo a localizzare le pietre d&#8217;inciampo dedicate ai vercellesi vittime della Shoah. In occasione del suo centenario, la Claims Conference gli aveva riconosciuto il valore di una vita esemplare, segnata dalla resilienza e dall\u2019impegno a non dimenticare.<br \/>\nMario Pollarolo riposer\u00e0 nel cimitero ebraico di corso Randaccio. La sua ultima volont\u00e0, semplice e carica di significato, era che, invece dei fiori, si piantassero alberi in Israele. Un gesto che, come la sua vita, parla di radici profonde, di memoria, di futuro.<\/p>\n","protected":false},"excerpt":{"rendered":"<p>La comunit\u00e0 vercellese e tutta l\u2019Italia ebraica piangono la scomparsa di Mario Pollarolo, storico membro dell\u2019ebraismo del capoluogo piemontese. Nato nel 1925, Mario era figlio unico di Maria Sacerdote e Angelo Pollarolo. Proprio poche settimane fa, a met\u00e0 febbraio, aveva tagliato il traguardo dei cento anni. A dispetto dell\u2019et\u00e0 ha sempre avuto una grande lucidit\u00e0 [&hellip;]<\/p>\n","protected":false},"author":3,"featured_media":102764,"comment_status":"closed","ping_status":"closed","sticky":false,"template":"","format":"standard","meta":{"_acf_changed":false,"_jetpack_memberships_contains_paid_content":false,"footnotes":""},"categories":[3],"tags":[],"class_list":["post-102763","post","type-post","status-publish","format-standard","has-post-thumbnail","hentry","category-italia"],"acf":[],"yoast_head":"<!-- This site is optimized with the Yoast SEO plugin v26.9 - https:\/\/yoast.com\/product\/yoast-seo-wordpress\/ -->\n<title>Muore a 100 anni Mario Pollarolo, storico esponente della comunit\u00e0 ebraica di Vercelli - Shalom<\/title>\n<meta name=\"robots\" content=\"index, follow, max-snippet:-1, max-image-preview:large, max-video-preview:-1\" \/>\n<link rel=\"canonical\" href=\"https:\/\/www.shalom.it\/italia\/muore-a-100-anni-mario-pollarolo-storico-esponente-della-comunita-ebraica-di-vercelli\/\" \/>\n<meta property=\"og:locale\" content=\"it_IT\" \/>\n<meta property=\"og:type\" content=\"article\" \/>\n<meta property=\"og:title\" content=\"Muore a 100 anni Mario Pollarolo, storico esponente della comunit\u00e0 ebraica di Vercelli - Shalom\" \/>\n<meta property=\"og:description\" content=\"La comunit\u00e0 vercellese e tutta l\u2019Italia ebraica piangono la scomparsa di Mario Pollarolo, storico membro dell\u2019ebraismo del capoluogo piemontese. Nato nel 1925, Mario era figlio unico di Maria Sacerdote e Angelo Pollarolo. Proprio poche settimane fa, a met\u00e0 febbraio, aveva tagliato il traguardo dei cento anni. A dispetto dell\u2019et\u00e0 ha sempre avuto una grande lucidit\u00e0 [&hellip;]\" \/>\n<meta property=\"og:url\" content=\"https:\/\/www.shalom.it\/italia\/muore-a-100-anni-mario-pollarolo-storico-esponente-della-comunita-ebraica-di-vercelli\/\" \/>\n<meta property=\"og:site_name\" content=\"Shalom\" \/>\n<meta property=\"article:published_time\" content=\"2025-04-28T08:40:42+00:00\" \/>\n<meta property=\"article:modified_time\" content=\"2025-04-28T08:44:58+00:00\" \/>\n<meta property=\"og:image\" content=\"https:\/\/www.shalom.it\/wp-content\/uploads\/2025\/04\/mario-pollarolo.jpg\" \/>\n\t<meta property=\"og:image:width\" content=\"1333\" \/>\n\t<meta property=\"og:image:height\" content=\"750\" \/>\n\t<meta property=\"og:image:type\" content=\"image\/jpeg\" \/>\n<meta name=\"author\" content=\"Redazione\" \/>\n<meta name=\"twitter:card\" content=\"summary_large_image\" \/>\n<meta name=\"twitter:label1\" content=\"Scritto da\" \/>\n\t<meta name=\"twitter:data1\" content=\"Redazione\" \/>\n\t<meta name=\"twitter:label2\" content=\"Tempo di lettura stimato\" \/>\n\t<meta name=\"twitter:data2\" content=\"3 minuti\" \/>\n<script type=\"application\/ld+json\" class=\"yoast-schema-graph\">{\"@context\":\"https:\/\/schema.org\",\"@graph\":[{\"@type\":\"Article\",\"@id\":\"https:\/\/www.shalom.it\/italia\/muore-a-100-anni-mario-pollarolo-storico-esponente-della-comunita-ebraica-di-vercelli\/#article\",\"isPartOf\":{\"@id\":\"https:\/\/www.shalom.it\/italia\/muore-a-100-anni-mario-pollarolo-storico-esponente-della-comunita-ebraica-di-vercelli\/\"},\"author\":{\"name\":\"Redazione\",\"@id\":\"https:\/\/www.shalom.it\/#\/schema\/person\/d6d60e821a49d2a420ffe01f7af79dd8\"},\"headline\":\"Muore a 100 anni Mario Pollarolo, storico esponente della comunit\u00e0 ebraica di Vercelli\",\"datePublished\":\"2025-04-28T08:40:42+00:00\",\"dateModified\":\"2025-04-28T08:44:58+00:00\",\"mainEntityOfPage\":{\"@id\":\"https:\/\/www.shalom.it\/italia\/muore-a-100-anni-mario-pollarolo-storico-esponente-della-comunita-ebraica-di-vercelli\/\"},\"wordCount\":374,\"image\":{\"@id\":\"https:\/\/www.shalom.it\/italia\/muore-a-100-anni-mario-pollarolo-storico-esponente-della-comunita-ebraica-di-vercelli\/#primaryimage\"},\"thumbnailUrl\":\"https:\/\/www.shalom.it\/wp-content\/uploads\/2025\/04\/mario-pollarolo.jpg\",\"articleSection\":[\"ITALIA\"],\"inLanguage\":\"it-IT\"},{\"@type\":\"WebPage\",\"@id\":\"https:\/\/www.shalom.it\/italia\/muore-a-100-anni-mario-pollarolo-storico-esponente-della-comunita-ebraica-di-vercelli\/\",\"url\":\"https:\/\/www.shalom.it\/italia\/muore-a-100-anni-mario-pollarolo-storico-esponente-della-comunita-ebraica-di-vercelli\/\",\"name\":\"Muore a 100 anni Mario Pollarolo, storico esponente della comunit\u00e0 ebraica di Vercelli - Shalom\",\"isPartOf\":{\"@id\":\"https:\/\/www.shalom.it\/#website\"},\"primaryImageOfPage\":{\"@id\":\"https:\/\/www.shalom.it\/italia\/muore-a-100-anni-mario-pollarolo-storico-esponente-della-comunita-ebraica-di-vercelli\/#primaryimage\"},\"image\":{\"@id\":\"https:\/\/www.shalom.it\/italia\/muore-a-100-anni-mario-pollarolo-storico-esponente-della-comunita-ebraica-di-vercelli\/#primaryimage\"},\"thumbnailUrl\":\"https:\/\/www.shalom.it\/wp-content\/uploads\/2025\/04\/mario-pollarolo.jpg\",\"datePublished\":\"2025-04-28T08:40:42+00:00\",\"dateModified\":\"2025-04-28T08:44:58+00:00\",\"author\":{\"@id\":\"https:\/\/www.shalom.it\/#\/schema\/person\/d6d60e821a49d2a420ffe01f7af79dd8\"},\"breadcrumb\":{\"@id\":\"https:\/\/www.shalom.it\/italia\/muore-a-100-anni-mario-pollarolo-storico-esponente-della-comunita-ebraica-di-vercelli\/#breadcrumb\"},\"inLanguage\":\"it-IT\",\"potentialAction\":[{\"@type\":\"ReadAction\",\"target\":[\"https:\/\/www.shalom.it\/italia\/muore-a-100-anni-mario-pollarolo-storico-esponente-della-comunita-ebraica-di-vercelli\/\"]}]},{\"@type\":\"ImageObject\",\"inLanguage\":\"it-IT\",\"@id\":\"https:\/\/www.shalom.it\/italia\/muore-a-100-anni-mario-pollarolo-storico-esponente-della-comunita-ebraica-di-vercelli\/#primaryimage\",\"url\":\"https:\/\/www.shalom.it\/wp-content\/uploads\/2025\/04\/mario-pollarolo.jpg\",\"contentUrl\":\"https:\/\/www.shalom.it\/wp-content\/uploads\/2025\/04\/mario-pollarolo.jpg\",\"width\":1333,\"height\":750},{\"@type\":\"BreadcrumbList\",\"@id\":\"https:\/\/www.shalom.it\/italia\/muore-a-100-anni-mario-pollarolo-storico-esponente-della-comunita-ebraica-di-vercelli\/#breadcrumb\",\"itemListElement\":[{\"@type\":\"ListItem\",\"position\":1,\"name\":\"Home\",\"item\":\"https:\/\/www.shalom.it\/\"},{\"@type\":\"ListItem\",\"position\":2,\"name\":\"Muore a 100 anni Mario Pollarolo, storico esponente della comunit\u00e0 ebraica di Vercelli\"}]},{\"@type\":\"WebSite\",\"@id\":\"https:\/\/www.shalom.it\/#website\",\"url\":\"https:\/\/www.shalom.it\/\",\"name\":\"Shalom\",\"description\":\"Il Magazine della comunit\u00e0 ebraica di Roma\",\"potentialAction\":[{\"@type\":\"SearchAction\",\"target\":{\"@type\":\"EntryPoint\",\"urlTemplate\":\"https:\/\/www.shalom.it\/?s={search_term_string}\"},\"query-input\":{\"@type\":\"PropertyValueSpecification\",\"valueRequired\":true,\"valueName\":\"search_term_string\"}}],\"inLanguage\":\"it-IT\"},{\"@type\":\"Person\",\"@id\":\"https:\/\/www.shalom.it\/#\/schema\/person\/d6d60e821a49d2a420ffe01f7af79dd8\",\"name\":\"Redazione\",\"url\":\"https:\/\/www.shalom.it\/author\/redazione\/\"}]}<\/script>\n<!-- \/ Yoast SEO plugin. -->","yoast_head_json":{"title":"Muore a 100 anni Mario Pollarolo, storico esponente della comunit\u00e0 ebraica di Vercelli - Shalom","robots":{"index":"index","follow":"follow","max-snippet":"max-snippet:-1","max-image-preview":"max-image-preview:large","max-video-preview":"max-video-preview:-1"},"canonical":"https:\/\/www.shalom.it\/italia\/muore-a-100-anni-mario-pollarolo-storico-esponente-della-comunita-ebraica-di-vercelli\/","og_locale":"it_IT","og_type":"article","og_title":"Muore a 100 anni Mario Pollarolo, storico esponente della comunit\u00e0 ebraica di Vercelli - Shalom","og_description":"La comunit\u00e0 vercellese e tutta l\u2019Italia ebraica piangono la scomparsa di Mario Pollarolo, storico membro dell\u2019ebraismo del capoluogo piemontese. Nato nel 1925, Mario era figlio unico di Maria Sacerdote e Angelo Pollarolo. Proprio poche settimane fa, a met\u00e0 febbraio, aveva tagliato il traguardo dei cento anni. A dispetto dell\u2019et\u00e0 ha sempre avuto una grande lucidit\u00e0 [&hellip;]","og_url":"https:\/\/www.shalom.it\/italia\/muore-a-100-anni-mario-pollarolo-storico-esponente-della-comunita-ebraica-di-vercelli\/","og_site_name":"Shalom","article_published_time":"2025-04-28T08:40:42+00:00","article_modified_time":"2025-04-28T08:44:58+00:00","og_image":[{"width":1333,"height":750,"url":"https:\/\/www.shalom.it\/wp-content\/uploads\/2025\/04\/mario-pollarolo.jpg","type":"image\/jpeg"}],"author":"Redazione","twitter_card":"summary_large_image","twitter_misc":{"Scritto da":"Redazione","Tempo di lettura stimato":"3 minuti"},"schema":{"@context":"https:\/\/schema.org","@graph":[{"@type":"Article","@id":"https:\/\/www.shalom.it\/italia\/muore-a-100-anni-mario-pollarolo-storico-esponente-della-comunita-ebraica-di-vercelli\/#article","isPartOf":{"@id":"https:\/\/www.shalom.it\/italia\/muore-a-100-anni-mario-pollarolo-storico-esponente-della-comunita-ebraica-di-vercelli\/"},"author":{"name":"Redazione","@id":"https:\/\/www.shalom.it\/#\/schema\/person\/d6d60e821a49d2a420ffe01f7af79dd8"},"headline":"Muore a 100 anni Mario Pollarolo, storico esponente della comunit\u00e0 ebraica di Vercelli","datePublished":"2025-04-28T08:40:42+00:00","dateModified":"2025-04-28T08:44:58+00:00","mainEntityOfPage":{"@id":"https:\/\/www.shalom.it\/italia\/muore-a-100-anni-mario-pollarolo-storico-esponente-della-comunita-ebraica-di-vercelli\/"},"wordCount":374,"image":{"@id":"https:\/\/www.shalom.it\/italia\/muore-a-100-anni-mario-pollarolo-storico-esponente-della-comunita-ebraica-di-vercelli\/#primaryimage"},"thumbnailUrl":"https:\/\/www.shalom.it\/wp-content\/uploads\/2025\/04\/mario-pollarolo.jpg","articleSection":["ITALIA"],"inLanguage":"it-IT"},{"@type":"WebPage","@id":"https:\/\/www.shalom.it\/italia\/muore-a-100-anni-mario-pollarolo-storico-esponente-della-comunita-ebraica-di-vercelli\/","url":"https:\/\/www.shalom.it\/italia\/muore-a-100-anni-mario-pollarolo-storico-esponente-della-comunita-ebraica-di-vercelli\/","name":"Muore a 100 anni Mario Pollarolo, storico esponente della comunit\u00e0 ebraica di Vercelli - Shalom","isPartOf":{"@id":"https:\/\/www.shalom.it\/#website"},"primaryImageOfPage":{"@id":"https:\/\/www.shalom.it\/italia\/muore-a-100-anni-mario-pollarolo-storico-esponente-della-comunita-ebraica-di-vercelli\/#primaryimage"},"image":{"@id":"https:\/\/www.shalom.it\/italia\/muore-a-100-anni-mario-pollarolo-storico-esponente-della-comunita-ebraica-di-vercelli\/#primaryimage"},"thumbnailUrl":"https:\/\/www.shalom.it\/wp-content\/uploads\/2025\/04\/mario-pollarolo.jpg","datePublished":"2025-04-28T08:40:42+00:00","dateModified":"2025-04-28T08:44:58+00:00","author":{"@id":"https:\/\/www.shalom.it\/#\/schema\/person\/d6d60e821a49d2a420ffe01f7af79dd8"},"breadcrumb":{"@id":"https:\/\/www.shalom.it\/italia\/muore-a-100-anni-mario-pollarolo-storico-esponente-della-comunita-ebraica-di-vercelli\/#breadcrumb"},"inLanguage":"it-IT","potentialAction":[{"@type":"ReadAction","target":["https:\/\/www.shalom.it\/italia\/muore-a-100-anni-mario-pollarolo-storico-esponente-della-comunita-ebraica-di-vercelli\/"]}]},{"@type":"ImageObject","inLanguage":"it-IT","@id":"https:\/\/www.shalom.it\/italia\/muore-a-100-anni-mario-pollarolo-storico-esponente-della-comunita-ebraica-di-vercelli\/#primaryimage","url":"https:\/\/www.shalom.it\/wp-content\/uploads\/2025\/04\/mario-pollarolo.jpg","contentUrl":"https:\/\/www.shalom.it\/wp-content\/uploads\/2025\/04\/mario-pollarolo.jpg","width":1333,"height":750},{"@type":"BreadcrumbList","@id":"https:\/\/www.shalom.it\/italia\/muore-a-100-anni-mario-pollarolo-storico-esponente-della-comunita-ebraica-di-vercelli\/#breadcrumb","itemListElement":[{"@type":"ListItem","position":1,"name":"Home","item":"https:\/\/www.shalom.it\/"},{"@type":"ListItem","position":2,"name":"Muore a 100 anni Mario Pollarolo, storico esponente della comunit\u00e0 ebraica di Vercelli"}]},{"@type":"WebSite","@id":"https:\/\/www.shalom.it\/#website","url":"https:\/\/www.shalom.it\/","name":"Shalom","description":"Il Magazine della comunit\u00e0 ebraica di Roma","potentialAction":[{"@type":"SearchAction","target":{"@type":"EntryPoint","urlTemplate":"https:\/\/www.shalom.it\/?s={search_term_string}"},"query-input":{"@type":"PropertyValueSpecification","valueRequired":true,"valueName":"search_term_string"}}],"inLanguage":"it-IT"},{"@type":"Person","@id":"https:\/\/www.shalom.it\/#\/schema\/person\/d6d60e821a49d2a420ffe01f7af79dd8","name":"Redazione","url":"https:\/\/www.shalom.it\/author\/redazione\/"}]}},"jetpack_featured_media_url":"https:\/\/www.shalom.it\/wp-content\/uploads\/2025\/04\/mario-pollarolo.jpg","jetpack_sharing_enabled":true,"_links":{"self":[{"href":"https:\/\/www.shalom.it\/wp-json\/wp\/v2\/posts\/102763","targetHints":{"allow":["GET"]}}],"collection":[{"href":"https:\/\/www.shalom.it\/wp-json\/wp\/v2\/posts"}],"about":[{"href":"https:\/\/www.shalom.it\/wp-json\/wp\/v2\/types\/post"}],"author":[{"embeddable":true,"href":"https:\/\/www.shalom.it\/wp-json\/wp\/v2\/users\/3"}],"replies":[{"embeddable":true,"href":"https:\/\/www.shalom.it\/wp-json\/wp\/v2\/comments?post=102763"}],"version-history":[{"count":2,"href":"https:\/\/www.shalom.it\/wp-json\/wp\/v2\/posts\/102763\/revisions"}],"predecessor-version":[{"id":102767,"href":"https:\/\/www.shalom.it\/wp-json\/wp\/v2\/posts\/102763\/revisions\/102767"}],"wp:featuredmedia":[{"embeddable":true,"href":"https:\/\/www.shalom.it\/wp-json\/wp\/v2\/media\/102764"}],"wp:attachment":[{"href":"https:\/\/www.shalom.it\/wp-json\/wp\/v2\/media?parent=102763"}],"wp:term":[{"taxonomy":"category","embeddable":true,"href":"https:\/\/www.shalom.it\/wp-json\/wp\/v2\/categories?post=102763"},{"taxonomy":"post_tag","embeddable":true,"href":"https:\/\/www.shalom.it\/wp-json\/wp\/v2\/tags?post=102763"}],"curies":[{"name":"wp","href":"https:\/\/api.w.org\/{rel}","templated":true}]}}