{"id":101871,"date":"2025-04-21T08:00:32","date_gmt":"2025-04-21T06:00:32","guid":{"rendered":"https:\/\/www.shalom.it\/?p=101871"},"modified":"2025-04-20T22:04:04","modified_gmt":"2025-04-20T20:04:04","slug":"rav-toaff-direttore-del-collegio-rabbinico-italiano-unesperienza-di-cuore-e-saggezza","status":"publish","type":"post","link":"https:\/\/www.shalom.it\/roma-ebraica\/rav-toaff-direttore-del-collegio-rabbinico-italiano-unesperienza-di-cuore-e-saggezza\/","title":{"rendered":"Rav Toaff direttore del Collegio Rabbinico Italiano: un\u2019esperienza di cuore e saggezza"},"content":{"rendered":"<p style=\"font-weight: 400;\">Rav Elio Toaff z.l. \u00e8 ricordato spesso come il rabbino capo di Roma per 50 anni, dal 1951 al 2001, un record nell\u2019Italia del XX secolo e in Europa. Ma Rav Toaff fu anche il direttore del Collegio Rabbinico Italiano, carica che ricopr\u00ec per\u00f2 solo dal 1963 in poi. Quale il motivo della dilazione? Si reput\u00f2 che il rabbino trentaseienne non fosse abbastanza esperto da dirigere il Collegio.<\/p>\n<p style=\"font-weight: 400;\">Il Collegio Rabbinico era nato a Padova nel 1829 e fra i suoi docenti annoverava il famoso Samuel David Luzzatto (Shadal). Con la sua morte nel 1865, il Collegio vide un grave declino e nel 1887 fu trasferito a Roma, citt\u00e0 pi\u00f9 attrattiva, sotto la direzione di Rav Mos\u00e8 Levi Ehrenreich, rabbino capo di Roma. Ehrenreich per\u00f2 era gi\u00e0 anziano e non in buona salute, e nel gennaio del 1899 il Collegio fu trasferito a Firenze sotto la direzione di Rav Margulies, rabbino capo della citt\u00e0 che faceva faville nell\u2019educazione ebraica. Con l\u2019improvvisa morte di Margulies nel 1922, il Collegio vivacchi\u00f2 per un po\u2019 a Firenze finch\u00e9 fu deciso di farlo tornare a Roma nel 1933 al seguito del suo insegnante di punta, Umberto Cassuto, sotto la direzione di Rav Angelo Sacerdoti, rabbino capo di Roma.<\/p>\n<p style=\"font-weight: 400;\">Dopo la scomparsa di Sacerdoti nel 1935, la direzione del Collegio fu assunta nel \u201937 dal nuovo rabbino capo di Roma, David Prato, che a causa del fascismo dovette emigrare in Eretz Israel alla fine del \u201938, per poi tornare a Roma a guerra finita come rabbino capo e direttore. Prato risollev\u00f2 le sorti del Collegio e della Comunit\u00e0 dagli sconquassi, in tutti i sensi, causati dalle persecuzioni nazifasciste.<\/p>\n<p style=\"font-weight: 400;\">Quando Prato mor\u00ec nel marzo 1951, e ancora non si sapeva chi sarebbe stato il suo successore (Toaff sciolse le riserve solo nell\u2019agosto di quell\u2019anno), l\u2019Unione delle Comunit\u00e0 Israelitiche Italiane che amministrava il Collegio propose la direzione a Dante Lattes, il quale per\u00f2 declin\u00f2 l\u2019offerta mantenendo la responsabilit\u00e0 solo del Seminario Almagi\u00e0. I corsi rabbinici e gli allievi furono allora trasferiti a Torino, dove il rabbino capo Dario Disegni aveva messo su una Scuola Rabbinica intitolata al suo maestro Margulies. Disegni fu designato direttore pro-tempore del Collegio. Nel 1955 il Collegio fu riportato a Roma sotto la direzione di Rav Alfredo S. Toaff, presidente della Consulta rabbinica e padre di Elio. Docenti a Roma erano Rav Elio Toaff stesso e Rav Yehud\u00e0 Pavoncello (per noi romani, il Mor\u00e8 Nello). Solo alcuni allievi della Scuola di Torino vennero a Roma, molti rimasero sotto la guida di Rav Disegni.<\/p>\n<p style=\"font-weight: 400;\">Finalmente nel 1963, con la morte di Rav Toaff padre, la direzione del Collegio fu assunta da Rav Toaff junior, ormai divenuto abbastanza senior da poter guidare, con pieni poteri, l\u2019istituto nato a Padova. Fu proprio con i due rabbini Toaff che si realizz\u00f2 de facto la fusione dei Collegi rabbinici, quello di Livorno che era stato sotto l\u2019influenza del grande Benamozegh e quello di Shadal e di Margulies. I tentativi di unificarli messi in atto nei primi decenni del Novecento erano infatti sempre stati infruttuosi.<\/p>\n<p style=\"font-weight: 400;\">Studiare al Collegio rabbinico con Rav Toaff era una esperienza tutta particolare. Negli ultimi tempi della sua direzione (primi anni \u201990), a causa dell\u2019et\u00e0, le lezioni si svolgevano a casa del Rabbino, attorno a un tavolo tondo, il che dava una connotazione meno formale allo studio. Toaff aveva la rara capacit\u00e0 di intercalare le spiegazioni dei testi con racconti legati alla propria esperienza personale. A volte si diceva fra noi allievi: \u201cChiss\u00e0 cosa ci racconter\u00e0 oggi il Rabbino!\u201d. Sentire dalla voce dei Maestri come si erano confrontati con i casi in cui si erano imbattuti rappresentava un aspetto fondamentale nella fase di apprendimento.<\/p>\n<p style=\"font-weight: 400;\">Nel 1995, a 80 anni, Toaff decise che era arrivato il momento di passare le consegne della direzione (e sei anni dopo anche quelle della cattedra rabbinica).<\/p>\n<p style=\"font-weight: 400;\">Chiss\u00e0 se Rav Toaff fece mai caso che la sua direzione del Collegio era durata 32 anni. In ebraico 32 equivale alla parola <em>lev<\/em> (=cuore) e il cuore certamente ce lo metteva. Ma 32 \u00e8 anche il numero delle vie della saggezza, come recitiamo nel popolare inno Bar Yochai, diffuso fra gli ebrei romani, livornesi e tripolini: <em>shelosh \u00ecmusht\u00e0im netiv\u00f2t\u2026<\/em><\/p>\n<p style=\"font-weight: 400;\">\n<p style=\"font-weight: 400;\"><em>Didascalia foto: Rav Toaff con uno dei suoi numerosi allievi, Rav Funaro (Festa in Piazza 1981 \u2013 foto gds)<\/em><\/p>\n<p style=\"font-weight: 400;\">\n","protected":false},"excerpt":{"rendered":"<p>Rav Elio Toaff z.l. \u00e8 ricordato spesso come il rabbino capo di Roma per 50 anni, dal 1951 al 2001, un record nell\u2019Italia del XX secolo e in Europa. Ma Rav Toaff fu anche il direttore del Collegio Rabbinico Italiano, carica che ricopr\u00ec per\u00f2 solo dal 1963 in poi. Quale il motivo della dilazione? Si [&hellip;]<\/p>\n","protected":false},"author":37,"featured_media":101872,"comment_status":"closed","ping_status":"closed","sticky":false,"template":"","format":"standard","meta":{"_acf_changed":false,"_jetpack_memberships_contains_paid_content":false,"footnotes":""},"categories":[2],"tags":[],"class_list":["post-101871","post","type-post","status-publish","format-standard","has-post-thumbnail","hentry","category-roma-ebraica"],"acf":[],"yoast_head":"<!-- This site is optimized with the Yoast SEO plugin v26.9 - https:\/\/yoast.com\/product\/yoast-seo-wordpress\/ -->\n<title>Rav Toaff direttore del Collegio Rabbinico Italiano: un\u2019esperienza di cuore e saggezza - Shalom<\/title>\n<meta name=\"robots\" content=\"index, follow, max-snippet:-1, max-image-preview:large, max-video-preview:-1\" \/>\n<link rel=\"canonical\" href=\"https:\/\/www.shalom.it\/roma-ebraica\/rav-toaff-direttore-del-collegio-rabbinico-italiano-unesperienza-di-cuore-e-saggezza\/\" \/>\n<meta property=\"og:locale\" content=\"it_IT\" \/>\n<meta property=\"og:type\" content=\"article\" \/>\n<meta property=\"og:title\" content=\"Rav Toaff direttore del Collegio Rabbinico Italiano: un\u2019esperienza di cuore e saggezza - Shalom\" \/>\n<meta property=\"og:description\" content=\"Rav Elio Toaff z.l. \u00e8 ricordato spesso come il rabbino capo di Roma per 50 anni, dal 1951 al 2001, un record nell\u2019Italia del XX secolo e in Europa. Ma Rav Toaff fu anche il direttore del Collegio Rabbinico Italiano, carica che ricopr\u00ec per\u00f2 solo dal 1963 in poi. Quale il motivo della dilazione? Si [&hellip;]\" \/>\n<meta property=\"og:url\" content=\"https:\/\/www.shalom.it\/roma-ebraica\/rav-toaff-direttore-del-collegio-rabbinico-italiano-unesperienza-di-cuore-e-saggezza\/\" \/>\n<meta property=\"og:site_name\" content=\"Shalom\" \/>\n<meta property=\"article:published_time\" content=\"2025-04-21T06:00:32+00:00\" \/>\n<meta property=\"og:image\" content=\"https:\/\/www.shalom.it\/wp-content\/uploads\/2025\/04\/Gianfranco-Di-Segni_ricordo-Toaff.jpg\" \/>\n\t<meta property=\"og:image:width\" content=\"937\" \/>\n\t<meta property=\"og:image:height\" content=\"750\" \/>\n\t<meta property=\"og:image:type\" content=\"image\/jpeg\" \/>\n<meta name=\"author\" content=\"Donato Moscati\" \/>\n<meta name=\"twitter:card\" content=\"summary_large_image\" \/>\n<meta name=\"twitter:label1\" content=\"Scritto da\" \/>\n\t<meta name=\"twitter:data1\" content=\"Donato Moscati\" \/>\n\t<meta name=\"twitter:label2\" content=\"Tempo di lettura stimato\" \/>\n\t<meta name=\"twitter:data2\" content=\"4 minuti\" \/>\n<script type=\"application\/ld+json\" class=\"yoast-schema-graph\">{\"@context\":\"https:\/\/schema.org\",\"@graph\":[{\"@type\":\"Article\",\"@id\":\"https:\/\/www.shalom.it\/roma-ebraica\/rav-toaff-direttore-del-collegio-rabbinico-italiano-unesperienza-di-cuore-e-saggezza\/#article\",\"isPartOf\":{\"@id\":\"https:\/\/www.shalom.it\/roma-ebraica\/rav-toaff-direttore-del-collegio-rabbinico-italiano-unesperienza-di-cuore-e-saggezza\/\"},\"author\":{\"name\":\"Donato Moscati\",\"@id\":\"https:\/\/www.shalom.it\/#\/schema\/person\/13ae4cec9003e7d1f15e729be3eda88f\"},\"headline\":\"Rav Toaff direttore del Collegio Rabbinico Italiano: un\u2019esperienza di cuore e saggezza\",\"datePublished\":\"2025-04-21T06:00:32+00:00\",\"mainEntityOfPage\":{\"@id\":\"https:\/\/www.shalom.it\/roma-ebraica\/rav-toaff-direttore-del-collegio-rabbinico-italiano-unesperienza-di-cuore-e-saggezza\/\"},\"wordCount\":715,\"image\":{\"@id\":\"https:\/\/www.shalom.it\/roma-ebraica\/rav-toaff-direttore-del-collegio-rabbinico-italiano-unesperienza-di-cuore-e-saggezza\/#primaryimage\"},\"thumbnailUrl\":\"https:\/\/www.shalom.it\/wp-content\/uploads\/2025\/04\/Gianfranco-Di-Segni_ricordo-Toaff.jpg\",\"articleSection\":[\"ROMA EBRAICA\"],\"inLanguage\":\"it-IT\"},{\"@type\":\"WebPage\",\"@id\":\"https:\/\/www.shalom.it\/roma-ebraica\/rav-toaff-direttore-del-collegio-rabbinico-italiano-unesperienza-di-cuore-e-saggezza\/\",\"url\":\"https:\/\/www.shalom.it\/roma-ebraica\/rav-toaff-direttore-del-collegio-rabbinico-italiano-unesperienza-di-cuore-e-saggezza\/\",\"name\":\"Rav Toaff direttore del Collegio Rabbinico Italiano: un\u2019esperienza di cuore e saggezza - Shalom\",\"isPartOf\":{\"@id\":\"https:\/\/www.shalom.it\/#website\"},\"primaryImageOfPage\":{\"@id\":\"https:\/\/www.shalom.it\/roma-ebraica\/rav-toaff-direttore-del-collegio-rabbinico-italiano-unesperienza-di-cuore-e-saggezza\/#primaryimage\"},\"image\":{\"@id\":\"https:\/\/www.shalom.it\/roma-ebraica\/rav-toaff-direttore-del-collegio-rabbinico-italiano-unesperienza-di-cuore-e-saggezza\/#primaryimage\"},\"thumbnailUrl\":\"https:\/\/www.shalom.it\/wp-content\/uploads\/2025\/04\/Gianfranco-Di-Segni_ricordo-Toaff.jpg\",\"datePublished\":\"2025-04-21T06:00:32+00:00\",\"author\":{\"@id\":\"https:\/\/www.shalom.it\/#\/schema\/person\/13ae4cec9003e7d1f15e729be3eda88f\"},\"breadcrumb\":{\"@id\":\"https:\/\/www.shalom.it\/roma-ebraica\/rav-toaff-direttore-del-collegio-rabbinico-italiano-unesperienza-di-cuore-e-saggezza\/#breadcrumb\"},\"inLanguage\":\"it-IT\",\"potentialAction\":[{\"@type\":\"ReadAction\",\"target\":[\"https:\/\/www.shalom.it\/roma-ebraica\/rav-toaff-direttore-del-collegio-rabbinico-italiano-unesperienza-di-cuore-e-saggezza\/\"]}]},{\"@type\":\"ImageObject\",\"inLanguage\":\"it-IT\",\"@id\":\"https:\/\/www.shalom.it\/roma-ebraica\/rav-toaff-direttore-del-collegio-rabbinico-italiano-unesperienza-di-cuore-e-saggezza\/#primaryimage\",\"url\":\"https:\/\/www.shalom.it\/wp-content\/uploads\/2025\/04\/Gianfranco-Di-Segni_ricordo-Toaff.jpg\",\"contentUrl\":\"https:\/\/www.shalom.it\/wp-content\/uploads\/2025\/04\/Gianfranco-Di-Segni_ricordo-Toaff.jpg\",\"width\":937,\"height\":750},{\"@type\":\"BreadcrumbList\",\"@id\":\"https:\/\/www.shalom.it\/roma-ebraica\/rav-toaff-direttore-del-collegio-rabbinico-italiano-unesperienza-di-cuore-e-saggezza\/#breadcrumb\",\"itemListElement\":[{\"@type\":\"ListItem\",\"position\":1,\"name\":\"Home\",\"item\":\"https:\/\/www.shalom.it\/\"},{\"@type\":\"ListItem\",\"position\":2,\"name\":\"Rav Toaff direttore del Collegio Rabbinico Italiano: un\u2019esperienza di cuore e saggezza\"}]},{\"@type\":\"WebSite\",\"@id\":\"https:\/\/www.shalom.it\/#website\",\"url\":\"https:\/\/www.shalom.it\/\",\"name\":\"Shalom\",\"description\":\"Il Magazine della comunit\u00e0 ebraica di Roma\",\"potentialAction\":[{\"@type\":\"SearchAction\",\"target\":{\"@type\":\"EntryPoint\",\"urlTemplate\":\"https:\/\/www.shalom.it\/?s={search_term_string}\"},\"query-input\":{\"@type\":\"PropertyValueSpecification\",\"valueRequired\":true,\"valueName\":\"search_term_string\"}}],\"inLanguage\":\"it-IT\"},{\"@type\":\"Person\",\"@id\":\"https:\/\/www.shalom.it\/#\/schema\/person\/13ae4cec9003e7d1f15e729be3eda88f\",\"name\":\"Donato Moscati\",\"url\":\"https:\/\/www.shalom.it\/author\/mdonato\/\"}]}<\/script>\n<!-- \/ Yoast SEO plugin. -->","yoast_head_json":{"title":"Rav Toaff direttore del Collegio Rabbinico Italiano: un\u2019esperienza di cuore e saggezza - Shalom","robots":{"index":"index","follow":"follow","max-snippet":"max-snippet:-1","max-image-preview":"max-image-preview:large","max-video-preview":"max-video-preview:-1"},"canonical":"https:\/\/www.shalom.it\/roma-ebraica\/rav-toaff-direttore-del-collegio-rabbinico-italiano-unesperienza-di-cuore-e-saggezza\/","og_locale":"it_IT","og_type":"article","og_title":"Rav Toaff direttore del Collegio Rabbinico Italiano: un\u2019esperienza di cuore e saggezza - Shalom","og_description":"Rav Elio Toaff z.l. \u00e8 ricordato spesso come il rabbino capo di Roma per 50 anni, dal 1951 al 2001, un record nell\u2019Italia del XX secolo e in Europa. Ma Rav Toaff fu anche il direttore del Collegio Rabbinico Italiano, carica che ricopr\u00ec per\u00f2 solo dal 1963 in poi. Quale il motivo della dilazione? Si [&hellip;]","og_url":"https:\/\/www.shalom.it\/roma-ebraica\/rav-toaff-direttore-del-collegio-rabbinico-italiano-unesperienza-di-cuore-e-saggezza\/","og_site_name":"Shalom","article_published_time":"2025-04-21T06:00:32+00:00","og_image":[{"width":937,"height":750,"url":"https:\/\/www.shalom.it\/wp-content\/uploads\/2025\/04\/Gianfranco-Di-Segni_ricordo-Toaff.jpg","type":"image\/jpeg"}],"author":"Donato Moscati","twitter_card":"summary_large_image","twitter_misc":{"Scritto da":"Donato Moscati","Tempo di lettura stimato":"4 minuti"},"schema":{"@context":"https:\/\/schema.org","@graph":[{"@type":"Article","@id":"https:\/\/www.shalom.it\/roma-ebraica\/rav-toaff-direttore-del-collegio-rabbinico-italiano-unesperienza-di-cuore-e-saggezza\/#article","isPartOf":{"@id":"https:\/\/www.shalom.it\/roma-ebraica\/rav-toaff-direttore-del-collegio-rabbinico-italiano-unesperienza-di-cuore-e-saggezza\/"},"author":{"name":"Donato Moscati","@id":"https:\/\/www.shalom.it\/#\/schema\/person\/13ae4cec9003e7d1f15e729be3eda88f"},"headline":"Rav Toaff direttore del Collegio Rabbinico Italiano: un\u2019esperienza di cuore e saggezza","datePublished":"2025-04-21T06:00:32+00:00","mainEntityOfPage":{"@id":"https:\/\/www.shalom.it\/roma-ebraica\/rav-toaff-direttore-del-collegio-rabbinico-italiano-unesperienza-di-cuore-e-saggezza\/"},"wordCount":715,"image":{"@id":"https:\/\/www.shalom.it\/roma-ebraica\/rav-toaff-direttore-del-collegio-rabbinico-italiano-unesperienza-di-cuore-e-saggezza\/#primaryimage"},"thumbnailUrl":"https:\/\/www.shalom.it\/wp-content\/uploads\/2025\/04\/Gianfranco-Di-Segni_ricordo-Toaff.jpg","articleSection":["ROMA EBRAICA"],"inLanguage":"it-IT"},{"@type":"WebPage","@id":"https:\/\/www.shalom.it\/roma-ebraica\/rav-toaff-direttore-del-collegio-rabbinico-italiano-unesperienza-di-cuore-e-saggezza\/","url":"https:\/\/www.shalom.it\/roma-ebraica\/rav-toaff-direttore-del-collegio-rabbinico-italiano-unesperienza-di-cuore-e-saggezza\/","name":"Rav Toaff direttore del Collegio Rabbinico Italiano: un\u2019esperienza di cuore e saggezza - Shalom","isPartOf":{"@id":"https:\/\/www.shalom.it\/#website"},"primaryImageOfPage":{"@id":"https:\/\/www.shalom.it\/roma-ebraica\/rav-toaff-direttore-del-collegio-rabbinico-italiano-unesperienza-di-cuore-e-saggezza\/#primaryimage"},"image":{"@id":"https:\/\/www.shalom.it\/roma-ebraica\/rav-toaff-direttore-del-collegio-rabbinico-italiano-unesperienza-di-cuore-e-saggezza\/#primaryimage"},"thumbnailUrl":"https:\/\/www.shalom.it\/wp-content\/uploads\/2025\/04\/Gianfranco-Di-Segni_ricordo-Toaff.jpg","datePublished":"2025-04-21T06:00:32+00:00","author":{"@id":"https:\/\/www.shalom.it\/#\/schema\/person\/13ae4cec9003e7d1f15e729be3eda88f"},"breadcrumb":{"@id":"https:\/\/www.shalom.it\/roma-ebraica\/rav-toaff-direttore-del-collegio-rabbinico-italiano-unesperienza-di-cuore-e-saggezza\/#breadcrumb"},"inLanguage":"it-IT","potentialAction":[{"@type":"ReadAction","target":["https:\/\/www.shalom.it\/roma-ebraica\/rav-toaff-direttore-del-collegio-rabbinico-italiano-unesperienza-di-cuore-e-saggezza\/"]}]},{"@type":"ImageObject","inLanguage":"it-IT","@id":"https:\/\/www.shalom.it\/roma-ebraica\/rav-toaff-direttore-del-collegio-rabbinico-italiano-unesperienza-di-cuore-e-saggezza\/#primaryimage","url":"https:\/\/www.shalom.it\/wp-content\/uploads\/2025\/04\/Gianfranco-Di-Segni_ricordo-Toaff.jpg","contentUrl":"https:\/\/www.shalom.it\/wp-content\/uploads\/2025\/04\/Gianfranco-Di-Segni_ricordo-Toaff.jpg","width":937,"height":750},{"@type":"BreadcrumbList","@id":"https:\/\/www.shalom.it\/roma-ebraica\/rav-toaff-direttore-del-collegio-rabbinico-italiano-unesperienza-di-cuore-e-saggezza\/#breadcrumb","itemListElement":[{"@type":"ListItem","position":1,"name":"Home","item":"https:\/\/www.shalom.it\/"},{"@type":"ListItem","position":2,"name":"Rav Toaff direttore del Collegio Rabbinico Italiano: un\u2019esperienza di cuore e saggezza"}]},{"@type":"WebSite","@id":"https:\/\/www.shalom.it\/#website","url":"https:\/\/www.shalom.it\/","name":"Shalom","description":"Il Magazine della comunit\u00e0 ebraica di Roma","potentialAction":[{"@type":"SearchAction","target":{"@type":"EntryPoint","urlTemplate":"https:\/\/www.shalom.it\/?s={search_term_string}"},"query-input":{"@type":"PropertyValueSpecification","valueRequired":true,"valueName":"search_term_string"}}],"inLanguage":"it-IT"},{"@type":"Person","@id":"https:\/\/www.shalom.it\/#\/schema\/person\/13ae4cec9003e7d1f15e729be3eda88f","name":"Donato Moscati","url":"https:\/\/www.shalom.it\/author\/mdonato\/"}]}},"jetpack_featured_media_url":"https:\/\/www.shalom.it\/wp-content\/uploads\/2025\/04\/Gianfranco-Di-Segni_ricordo-Toaff.jpg","jetpack_sharing_enabled":true,"_links":{"self":[{"href":"https:\/\/www.shalom.it\/wp-json\/wp\/v2\/posts\/101871","targetHints":{"allow":["GET"]}}],"collection":[{"href":"https:\/\/www.shalom.it\/wp-json\/wp\/v2\/posts"}],"about":[{"href":"https:\/\/www.shalom.it\/wp-json\/wp\/v2\/types\/post"}],"author":[{"embeddable":true,"href":"https:\/\/www.shalom.it\/wp-json\/wp\/v2\/users\/37"}],"replies":[{"embeddable":true,"href":"https:\/\/www.shalom.it\/wp-json\/wp\/v2\/comments?post=101871"}],"version-history":[{"count":1,"href":"https:\/\/www.shalom.it\/wp-json\/wp\/v2\/posts\/101871\/revisions"}],"predecessor-version":[{"id":101873,"href":"https:\/\/www.shalom.it\/wp-json\/wp\/v2\/posts\/101871\/revisions\/101873"}],"wp:featuredmedia":[{"embeddable":true,"href":"https:\/\/www.shalom.it\/wp-json\/wp\/v2\/media\/101872"}],"wp:attachment":[{"href":"https:\/\/www.shalom.it\/wp-json\/wp\/v2\/media?parent=101871"}],"wp:term":[{"taxonomy":"category","embeddable":true,"href":"https:\/\/www.shalom.it\/wp-json\/wp\/v2\/categories?post=101871"},{"taxonomy":"post_tag","embeddable":true,"href":"https:\/\/www.shalom.it\/wp-json\/wp\/v2\/tags?post=101871"}],"curies":[{"name":"wp","href":"https:\/\/api.w.org\/{rel}","templated":true}]}}